{"id":69147,"date":"2024-05-15T11:02:25","date_gmt":"2024-05-15T09:02:25","guid":{"rendered":"https:\/\/miradordeatarfe.es\/?p=69147"},"modified":"2024-06-02T12:21:52","modified_gmt":"2024-06-02T10:21:52","slug":"jueces-por-alberto-granados-2","status":"publish","type":"post","link":"https:\/\/miradordeatarfe.es\/?p=69147","title":{"rendered":"\u00abJUECES\u00bb por Alberto Granados"},"content":{"rendered":"<h3>ART\u00cdCULO PUBLICADO EN LA P\u00c1GINA WEB DE NUESTRO COLABORADOR EN SU P\u00c1GINA WEB\u00a0 EN DICIEMBRE DE 2022 QUE SIGUE DE ACTUALIDAD<\/h3>\n<p class=\"has-black-color has-text-color\" style=\"text-align: justify;\">Sobre el papel, la justicia es ciega y se supone que los jueces que la imparten reflejan esa ceguera en una palpable dosis de imparcialidad, ecuanimidad, ausencia de intereses personales de car\u00e1cter ideol\u00f3gico, religioso o de cualquier otra \u00edndole.<\/p>\n<p class=\"has-black-color has-text-color\" style=\"text-align: justify;\">El instrumento de la Justicia es, en las representaciones aleg\u00f3ricas, la balanza, algo que requiere un equilibrio perfecto, es decir, que tiene un fiel que jam\u00e1s deber\u00eda desviarse hacia ninguna de las partes litigantes. Pero eso sucede solo sobre el papel, en la capacidad significativa que adquiere toda alegor\u00eda. La realidad es bien distinta desde siempre.\u00a0 Quevedo hizo un retrato mucho m\u00e1s despiadado de la realidad judicial en su obra <em>Los sue\u00f1os<\/em>, en que la parcialidad, la venalidad y la prevaricaci\u00f3n aparec\u00edan como la pr\u00e1ctica m\u00e1s extendida en la impartici\u00f3n de la Justicia, que de esta forma dejaba de serlo para convertirse en un juego de intereses y poderes que alejaban y desviaban ese ideal fiel de la balanza en favor de la parte m\u00e1s poderosa, m\u00e1s rica, m\u00e1s pr\u00f3xima al juez. Una conocid\u00edsima letrilla, tambi\u00e9n de Quevedo, resume la visi\u00f3n del poeta:<\/p>\n<p class=\"has-black-color has-text-color\" style=\"text-align: justify;\">\u00a0\u00a0\u00a0\u00a0\u00a0\u00a0\u00a0\u00a0\u00a0 <em>Por importar en los tratos<\/em><br \/>\n<em>y dar tan buenos consejos<\/em><br \/>\n<em>en las casas de los viejos<\/em><br \/>\n<em>gatos lo guardan de gatos;<\/em><br \/>\n<em>y, pues \u00e9l rompe recatos<\/em><br \/>\n<em>y ablanda al juez m\u00e1s severo,<\/em><br \/>\n<em>poderoso caballero<\/em><br \/>\n<em>es don Dinero.<\/em><\/p>\n<p class=\"has-black-color has-text-color\" style=\"text-align: justify;\">\u00a0\u00a0\u00a0\u00a0\u00a0 Mucho m\u00e1s recientemente, el exalcalde de Jerez, Pedro Pacheco, se enfrent\u00f3 a los tribunales por decir p\u00fablicamente algo que todos hemos pensado alguna vez: que <em>la Justicia es un cachondeo<\/em>.<\/p>\n<p style=\"text-align: justify;\"><img data-recalc-dims=\"1\" loading=\"lazy\" decoding=\"async\" class=\"wp-image-8860\" src=\"https:\/\/albertogranados.files.wordpress.com\/2022\/12\/principal_tribunal-de-las-aguas-de-valencia_foto-unesco.org_-672x372-1.jpg?resize=640%2C354\" sizes=\"auto, (max-width: 672px) 100vw, 672px\" srcset=\"https:\/\/albertogranados.files.wordpress.com\/2022\/12\/principal_tribunal-de-las-aguas-de-valencia_foto-unesco.org_-672x372-1.jpg 672w, https:\/\/albertogranados.files.wordpress.com\/2022\/12\/principal_tribunal-de-las-aguas-de-valencia_foto-unesco.org_-672x372-1.jpg?w=150&amp;h=83 150w, https:\/\/albertogranados.files.wordpress.com\/2022\/12\/principal_tribunal-de-las-aguas-de-valencia_foto-unesco.org_-672x372-1.jpg?w=300&amp;h=166 300w\" alt=\"\" width=\"640\" height=\"354\" data-attachment-id=\"8860\" data-permalink=\"https:\/\/albertogranados.wordpress.com\/2022\/12\/17\/jueces\/principal_tribunal-de-las-aguas-de-valencia_foto-unesco-org_-672x372\/\" data-orig-file=\"https:\/\/albertogranados.files.wordpress.com\/2022\/12\/principal_tribunal-de-las-aguas-de-valencia_foto-unesco.org_-672x372-1.jpg\" data-orig-size=\"672,372\" data-comments-opened=\"1\" data-image-meta=\"{&quot;aperture&quot;:&quot;0&quot;,&quot;credit&quot;:&quot;&quot;,&quot;camera&quot;:&quot;&quot;,&quot;caption&quot;:&quot;&quot;,&quot;created_timestamp&quot;:&quot;0&quot;,&quot;copyright&quot;:&quot;&quot;,&quot;focal_length&quot;:&quot;0&quot;,&quot;iso&quot;:&quot;0&quot;,&quot;shutter_speed&quot;:&quot;0&quot;,&quot;title&quot;:&quot;&quot;,&quot;orientation&quot;:&quot;0&quot;}\" data-image-title=\"principal_Tribunal-de-las-Aguas-de-Valencia_Foto-unesco.org_-672\u00d7372\" data-image-description=\"\" data-image-caption=\"\" data-medium-file=\"https:\/\/albertogranados.files.wordpress.com\/2022\/12\/principal_tribunal-de-las-aguas-de-valencia_foto-unesco.org_-672x372-1.jpg?w=300\" data-large-file=\"https:\/\/albertogranados.files.wordpress.com\/2022\/12\/principal_tribunal-de-las-aguas-de-valencia_foto-unesco.org_-672x372-1.jpg?w=560\" \/><\/p>\n<p class=\"has-text-align-center\" style=\"text-align: justify;\"><em>Tribunal de las Aguas de Valencia. Imagen de la UNESCO<\/em><\/p>\n<p class=\"has-black-color has-text-color\" style=\"text-align: justify;\">\u00a0\u00a0\u00a0\u00a0\u00a0\u00a0\u00a0\u00a0\u00a0 Resulta chocante que en la era de la informaci\u00f3n inmediata, haya jueces de instancias judiciales que aparezcan se\u00f1alados como pertenecientes al sector conservador o al progresista, algo que contradice de ra\u00edz la imparcialidad. La judicatura no deber\u00eda asumir adjetivos, pues asegurar que un juez es conservador o progresista es tanto como decir que no es un juez recto. De igual forma, me resulta sospechoso que las sentencias en los casos de corrupci\u00f3n pol\u00edtica, parezcan ser muy duras si se trata de los casos que afectan al PSOE y muy benignas si se trata de la corrupci\u00f3n del PP (me sigo preguntando si machacar los discos duros de G\u00e9nova va a quedar en simple an\u00e9cdota). Y si hablamos del bloqueo por parte del PP de los m\u00e1s altos tribunales, me queda la sensaci\u00f3n de que la Justicia es una pantomima llena de magistrados indignos y vendidos, con toda la gravedad del caso y todas las agravantes. \u00bfEn manos de qui\u00e9n est\u00e1 la Justicia? \u00bfQu\u00e9 seguridad jur\u00eddica ofrece este panorama? \u00bfC\u00f3mo no han tenido la honestidad de dimitir en bloque los que est\u00e1n en funciones desde hace cuatro a\u00f1os? \u00bfTantos favores les deben a los partidos como para soportar la riada de descr\u00e9dito y desprecio social que los envuelve?<\/p>\n<p class=\"has-black-color has-text-color\" style=\"text-align: justify;\">\u00a0\u00a0\u00a0\u00a0\u00a0\u00a0\u00a0\u00a0\u00a0 Recuerdo que en mi juventud exist\u00eda en los pueblos peque\u00f1os la figura del <em>juez de paz<\/em>, alguien que normalmente carec\u00eda de formaci\u00f3n jur\u00eddica y que era nombrado por ser una persona honesta y p\u00fablicamente aceptada por sus vecinos. Tambi\u00e9n recuerdo que en muchos pleitos se recurr\u00ed a otra figura, <em>el hombre bueno<\/em>, que actualmente ser\u00eda un mediador entre las partes. Eran campesinos, estanqueros, amas de casa\u2026 y cumpl\u00edan su funci\u00f3n de una forma dign\u00edsima. Por contraste, los miembros de los tribunales Constitucional y Supremo, los vocales del CGPJ parecen ser la voz de sus amos, siempre atentos a intereses de partido, algo que los retrata con una inconsistencia moral que horroriza al ciudadano. No hacen justicia porque ellos mismos son injustos y su conducta convierte a la Justicia en un cachondeo, muy por debajo de la rectitud de quienes administraban justicia sabiamente en los juzgados de paz, en el Tribunal de las Aguas valenciano, en las mediaciones de aquellos <em>hombres buenos<\/em>, que no hab\u00edan pisado jam\u00e1s una Facultad de Derecho.<\/p>\n<p class=\"has-black-color has-text-color\" style=\"text-align: justify;\"><strong>Alberto Granados<\/strong><\/p>\n<p>foto: https:\/\/www.diariojuridico.com\/la-independencia-y-autonomia-de-los-jueces-ejes-de-toda-transformacion-social-y-democratica\/<\/p>\n","protected":false},"excerpt":{"rendered":"<p>ART\u00cdCULO PUBLICADO EN LA P\u00c1GINA WEB DE NUESTRO COLABORADOR EN SU P\u00c1GINA WEB\u00a0 EN DICIEMBRE&#8230;<\/p>\n","protected":false},"author":1,"featured_media":69148,"comment_status":"closed","ping_status":"closed","sticky":false,"template":"","format":"standard","meta":{"_coblocks_attr":"","_coblocks_dimensions":"","_coblocks_responsive_height":"","_coblocks_accordion_ie_support":"","jetpack_post_was_ever_published":false,"_jetpack_newsletter_access":"","_jetpack_dont_email_post_to_subs":false,"_jetpack_newsletter_tier_id":0,"_jetpack_memberships_contains_paywalled_content":false,"_jetpack_memberships_contains_paid_content":false,"footnotes":"","jetpack_publicize_message":"","jetpack_publicize_feature_enabled":true,"jetpack_social_post_already_shared":true,"jetpack_social_options":{"image_generator_settings":{"template":"highway","default_image_id":0,"enabled":false},"version":2}},"categories":[39,1161,44,7671],"tags":[],"class_list":["post-69147","post","type-post","status-publish","format-standard","has-post-thumbnail","hentry","category-opinion-de-alberto-granados","category-ciudadania","category-noticias-de-hoy","category-politica"],"jetpack_publicize_connections":[],"jetpack_featured_media_url":"https:\/\/i0.wp.com\/miradordeatarfe.es\/wp-content\/uploads\/2024\/04\/jueces-diariojuridico.jpg.webp?fit=800%2C460&ssl=1","jetpack_likes_enabled":true,"jetpack_sharing_enabled":true,"_links":{"self":[{"href":"https:\/\/miradordeatarfe.es\/index.php?rest_route=\/wp\/v2\/posts\/69147","targetHints":{"allow":["GET"]}}],"collection":[{"href":"https:\/\/miradordeatarfe.es\/index.php?rest_route=\/wp\/v2\/posts"}],"about":[{"href":"https:\/\/miradordeatarfe.es\/index.php?rest_route=\/wp\/v2\/types\/post"}],"author":[{"embeddable":true,"href":"https:\/\/miradordeatarfe.es\/index.php?rest_route=\/wp\/v2\/users\/1"}],"replies":[{"embeddable":true,"href":"https:\/\/miradordeatarfe.es\/index.php?rest_route=%2Fwp%2Fv2%2Fcomments&post=69147"}],"version-history":[{"count":2,"href":"https:\/\/miradordeatarfe.es\/index.php?rest_route=\/wp\/v2\/posts\/69147\/revisions"}],"predecessor-version":[{"id":69150,"href":"https:\/\/miradordeatarfe.es\/index.php?rest_route=\/wp\/v2\/posts\/69147\/revisions\/69150"}],"wp:featuredmedia":[{"embeddable":true,"href":"https:\/\/miradordeatarfe.es\/index.php?rest_route=\/wp\/v2\/media\/69148"}],"wp:attachment":[{"href":"https:\/\/miradordeatarfe.es\/index.php?rest_route=%2Fwp%2Fv2%2Fmedia&parent=69147"}],"wp:term":[{"taxonomy":"category","embeddable":true,"href":"https:\/\/miradordeatarfe.es\/index.php?rest_route=%2Fwp%2Fv2%2Fcategories&post=69147"},{"taxonomy":"post_tag","embeddable":true,"href":"https:\/\/miradordeatarfe.es\/index.php?rest_route=%2Fwp%2Fv2%2Ftags&post=69147"}],"curies":[{"name":"wp","href":"https:\/\/api.w.org\/{rel}","templated":true}]}}