{"id":69179,"date":"2024-05-11T11:00:47","date_gmt":"2024-05-11T09:00:47","guid":{"rendered":"https:\/\/miradordeatarfe.es\/?p=69179"},"modified":"2024-06-02T12:09:13","modified_gmt":"2024-06-02T10:09:13","slug":"el-movimiento-obrero-en-atarfe-por-jose-enrique-granados","status":"publish","type":"post","link":"https:\/\/miradordeatarfe.es\/?p=69179","title":{"rendered":"\u00abEL MOVIMIENTO OBRERO en Atarfe \u00bb por Jos\u00e9 Enrique Granados"},"content":{"rendered":"<div class=\"html-div xe8uvvx xdj266r x11i5rnm xat24cr x1mh8g0r xexx8yu x4uap5 x18d9i69 xkhd6sd\" dir=\"auto\">\n<div id=\":r8h:\" class=\"x1iorvi4 x1pi30zi x1l90r2v x1swvt13\" data-ad-comet-preview=\"message\" data-ad-preview=\"message\">\n<div class=\"x78zum5 xdt5ytf xz62fqu x16ldp7u\">\n<div class=\"xu06os2 x1ok221b\">\n<div class=\"xdj266r x11i5rnm xat24cr x1mh8g0r x1vvkbs x126k92a\">\n<h3 dir=\"auto\" style=\"text-align: justify;\">Seg\u00fan podemos leer en el libro de Alfonso Mart\u00ednez Foronda, \u201cLa lucha del movimiento obrero en Granada por las libertades y la democracia. Pepe Cid y Paco Portillo: dos l\u00edderes, dos puentes\u201d, la estructura del partido comunista en la clandestinidad tuvo varios retrocesos. Uno de ellos fue la detenci\u00f3n masiva de sus miembros en abril de 1961. Es lo que llama ca\u00edda de 1961.<\/h3>\n<div dir=\"auto\" style=\"text-align: justify;\">Tuvo su origen en el homenaje que el PCE de Granada tribut\u00f3 a Ricardo Beneyto Sapena, guerrillero comunista fusilado el 15 de noviembre de 1956. A finales de 1960, el PCE de Granada reuni\u00f3 a los responsables de la organizaci\u00f3n en la provincia en una casa de la calle Elvira y se acord\u00f3, entre otras cosas, conmemorar el aniversario del asesinato de Ricardo Beneyto, poni\u00e9ndole una corona de flores y una estela de recuerdo. Adem\u00e1s, se acord\u00f3 llenar la provincia de pintadas y pegatinas con el lema \u201c\u00a1Franco, vete!\u201d.<\/div>\n<div dir=\"auto\" style=\"text-align: justify;\">\u00a0<\/div>\n<div dir=\"auto\" style=\"text-align: justify;\">Seg\u00fan la Direcci\u00f3n General de Seguridad, segregados por lugar de residencia, del comit\u00e9 local de Atarfe fueron detenidos: Antonio Arcas Aibar, Alfonso Barbola Gonz\u00e1lez, Jos\u00e9 Herrera Ruano, Juan de Dios Jimena Jim\u00e9nez, Miguel Jim\u00e9nez Fern\u00e1ndez, Miguel L\u00f3pez Jim\u00e9nez, Antonio Mole\u00f3n Castro y Antonio Polo Ruiz.<\/div>\n<div dir=\"auto\" style=\"text-align: justify;\">\u00a0<\/div>\n<div dir=\"auto\" style=\"text-align: justify;\">La mayor\u00eda de los detenidos pasaron a la c\u00e1rcel de Granada donde entraron o bien en calidad de presos gubernativos o bien en prisi\u00f3n provisional. De los 204 detenidos, 73 pasaron por el Juzgado Militar Especial Nacional de Actividades Extremistas que presid\u00eda el Coronel Enrique Eymar Fern\u00e1ndez; 128 pasaron a disposici\u00f3n del Gobernador Civil de Granada, que los sancion\u00f3 con 25.000 pesetas de multa; otros dos pasaron a disposici\u00f3n de las autoridades militares y uno a disposici\u00f3n del Gobernador Civil de Ja\u00e9n. Algunos de los que pasaron a disposici\u00f3n del Gobernador Civil de Granada pagaron la multa y evitaron la c\u00e1rcel, pero fueron casos excepcionales. La mayor\u00eda, sin embargo, no pudieron pagarla por la elevada cuant\u00eda \u2013todos ellos eran trabajadores- y tuvieron que cumplir el tiempo correspondiente de c\u00e1rcel de uno a dos meses, mientras que casi medio centenar de ellos, por los cargos que se les impuso, cumplieron los seis meses de rigor.<\/div>\n<div dir=\"auto\">\u00a0<\/div>\n<div dir=\"auto\" style=\"text-align: justify;\">Sirva esta gacetilla como homenaje a todos aquellos que hicieron posible la llegada de la democracia a nuestro pa\u00eds.<\/div>\n<div dir=\"auto\" style=\"text-align: justify;\">\u00a0<\/div>\n<\/div>\n<div class=\"x11i5rnm xat24cr x1mh8g0r x1vvkbs xtlvy1s x126k92a\">\n<div dir=\"auto\">En la fotograf\u00eda, cortes\u00eda de Fidel Valenzuela, miembros del partido comunista de Atarfe durante la celebraci\u00f3n de una fiesta.<\/div>\n<div dir=\"auto\">\u00a0<\/div>\n<\/div>\n<div class=\"x11i5rnm xat24cr x1mh8g0r x1vvkbs xtlvy1s x126k92a\">\n<div dir=\"auto\"><strong>Gacetilla y curiosidades elvirenses.<\/strong><\/div>\n<\/div>\n<\/div>\n<\/div>\n<\/div>\n<\/div>\n","protected":false},"excerpt":{"rendered":"<p>Seg\u00fan podemos leer en el libro de Alfonso Mart\u00ednez Foronda, \u201cLa lucha del movimiento obrero&#8230;<\/p>\n","protected":false},"author":1,"featured_media":69180,"comment_status":"closed","ping_status":"closed","sticky":false,"template":"","format":"standard","meta":{"_coblocks_attr":"","_coblocks_dimensions":"","_coblocks_responsive_height":"","_coblocks_accordion_ie_support":"","jetpack_post_was_ever_published":false,"_jetpack_newsletter_access":"","_jetpack_dont_email_post_to_subs":false,"_jetpack_newsletter_tier_id":0,"_jetpack_memberships_contains_paywalled_content":false,"_jetpack_memberships_contains_paid_content":false,"footnotes":"","jetpack_publicize_message":"","jetpack_publicize_feature_enabled":true,"jetpack_social_post_already_shared":true,"jetpack_social_options":{"image_generator_settings":{"template":"highway","default_image_id":0,"enabled":false},"version":2}},"categories":[2,1225,186,38],"tags":[],"class_list":["post-69179","post","type-post","status-publish","format-standard","has-post-thumbnail","hentry","category-atarfe","category-ha-de-atarfe","category-instituciones","category-opinion-de-jose-enrique-granados"],"jetpack_publicize_connections":[],"jetpack_featured_media_url":"https:\/\/i0.wp.com\/miradordeatarfe.es\/wp-content\/uploads\/2024\/05\/434140347_904835991649884_2051614449009135130_n.jpg?fit=823%2C540&ssl=1","jetpack_likes_enabled":true,"jetpack_sharing_enabled":true,"_links":{"self":[{"href":"https:\/\/miradordeatarfe.es\/index.php?rest_route=\/wp\/v2\/posts\/69179","targetHints":{"allow":["GET"]}}],"collection":[{"href":"https:\/\/miradordeatarfe.es\/index.php?rest_route=\/wp\/v2\/posts"}],"about":[{"href":"https:\/\/miradordeatarfe.es\/index.php?rest_route=\/wp\/v2\/types\/post"}],"author":[{"embeddable":true,"href":"https:\/\/miradordeatarfe.es\/index.php?rest_route=\/wp\/v2\/users\/1"}],"replies":[{"embeddable":true,"href":"https:\/\/miradordeatarfe.es\/index.php?rest_route=%2Fwp%2Fv2%2Fcomments&post=69179"}],"version-history":[{"count":1,"href":"https:\/\/miradordeatarfe.es\/index.php?rest_route=\/wp\/v2\/posts\/69179\/revisions"}],"predecessor-version":[{"id":69181,"href":"https:\/\/miradordeatarfe.es\/index.php?rest_route=\/wp\/v2\/posts\/69179\/revisions\/69181"}],"wp:featuredmedia":[{"embeddable":true,"href":"https:\/\/miradordeatarfe.es\/index.php?rest_route=\/wp\/v2\/media\/69180"}],"wp:attachment":[{"href":"https:\/\/miradordeatarfe.es\/index.php?rest_route=%2Fwp%2Fv2%2Fmedia&parent=69179"}],"wp:term":[{"taxonomy":"category","embeddable":true,"href":"https:\/\/miradordeatarfe.es\/index.php?rest_route=%2Fwp%2Fv2%2Fcategories&post=69179"},{"taxonomy":"post_tag","embeddable":true,"href":"https:\/\/miradordeatarfe.es\/index.php?rest_route=%2Fwp%2Fv2%2Ftags&post=69179"}],"curies":[{"name":"wp","href":"https:\/\/api.w.org\/{rel}","templated":true}]}}