{"id":69189,"date":"2024-05-03T10:45:12","date_gmt":"2024-05-03T08:45:12","guid":{"rendered":"https:\/\/miradordeatarfe.es\/?p=69189"},"modified":"2024-05-03T10:24:39","modified_gmt":"2024-05-03T08:24:39","slug":"conferencia-cantata-del-exilio-cuando-llegaremos-a-sevilla-por-juan-trova","status":"publish","type":"post","link":"https:\/\/miradordeatarfe.es\/?p=69189","title":{"rendered":"ATARFE: \u00abCantata del Exilio. \u00bfCu\u00e1ndo llegaremos a Sevilla? por Juan Trova"},"content":{"rendered":"<div class=\"xdj266r x11i5rnm xat24cr x1mh8g0r x1vvkbs x126k92a\">\n<div dir=\"auto\">\n<div class=\"\" data-mesh-id=\"comp-lucj6vy5inlineContent\" data-testid=\"inline-content\">\n<div data-mesh-id=\"comp-lucj6vy5inlineContent-gridContainer\" data-testid=\"mesh-container-content\">\n<div id=\"comp-ke8h5bon\" class=\"HcOXKn SxM0TO QxJLC3 comp-ke8h5bon wixui-rich-text\" data-testid=\"richTextElement\">\n<h3 class=\"font_8 wixui-rich-text__text\" style=\"text-align: justify;\"><strong><span class=\"wixui-rich-text__text\">En estos tiempos de llanto, cantemos. <\/span><\/strong><strong><span class=\"wixui-rich-text__text\">En estos tiempos de fr\u00edo, sembremos. <\/span><\/strong><strong><span class=\"wixui-rich-text__text\">En estos tiempos de espanto, so\u00f1emos. <\/span><\/strong><strong><span class=\"wixui-rich-text__text\">En estos tiempos de lucha, \u00a1luchemos! <\/span><\/strong><strong><span class=\"wixui-rich-text__text\">\u00a0 \u00a0 \u00a0 \u00a0 \u00a0 \u00a0 \u00a0 \u00a0 \u00a0 \u00a0 \u00a0 \u00a0 \u00a0 \u00a0 \u00a0 \u00a0 \u00a0 \u00a0 \u00a0 \u00a0 \u00a0 \u00a0 \u00a0 \u00a0 \u00a0 \u00a0 \u00a0 \u00a0 \u00a0<\/span><span class=\"wixui-rich-text__text\">Juan Trova<\/span><\/strong><\/h3>\n<\/div>\n<\/div>\n<\/div>\n<\/div>\n<\/div>\n<div class=\"x11i5rnm xat24cr x1mh8g0r x1vvkbs xtlvy1s x126k92a\" style=\"text-align: justify;\">\n<div dir=\"auto\">No te pierdas una tarde inolvidable con Juan Trova, destacado cantautor y figura de referencia en el mundo de la canci\u00f3n de autor, en una charla que promete ser tan educativa como emocionante.<\/div>\n<\/div>\n<div class=\"x11i5rnm xat24cr x1mh8g0r x1vvkbs xtlvy1s x126k92a\" style=\"text-align: justify;\">\n<div dir=\"auto\">\u00a0<strong>Fecha: Martes 7 de mayo<\/strong><\/div>\n<div dir=\"auto\"><strong>\u00a0Hora: 19:00<\/strong><\/div>\n<div dir=\"auto\"><strong>\u00a0Lugar: Sala de Exposiciones del Centro Cultural Medina Elvira<\/strong><\/div>\n<\/div>\n<div class=\"x11i5rnm xat24cr x1mh8g0r x1vvkbs xtlvy1s x126k92a\" style=\"text-align: justify;\">\n<div dir=\"auto\">\u00a0<\/div>\n<div dir=\"auto\">Esta charla, organizada por la <em><strong>Concejal\u00eda de Participaci\u00f3n Ciudadana,<\/strong><\/em> con la colaboraci\u00f3n del <em><strong>Centro Lucini de la Canci\u00f3n de Autor,<\/strong><\/em> es parte de la Programaci\u00f3n de Participa Atarfe.<\/div>\n<\/div>\n<div class=\"x11i5rnm xat24cr x1mh8g0r x1vvkbs xtlvy1s x126k92a\">\n<div dir=\"auto\" style=\"text-align: justify;\">\u00a0<\/div>\n<div dir=\"auto\" style=\"text-align: justify;\">Con letras de Antonio G\u00f3mez, m\u00fasica de Antonio Resines e ilustraciones del colectivo El Cubri, \u201cCantata del exilio \u00bfCu\u00e1ndo llegaremos a Sevilla?\u201d es un homenaje a los exiliados de Espa\u00f1a tras la Guerra Civil que acabaron ingresando en campos de concentraci\u00f3n en Francia.<\/div>\n<div dir=\"auto\" style=\"text-align: justify;\">\u00a0<\/div>\n<div dir=\"auto\" style=\"text-align: justify;\">Como explica Juan Trova, <em>\u00abes un trabajo interesant\u00edsimo por muchos motivos. Se hizo como homenaje a los exiliados espa\u00f1oles presos en campos de concentraci\u00f3n en Francia, y recoge testimonios directos de algunos de ellos. Por otra parte, es un trabajo en el que colaboraron muchos m\u00fasicos y cantautores, tales como Luis Pastor, Pablo Guerrero, Quint\u00edn Cabrera, Teresa Cano, Luis Mendo y un largo etc. Adem\u00e1s de todo ello, destaca porque es una pieza que conjuga m\u00fasica, poes\u00eda y artes visuales, con las vi\u00f1etas realizadas expresamente para ello por El Cubri, d\u00e1ndose as\u00ed una correspondencia activa entre todas estas formas de expresi\u00f3n art\u00edstica, que hace de este trabajo una propuesta integral y conceptual unificada. <\/em><\/div>\n<div dir=\"auto\" style=\"text-align: justify;\">\u00a0<\/div>\n<div dir=\"auto\" style=\"text-align: justify;\"><em>No siendo tal vez una pieza conocida del gran p\u00fablico, es, bajo mi punto de vista, fundamental en la Historia de la Canci\u00f3n de Autor espa\u00f1ola. <br \/>\n<\/em><\/div>\n<\/div>\n<div class=\"x11i5rnm xat24cr x1mh8g0r x1vvkbs xtlvy1s x126k92a\" style=\"text-align: justify;\">\n<div dir=\"auto\">Descubre c\u00f3mo la canci\u00f3n de autor ha jugado un papel crucial en el avance social durante las turbulentas <em><strong>d\u00e9cadas de los 60 y 70 en Espa\u00f1a, y c\u00f3mo artistas y creadores utilizaron su arte para comunicar y documentar las experiencias de una generaci\u00f3n marcada por la lucha y la esperanza.<\/strong><\/em><\/div>\n<\/div>\n<div dir=\"auto\" style=\"text-align: justify;\">\n<p><b>Juan Garz\u00f3n G\u00f3mez<\/b> (Granada, 6 de octubre de 1964) es un cantautor espa\u00f1ol. Conocido como<strong> Juan Trova<\/strong>, comenz\u00f3 su actividad como autor y compositor a la temprana edad de 13 a\u00f1os, pero es a partir del a\u00f1o 1995, cuando qued\u00f3 finalista del <a class=\"new\" title=\"Festival de la Canci\u00f3n de Andaluc\u00eda (a\u00fan no redactado)\" href=\"https:\/\/es.wikipedia.org\/w\/index.php?title=Festival_de_la_Canci%C3%B3n_de_Andaluc%C3%ADa&amp;action=edit&amp;redlink=1\">Festival de la Canci\u00f3n de Andaluc\u00eda<\/a> en Alameda (M\u00e1laga), cuando su trayectoria comenz\u00f3 a destacar. Es uno de los cantautores que renovaron la Canci\u00f3n de Autor en Andaluc\u00eda a partir de la d\u00e9cada de los 90. En 1997 funda, junto con Jos\u00e9 Luis Pareja y Elizaberta L\u00f3pez, el colectivo N\u00facleo de Nuevos Autores, que tomar\u00eda el testigo como movimiento generacional de aquel liderado por Juan de Loxa, Antonio Mata y Carlos Cano, Manifiesto Canci\u00f3n del Sur.<\/p>\n<p>Es tambi\u00e9n el director del Festival Internacional de Cantautores y Cantautoras \u201cAbril para Vivir\u201d<sup id=\"cite_ref-1\" class=\"reference separada\"><a href=\"https:\/\/es.wikipedia.org\/wiki\/Juan_Trova#cite_note-1\">1<\/a><\/sup>\u200b y es presidente del Centro Lucini de la Canci\u00f3n de Autor.<\/p>\n<\/div>\n<div dir=\"auto\" style=\"text-align: justify;\">\u00a0<\/div>\n<div dir=\"auto\"><a href=\"https:\/\/i0.wp.com\/miradordeatarfe.es\/wp-content\/uploads\/2024\/05\/439907320_812435257600658_549271983249338288_n.jpg?ssl=1\"><img data-recalc-dims=\"1\" loading=\"lazy\" decoding=\"async\" class=\"alignnone wp-image-69190 \" src=\"https:\/\/i0.wp.com\/miradordeatarfe.es\/wp-content\/uploads\/2024\/05\/439907320_812435257600658_549271983249338288_n.jpg?resize=640%2C905&#038;ssl=1\" alt=\"\" width=\"640\" height=\"905\" srcset=\"https:\/\/i0.wp.com\/miradordeatarfe.es\/wp-content\/uploads\/2024\/05\/439907320_812435257600658_549271983249338288_n.jpg?w=509&amp;ssl=1 509w, https:\/\/i0.wp.com\/miradordeatarfe.es\/wp-content\/uploads\/2024\/05\/439907320_812435257600658_549271983249338288_n.jpg?resize=212%2C300&amp;ssl=1 212w\" sizes=\"auto, (max-width: 640px) 100vw, 640px\" \/><\/a><\/div>\n","protected":false},"excerpt":{"rendered":"<p>En estos tiempos de llanto, cantemos. En estos tiempos de fr\u00edo, sembremos. En estos tiempos&#8230;<\/p>\n","protected":false},"author":1,"featured_media":69191,"comment_status":"closed","ping_status":"closed","sticky":false,"template":"","format":"standard","meta":{"_coblocks_attr":"","_coblocks_dimensions":"","_coblocks_responsive_height":"","_coblocks_accordion_ie_support":"","jetpack_post_was_ever_published":false,"_jetpack_newsletter_access":"","_jetpack_dont_email_post_to_subs":false,"_jetpack_newsletter_tier_id":0,"_jetpack_memberships_contains_paywalled_content":false,"_jetpack_memberships_contains_paid_content":false,"footnotes":"","jetpack_publicize_message":"","jetpack_publicize_feature_enabled":true,"jetpack_social_post_already_shared":true,"jetpack_social_options":{"image_generator_settings":{"template":"highway","default_image_id":0,"enabled":false},"version":2}},"categories":[12,6916,44],"tags":[],"class_list":["post-69189","post","type-post","status-publish","format-standard","has-post-thumbnail","hentry","category-cultura","category-ayuntamiento-de-atarfe","category-noticias-de-hoy"],"jetpack_publicize_connections":[],"jetpack_featured_media_url":"https:\/\/i0.wp.com\/miradordeatarfe.es\/wp-content\/uploads\/2024\/05\/antonio-gomez-and-antonio-resines-cantata-del-exilio-cuando-llegaremos-a-sevilla-Cover-Art.webp?fit=500%2C532&ssl=1","jetpack_likes_enabled":true,"jetpack_sharing_enabled":true,"_links":{"self":[{"href":"https:\/\/miradordeatarfe.es\/index.php?rest_route=\/wp\/v2\/posts\/69189","targetHints":{"allow":["GET"]}}],"collection":[{"href":"https:\/\/miradordeatarfe.es\/index.php?rest_route=\/wp\/v2\/posts"}],"about":[{"href":"https:\/\/miradordeatarfe.es\/index.php?rest_route=\/wp\/v2\/types\/post"}],"author":[{"embeddable":true,"href":"https:\/\/miradordeatarfe.es\/index.php?rest_route=\/wp\/v2\/users\/1"}],"replies":[{"embeddable":true,"href":"https:\/\/miradordeatarfe.es\/index.php?rest_route=%2Fwp%2Fv2%2Fcomments&post=69189"}],"version-history":[{"count":5,"href":"https:\/\/miradordeatarfe.es\/index.php?rest_route=\/wp\/v2\/posts\/69189\/revisions"}],"predecessor-version":[{"id":69196,"href":"https:\/\/miradordeatarfe.es\/index.php?rest_route=\/wp\/v2\/posts\/69189\/revisions\/69196"}],"wp:featuredmedia":[{"embeddable":true,"href":"https:\/\/miradordeatarfe.es\/index.php?rest_route=\/wp\/v2\/media\/69191"}],"wp:attachment":[{"href":"https:\/\/miradordeatarfe.es\/index.php?rest_route=%2Fwp%2Fv2%2Fmedia&parent=69189"}],"wp:term":[{"taxonomy":"category","embeddable":true,"href":"https:\/\/miradordeatarfe.es\/index.php?rest_route=%2Fwp%2Fv2%2Fcategories&post=69189"},{"taxonomy":"post_tag","embeddable":true,"href":"https:\/\/miradordeatarfe.es\/index.php?rest_route=%2Fwp%2Fv2%2Ftags&post=69189"}],"curies":[{"name":"wp","href":"https:\/\/api.w.org\/{rel}","templated":true}]}}