{"id":69197,"date":"2024-05-04T11:22:54","date_gmt":"2024-05-04T09:22:54","guid":{"rendered":"https:\/\/miradordeatarfe.es\/?p=69197"},"modified":"2024-05-02T19:35:16","modified_gmt":"2024-05-02T17:35:16","slug":"atarfe-exposicion-siglo-xx-el-canto-social-en-imagenes","status":"publish","type":"post","link":"https:\/\/miradordeatarfe.es\/?p=69197","title":{"rendered":"ATARFE: Exposici\u00f3n \u00abSiglo XX: El canto social en im\u00e1genes\u00bb"},"content":{"rendered":"<h3 style=\"text-align: justify;\"><span class=\"x193iq5w xeuugli x13faqbe x1vvkbs x1xmvt09 x1lliihq x1s928wv xhkezso x1gmr53x x1cpjm7i x1fgarty x1943h6x xudqn12 x3x7a5m x6prxxf xvq8zen xo1l8bm xzsf02u\" dir=\"auto\">\u00a0Presentamos una fascinante exposici\u00f3n que fusiona arte y m\u00fasica para contar la historia de la Espa\u00f1a de los a\u00f1os setenta. Organizada por la Concejal\u00eda de Participaci\u00f3n Ciudadana en el marco de Participa Atarfe, esta muestra nos transporta a unos a\u00f1os de intensa colaboraci\u00f3n entre grandes m\u00fasicos y artistas visuales. y que ser\u00e1 inaugurada el dia 7 a las 18:0 h.<br \/>\n<\/span><\/h3>\n<p style=\"text-align: justify;\"><span class=\"x193iq5w xeuugli x13faqbe x1vvkbs x1xmvt09 x1lliihq x1s928wv xhkezso x1gmr53x x1cpjm7i x1fgarty x1943h6x xudqn12 x3x7a5m x6prxxf xvq8zen xo1l8bm xzsf02u\" dir=\"auto\">Descubre c\u00f3mo figuras como Paco Ib\u00e1\u00f1ez, Dal\u00ed, Jos\u00e9 Ortega, y Antonio Saura, junto a otros iconos como Raimon, Equipo Cr\u00f3nica, Tapies, Mir\u00f3 y Adolfo Celdr\u00e1n, tejieron un legado visual y musical que refleja la \u00e9tica y el esp\u00edritu de su tiempo.<br class=\"html-br\" \/><br \/>\nEste evento \u00fanico te espera para explorar la sinergia entre la pintura y la canci\u00f3n de autor, un legado imperecedero que ofrece una perspectiva enriquecedora de nuestro pasado cultural y social. <br class=\"html-br\" \/><br \/>\n\u00a0<\/span>Cerca del final de la primera d\u00e9cada del siglo XXI quiz\u00e1 dispongamos de suficiente perspectiva como para hacer una recopilaci\u00f3n de im\u00e1genes del siglo pasado. En el siglo XX nacimos y vivimos a\u00fan la mayor\u00eda de los que habitamos este planeta en la actualidad, por lo que con toda seguridad esta selecci\u00f3n resultar\u00e1 familiar y cercana, en mayor o menor medida, a pr\u00e1cticamente todos nosotros.<\/p>\n<p style=\"text-align: justify;\">En la m\u00fasica se han incorporado, poco a poco, algunos logros importantes que tuvieron lugar en los \u00e1mbitos del conocimiento, de la cultura y del arte. De una concepci\u00f3n basada en la transmisi\u00f3n de un legado musical caracterizado por un c\u00f3digo cerrado con signos r\u00edgidos, se ha pasado a una idea de mayor flexibilidad y gran participaci\u00f3n. En el siglo XX hay una serie de fen\u00f3menos que hacen que la dimensi\u00f3n social de la m\u00fasica cambie respecto a etapas anteriores. En esta exposici\u00f3n se detallada uno de ellos: la aparici\u00f3n de las nuevas vanguardias musicales.<\/p>\n<p style=\"text-align: justify;\"><span class=\"x193iq5w xeuugli x13faqbe x1vvkbs x1xmvt09 x1lliihq x1s928wv xhkezso x1gmr53x x1cpjm7i x1fgarty x1943h6x xudqn12 x3x7a5m x6prxxf xvq8zen xo1l8bm xzsf02u\" dir=\"auto\"><strong>Fecha: Del 7 al 17 de Mayo<\/strong><br class=\"html-br\" \/><br \/>\n<strong>\u00a0Lugar: Sala de Exposiciones del Centro Cultural Medina Elvira<\/strong><br class=\"html-br\" \/><br \/>\n<strong>\u00a0Inauguraci\u00f3n: Martes 7 de mayo a las 18:00<\/strong><br class=\"html-br\" \/><br \/>\n<br class=\"html-br\" \/><br \/>\n<a href=\"https:\/\/i0.wp.com\/miradordeatarfe.es\/wp-content\/uploads\/2024\/05\/438162755_812433060934211_6844618206431182535_n.jpg?ssl=1\"><img data-recalc-dims=\"1\" loading=\"lazy\" decoding=\"async\" class=\"alignnone wp-image-69198 size-full\" src=\"https:\/\/i0.wp.com\/miradordeatarfe.es\/wp-content\/uploads\/2024\/05\/438162755_812433060934211_6844618206431182535_n.jpg?resize=640%2C905&#038;ssl=1\" alt=\"\" width=\"640\" height=\"905\" srcset=\"https:\/\/i0.wp.com\/miradordeatarfe.es\/wp-content\/uploads\/2024\/05\/438162755_812433060934211_6844618206431182535_n.jpg?w=1448&amp;ssl=1 1448w, https:\/\/i0.wp.com\/miradordeatarfe.es\/wp-content\/uploads\/2024\/05\/438162755_812433060934211_6844618206431182535_n.jpg?resize=212%2C300&amp;ssl=1 212w, https:\/\/i0.wp.com\/miradordeatarfe.es\/wp-content\/uploads\/2024\/05\/438162755_812433060934211_6844618206431182535_n.jpg?resize=724%2C1024&amp;ssl=1 724w, https:\/\/i0.wp.com\/miradordeatarfe.es\/wp-content\/uploads\/2024\/05\/438162755_812433060934211_6844618206431182535_n.jpg?resize=768%2C1086&amp;ssl=1 768w, https:\/\/i0.wp.com\/miradordeatarfe.es\/wp-content\/uploads\/2024\/05\/438162755_812433060934211_6844618206431182535_n.jpg?resize=1086%2C1536&amp;ssl=1 1086w, https:\/\/i0.wp.com\/miradordeatarfe.es\/wp-content\/uploads\/2024\/05\/438162755_812433060934211_6844618206431182535_n.jpg?resize=1024%2C1448&amp;ssl=1 1024w, https:\/\/i0.wp.com\/miradordeatarfe.es\/wp-content\/uploads\/2024\/05\/438162755_812433060934211_6844618206431182535_n.jpg?resize=1320%2C1867&amp;ssl=1 1320w\" sizes=\"auto, (max-width: 640px) 100vw, 640px\" \/><\/a><br class=\"html-br\" \/><br \/>\n<\/span><\/p>\n<p>&nbsp;<\/p>\n","protected":false},"excerpt":{"rendered":"<p>\u00a0Presentamos una fascinante exposici\u00f3n que fusiona arte y m\u00fasica para contar la historia de la&#8230;<\/p>\n","protected":false},"author":1,"featured_media":0,"comment_status":"closed","ping_status":"closed","sticky":false,"template":"","format":"standard","meta":{"_coblocks_attr":"","_coblocks_dimensions":"","_coblocks_responsive_height":"","_coblocks_accordion_ie_support":"","jetpack_post_was_ever_published":false,"_jetpack_newsletter_access":"","_jetpack_dont_email_post_to_subs":false,"_jetpack_newsletter_tier_id":0,"_jetpack_memberships_contains_paywalled_content":false,"_jetpack_memberships_contains_paid_content":false,"footnotes":"","jetpack_publicize_message":"","jetpack_publicize_feature_enabled":true,"jetpack_social_post_already_shared":true,"jetpack_social_options":{"image_generator_settings":{"template":"highway","default_image_id":0,"enabled":false},"version":2}},"categories":[12,6916,44],"tags":[],"class_list":["post-69197","post","type-post","status-publish","format-standard","hentry","category-cultura","category-ayuntamiento-de-atarfe","category-noticias-de-hoy"],"jetpack_publicize_connections":[],"jetpack_featured_media_url":"","jetpack_likes_enabled":true,"jetpack_sharing_enabled":true,"_links":{"self":[{"href":"https:\/\/miradordeatarfe.es\/index.php?rest_route=\/wp\/v2\/posts\/69197","targetHints":{"allow":["GET"]}}],"collection":[{"href":"https:\/\/miradordeatarfe.es\/index.php?rest_route=\/wp\/v2\/posts"}],"about":[{"href":"https:\/\/miradordeatarfe.es\/index.php?rest_route=\/wp\/v2\/types\/post"}],"author":[{"embeddable":true,"href":"https:\/\/miradordeatarfe.es\/index.php?rest_route=\/wp\/v2\/users\/1"}],"replies":[{"embeddable":true,"href":"https:\/\/miradordeatarfe.es\/index.php?rest_route=%2Fwp%2Fv2%2Fcomments&post=69197"}],"version-history":[{"count":1,"href":"https:\/\/miradordeatarfe.es\/index.php?rest_route=\/wp\/v2\/posts\/69197\/revisions"}],"predecessor-version":[{"id":69199,"href":"https:\/\/miradordeatarfe.es\/index.php?rest_route=\/wp\/v2\/posts\/69197\/revisions\/69199"}],"wp:attachment":[{"href":"https:\/\/miradordeatarfe.es\/index.php?rest_route=%2Fwp%2Fv2%2Fmedia&parent=69197"}],"wp:term":[{"taxonomy":"category","embeddable":true,"href":"https:\/\/miradordeatarfe.es\/index.php?rest_route=%2Fwp%2Fv2%2Fcategories&post=69197"},{"taxonomy":"post_tag","embeddable":true,"href":"https:\/\/miradordeatarfe.es\/index.php?rest_route=%2Fwp%2Fv2%2Ftags&post=69197"}],"curies":[{"name":"wp","href":"https:\/\/api.w.org\/{rel}","templated":true}]}}