{"id":69203,"date":"2024-05-13T10:30:29","date_gmt":"2024-05-13T08:30:29","guid":{"rendered":"https:\/\/miradordeatarfe.es\/?p=69203"},"modified":"2024-05-12T10:24:04","modified_gmt":"2024-05-12T08:24:04","slug":"atarfe-acoge-el-nuevo-espectaculo-de-la-granadina-sandra-zarate-donde-reivindica-la-relevancia-de-las-mujeres-en-la-historia","status":"publish","type":"post","link":"https:\/\/miradordeatarfe.es\/?p=69203","title":{"rendered":"ATARFE acoge el nuevo espect\u00e1culo de la granadina Sandra Z\u00e1rate donde reivindica la relevancia de las mujeres en la historia"},"content":{"rendered":"<article class=\"v-a v-a--d v-a--d-rpg v-a--p-b\">\n<div class=\"v-a-info-c \">\n<h3 class=\"v-a-sub-t\">La artista recupera la vida y obra de 16 mujeres imprescindibles para entender nuestro pasado en un montaje que funde la danza, la m\u00fasica, el teatro y el cine<\/h3>\n<\/div>\n<\/article>\n<p class=\"v-p\">Si les hablo de Luisa Ignacia Rold\u00e1n Villavicencio, es muy probable que, salvo que sea historiador del arte, no tenga mucha idea de qui\u00e9n se trata. Y si me refiero sencillamente a La Roldana, como era conocida popularmente, es posible que muchos tampoco la conozcan. Pues bien La Roldana, nacida en Sevilla, fue una grand\u00edsima escultora del siglo XVII que dej\u00f3 para la posteridad obras de imaginer\u00eda que hoy d\u00eda se pueden ver en algunos de los museos m\u00e1s prestigiosos de Nueva York, Londres o Los \u00c1ngeles. Su fama fue tal que lleg\u00f3 a ser artista de c\u00e1mara de los reyes Carlos II y Felipe V.<\/p>\n<div class=\"paywall container-wall-exclusive\" data-mrf-recirculation=\"Link art\u00edculos\">\n<p class=\"v-p\">Para eso, para que todos sepamos qui\u00e9n fue La Roldana y sepamos tambi\u00e9n qui\u00e9nes fueron otras muchas mujeres imprescindibles para entender la Historia de Espa\u00f1a, la bailarina y bailaora granadina Sandra Z\u00e1rate ultima ya la puesta en escena de su \u00faltimo gran montaje, &#8216;Mujeres de Historia&#8217;, un espect\u00e1culo que combina danza, m\u00fasica, teatro y cine que se podr\u00e1 ver el<strong> pr\u00f3ximo 2 de junio, a las siete de la tarde, en el Centro Cultural Medina Elvira de Atarfe.<\/strong><\/p>\n<\/div>\n<div class=\"v-c-cmp \">\n<div class=\"v-cmp-m \">\n<article class=\"v-a v-a--cmp-m \">\n<div class=\"v-a-img-c v-a-img-c--fw-xs\">\n<figure class=\"v-a-fig\"><img data-recalc-dims=\"1\" loading=\"lazy\" decoding=\"async\" class=\"v-a-img lzld\" src=\"https:\/\/i0.wp.com\/s1.ppllstatics.com\/ideal\/www\/multimedia\/2024\/04\/24\/zarate%20%2816%29.jpg?resize=640%2C448&#038;ssl=1\" alt=\"La danza, en sus diferentes disciplinas, es una de las grandes protagonistas del espect\u00e1culo de Sandra Z\u00e1rate.\" width=\"640\" height=\"448\" data-voc-vtm-id=\"in-text-traffic\" \/><figcaption class=\"v-fc\"><span class=\"v-fc__t\"> La danza, en sus diferentes disciplinas, es una de las grandes protagonistas del espect\u00e1culo de Sandra Z\u00e1rate. <\/span> <span class=\"v-fc__p\"> FERM\u00cdN RODR\u00cdGUEZ <\/span><\/figcaption><\/figure>\n<\/div>\n<\/article>\n<\/div>\n<\/div>\n<p class=\"v-p\">Una producci\u00f3n muy especial porque Sandra Z\u00e1rate est\u00e1 trabajando codo con codo con su madre Rosa Z\u00e1rate y con todas las alumnas que aprenden en su escuela. Y tambi\u00e9n con grandes artistas invitadas como Carmen Ruiz-Mingorance, que encarnar\u00e1 precisamente a La Roldana, Mar\u00eda del Carmen Medina, Mar\u00eda Nogueras, Ana Clara Guardia y la Escuela de Artes Esc\u00e9nicas La Seducci\u00f3n. En total, el equipo art\u00edstico est\u00e1 formado por unas cuarenta personas.<\/p>\n<p><a href=\"https:\/\/i0.wp.com\/miradordeatarfe.es\/wp-content\/uploads\/2024\/05\/zarate-10-klsF-1200x841%40Ideal.webp?ssl=1\"><img data-recalc-dims=\"1\" loading=\"lazy\" decoding=\"async\" class=\"alignnone size-medium wp-image-69204\" src=\"https:\/\/i0.wp.com\/miradordeatarfe.es\/wp-content\/uploads\/2024\/05\/zarate-10-klsF-1200x841%40Ideal.webp?resize=300%2C210&#038;ssl=1\" alt=\"\" width=\"300\" height=\"210\" srcset=\"https:\/\/i0.wp.com\/miradordeatarfe.es\/wp-content\/uploads\/2024\/05\/zarate-10-klsF-1200x841%40Ideal.webp?resize=300%2C210&amp;ssl=1 300w, https:\/\/i0.wp.com\/miradordeatarfe.es\/wp-content\/uploads\/2024\/05\/zarate-10-klsF-1200x841%40Ideal.webp?resize=1024%2C718&amp;ssl=1 1024w, https:\/\/i0.wp.com\/miradordeatarfe.es\/wp-content\/uploads\/2024\/05\/zarate-10-klsF-1200x841%40Ideal.webp?resize=768%2C538&amp;ssl=1 768w, https:\/\/i0.wp.com\/miradordeatarfe.es\/wp-content\/uploads\/2024\/05\/zarate-10-klsF-1200x841%40Ideal.webp?w=1200&amp;ssl=1 1200w\" sizes=\"auto, (max-width: 300px) 100vw, 300px\" \/><\/a> <a href=\"https:\/\/i0.wp.com\/miradordeatarfe.es\/wp-content\/uploads\/2024\/05\/zarate-17-klsF-1200x851%40Ideal.webp?ssl=1\"><img data-recalc-dims=\"1\" loading=\"lazy\" decoding=\"async\" class=\"alignnone size-medium wp-image-69205\" src=\"https:\/\/i0.wp.com\/miradordeatarfe.es\/wp-content\/uploads\/2024\/05\/zarate-17-klsF-1200x851%40Ideal.webp?resize=300%2C213&#038;ssl=1\" alt=\"\" width=\"300\" height=\"213\" srcset=\"https:\/\/i0.wp.com\/miradordeatarfe.es\/wp-content\/uploads\/2024\/05\/zarate-17-klsF-1200x851%40Ideal.webp?resize=300%2C213&amp;ssl=1 300w, https:\/\/i0.wp.com\/miradordeatarfe.es\/wp-content\/uploads\/2024\/05\/zarate-17-klsF-1200x851%40Ideal.webp?resize=1024%2C727&amp;ssl=1 1024w, https:\/\/i0.wp.com\/miradordeatarfe.es\/wp-content\/uploads\/2024\/05\/zarate-17-klsF-1200x851%40Ideal.webp?resize=768%2C546&amp;ssl=1 768w, https:\/\/i0.wp.com\/miradordeatarfe.es\/wp-content\/uploads\/2024\/05\/zarate-17-klsF-1200x851%40Ideal.webp?w=1198&amp;ssl=1 1198w\" sizes=\"auto, (max-width: 300px) 100vw, 300px\" \/><\/a> <a href=\"https:\/\/i0.wp.com\/miradordeatarfe.es\/wp-content\/uploads\/2024\/05\/zarate-25.webp?ssl=1\"><img data-recalc-dims=\"1\" loading=\"lazy\" decoding=\"async\" class=\"alignnone size-medium wp-image-69206\" src=\"https:\/\/i0.wp.com\/miradordeatarfe.es\/wp-content\/uploads\/2024\/05\/zarate-25.webp?resize=300%2C200&#038;ssl=1\" alt=\"\" width=\"300\" height=\"200\" srcset=\"https:\/\/i0.wp.com\/miradordeatarfe.es\/wp-content\/uploads\/2024\/05\/zarate-25.webp?resize=300%2C200&amp;ssl=1 300w, https:\/\/i0.wp.com\/miradordeatarfe.es\/wp-content\/uploads\/2024\/05\/zarate-25.webp?resize=1024%2C683&amp;ssl=1 1024w, https:\/\/i0.wp.com\/miradordeatarfe.es\/wp-content\/uploads\/2024\/05\/zarate-25.webp?resize=768%2C512&amp;ssl=1 768w, https:\/\/i0.wp.com\/miradordeatarfe.es\/wp-content\/uploads\/2024\/05\/zarate-25.webp?resize=1320%2C880&amp;ssl=1 1320w, https:\/\/i0.wp.com\/miradordeatarfe.es\/wp-content\/uploads\/2024\/05\/zarate-25.webp?w=1374&amp;ssl=1 1374w\" sizes=\"auto, (max-width: 300px) 100vw, 300px\" \/><\/a><\/p>\n<div class=\"v-c-cmp v-c-cmp--sm\">\n<div class=\"v-d-cmp-cmb\">\n<figure class=\"v-d-cmp-cmb__fig\"><figcaption class=\"v-fc\"><span class=\"v-fc__t\"> Ensayos. <\/span> <span class=\"v-fc__p\"> FERM\u00cdN RODR\u00cdGUEZ <\/span><\/figcaption><\/figure>\n<\/div>\n<\/div>\n<p class=\"v-p\">Seg\u00fan Sandra Z\u00e1rate, \u00abrecogemos la trayectoria vital de diecis\u00e9is mujeres en una funci\u00f3n que se estructura en dos actos con la coreograf\u00eda de Rosa Z\u00e1rate\u00bb. La cient\u00edfica Marie Curie, la escritora Beatrix Potter, la cantante Chavela Vargas, la liberal Mariana Pineda, la aviadora Amelia Earhart&#8230; son algunos de los nombres que sobresalen en esta nueva propuesta de Sandra Z\u00e1rate (Granada, 1992), que no para de cosechar premios y reconocimientos en los \u00faltimos a\u00f1os. Entre ellos, el Premio a la Fusi\u00f3n de Danza Oriental y Flamenco en la Etoiles D&#8217;Orient Festival de Mallorca.<\/p>\n<div class=\"v-c-cmp \">\n<div class=\"v-cmp-m \">\n<article class=\"v-a v-a--cmp-m \">\n<div class=\"v-a-img-c v-a-img-c--fw-xs\">\n<figure class=\"v-a-fig\"><img data-recalc-dims=\"1\" loading=\"lazy\" decoding=\"async\" class=\"v-a-img lzld\" src=\"https:\/\/i0.wp.com\/s1.ppllstatics.com\/ideal\/www\/multimedia\/2024\/04\/24\/zarate%20%2821%29.jpg?resize=640%2C448&#038;ssl=1\" alt=\"Preparativos,\" width=\"640\" height=\"448\" data-voc-vtm-id=\"in-text-traffic\" \/><figcaption class=\"v-fc\"><span class=\"v-fc__t\"> Preparativos, <\/span> <span class=\"v-fc__p\"> FERM\u00cdN RODR\u00cdGUEZ <\/span><\/figcaption><\/figure>\n<\/div>\n<\/article>\n<\/div>\n<\/div>\n<p class=\"v-p\">Aunque m\u00e1s all\u00e1 de galardones y aplausos, la principal obsesi\u00f3n de Z\u00e1rate es trabajar en el aula para que &#8216;Mujeres de Historia&#8217; cautive a los espectadores dentro de unas semanas en Atarfe. \u00abEsto es lo m\u00e1s importante que he hecho hasta ahora en mi carrera\u00bb, confiesa Z\u00e1rate, quien no solo ha escrito el guion, sino que tambi\u00e9n se ha encargado de toda la escenograf\u00eda \u2013nada sencilla, por otra parte\u2013. \u00abToda mi trayectoria est\u00e1 enfocada hacia el arte, que es lo que he mamado desde peque\u00f1a siguiendo la estela de mi familia\u00bb. \u00abEs toda una responsabilidad porque el list\u00f3n est\u00e1 muy alto\u00bb, dice en referencia a su progenitora Rosa, para la que solo tiene palabras de admiraci\u00f3n.<\/p>\n<div class=\"v-c-cmp v-n-mrg\">\n<h3 class=\"v-cmp-suh\">Gestaci\u00f3n<\/h3>\n<\/div>\n<p class=\"v-p\">&#8216;Mujeres de Historia&#8217; se gest\u00f3 en 2018 pero, debido al par\u00f3n obligado por la pandemia y el importante despliegue de recursos que conlleva, ver\u00e1 la luz finalmente en 2024 con el objetivo de llenar las seiscientas butacas que tiene el Centro Cultural Medina Elvira. Las entradas ya se pueden adquirir en puntos de venta como la propia Escuela de Danza Rosa Z\u00e1rate, situada en la calle Reina Mora \u2013en el barrio del Zaid\u00edn\u2013.<\/p>\n<div class=\"v-c-cmp v-c-cmp--t1 v-c-cmp--ab-xs\">\n<div class=\"v-cmp-smy\">\n<article class=\"v-a v-a--cmp-smy \">\n<div class=\"v-a-info-c\">\n<h3 class=\"v-a-t\">\u00abEste espect\u00e1culo es lo m\u00e1s importante que he hecho hasta ahora en mi carrera\u00bb, confiesa Sandra Z\u00e1rate<\/h3>\n<\/div>\n<\/article>\n<\/div>\n<\/div>\n<p class=\"v-p\">\u00abEl proyecto \u2013explica Sandra\u2013 surge a ra\u00edz de una de las asignaturas que curs\u00e9 en el grado de Historia del Arte que se llamaba Arte y G\u00e9nero, impartida por la profesora Mar\u00eda Elena D\u00edez Jorge\u00bb. \u00abAh\u00ed tuve la oportunidad de estudiar el papel imprescindible que hab\u00edan desempe\u00f1ado las mujeres en las artes, en la ciencia, en la aviaci\u00f3n&#8230; que se marcaron una meta y que lucharon hasta conseguir que sus sue\u00f1os se convirtieran en realidad\u00bb. \u00abTodas ellas \u2013afirma\u2013 alzaron la voz para ser visibles\u00bb.<\/p>\n<div class=\"v-c-cmp \">\n<div class=\"v-cmp-m \">\n<article class=\"v-a v-a--cmp-m \">\n<div class=\"v-a-img-c v-a-img-c--fw-xs\">\n<figure class=\"v-a-fig\"><img data-recalc-dims=\"1\" loading=\"lazy\" decoding=\"async\" class=\"v-a-img lzld\" src=\"https:\/\/i0.wp.com\/s2.ppllstatics.com\/ideal\/www\/multimedia\/2024\/04\/24\/zarate%20%288%29-klsF-U2102181233479qwB-650x455%40Ideal.jpg?resize=640%2C448&#038;ssl=1\" alt=\"Equipo art\u00edstico.\" width=\"640\" height=\"448\" data-voc-vtm-id=\"in-text-traffic\" \/><figcaption class=\"v-fc\"><span class=\"v-fc__t\"> Equipo art\u00edstico. <\/span> <span class=\"v-fc__p\"> FERM\u00cdN RODR\u00cdGUEZ <\/span><\/figcaption><\/figure>\n<\/div>\n<\/article>\n<\/div>\n<\/div>\n<p class=\"v-p\">Biograf\u00edas sobresalientes como la de Malala Yousafzai, activista paquistan\u00ed que, tras sufrir un atentado con tan solo quince a\u00f1os \u2013un asesino le descerraj\u00f3 tres tiros en un autob\u00fas escolar\u2013, recibi\u00f3 el PremioN\u00f3bel de la Paz con diecisiete a\u00f1os. O como la de Grace O&#8217;Malley, reina de Umaill y pirata en la Irlanda del siglo XVI. O como la de Mariana Pineda, la ciudadana de Granada condenada a muerte y ejecutada en 1831 porque no quiso delatar a sus compa\u00f1eros liberales que luchaban contra el gobierno absolutista de Fernando VII.<\/p>\n<div class=\"v-c-cmp v-c-cmp--sm\">\n<div class=\"v-d-cmp-cmb\">\n<figure class=\"v-d-cmp-cmb__fig\">\n<div class=\"v-d-cmp-cmb__c\"><a href=\"https:\/\/i0.wp.com\/miradordeatarfe.es\/wp-content\/uploads\/2024\/05\/zarate-17-klsF-1200x851%40Ideal-1.webp?ssl=1\"><img data-recalc-dims=\"1\" loading=\"lazy\" decoding=\"async\" class=\"alignnone size-medium wp-image-69207\" src=\"https:\/\/i0.wp.com\/miradordeatarfe.es\/wp-content\/uploads\/2024\/05\/zarate-17-klsF-1200x851%40Ideal-1.webp?resize=300%2C213&#038;ssl=1\" alt=\"\" width=\"300\" height=\"213\" srcset=\"https:\/\/i0.wp.com\/miradordeatarfe.es\/wp-content\/uploads\/2024\/05\/zarate-17-klsF-1200x851%40Ideal-1.webp?resize=300%2C213&amp;ssl=1 300w, https:\/\/i0.wp.com\/miradordeatarfe.es\/wp-content\/uploads\/2024\/05\/zarate-17-klsF-1200x851%40Ideal-1.webp?resize=1024%2C727&amp;ssl=1 1024w, https:\/\/i0.wp.com\/miradordeatarfe.es\/wp-content\/uploads\/2024\/05\/zarate-17-klsF-1200x851%40Ideal-1.webp?resize=768%2C546&amp;ssl=1 768w, https:\/\/i0.wp.com\/miradordeatarfe.es\/wp-content\/uploads\/2024\/05\/zarate-17-klsF-1200x851%40Ideal-1.webp?w=1198&amp;ssl=1 1198w\" sizes=\"auto, (max-width: 300px) 100vw, 300px\" \/><\/a> <a href=\"https:\/\/i0.wp.com\/miradordeatarfe.es\/wp-content\/uploads\/2024\/05\/zarate-22-klsF-711x841%40Ideal.jpg?ssl=1\"><img data-recalc-dims=\"1\" loading=\"lazy\" decoding=\"async\" class=\"alignnone size-medium wp-image-69208\" src=\"https:\/\/i0.wp.com\/miradordeatarfe.es\/wp-content\/uploads\/2024\/05\/zarate-22-klsF-711x841%40Ideal.jpg?resize=255%2C300&#038;ssl=1\" alt=\"\" width=\"255\" height=\"300\" srcset=\"https:\/\/i0.wp.com\/miradordeatarfe.es\/wp-content\/uploads\/2024\/05\/zarate-22-klsF-711x841%40Ideal.jpg?resize=255%2C300&amp;ssl=1 255w, https:\/\/i0.wp.com\/miradordeatarfe.es\/wp-content\/uploads\/2024\/05\/zarate-22-klsF-711x841%40Ideal.jpg?w=711&amp;ssl=1 711w\" sizes=\"auto, (max-width: 255px) 100vw, 255px\" \/><\/a> <a href=\"https:\/\/i0.wp.com\/miradordeatarfe.es\/wp-content\/uploads\/2024\/05\/zarate-25-1.webp?ssl=1\"><img data-recalc-dims=\"1\" loading=\"lazy\" decoding=\"async\" class=\"alignnone size-medium wp-image-69209\" src=\"https:\/\/i0.wp.com\/miradordeatarfe.es\/wp-content\/uploads\/2024\/05\/zarate-25-1.webp?resize=300%2C200&#038;ssl=1\" alt=\"\" width=\"300\" height=\"200\" srcset=\"https:\/\/i0.wp.com\/miradordeatarfe.es\/wp-content\/uploads\/2024\/05\/zarate-25-1.webp?resize=300%2C200&amp;ssl=1 300w, https:\/\/i0.wp.com\/miradordeatarfe.es\/wp-content\/uploads\/2024\/05\/zarate-25-1.webp?resize=1024%2C683&amp;ssl=1 1024w, https:\/\/i0.wp.com\/miradordeatarfe.es\/wp-content\/uploads\/2024\/05\/zarate-25-1.webp?resize=768%2C512&amp;ssl=1 768w, https:\/\/i0.wp.com\/miradordeatarfe.es\/wp-content\/uploads\/2024\/05\/zarate-25-1.webp?resize=1320%2C880&amp;ssl=1 1320w, https:\/\/i0.wp.com\/miradordeatarfe.es\/wp-content\/uploads\/2024\/05\/zarate-25-1.webp?w=1374&amp;ssl=1 1374w\" sizes=\"auto, (max-width: 300px) 100vw, 300px\" \/><\/a><\/div>\n<\/figure>\n<\/div>\n<\/div>\n<div class=\"v-c-cmp v-c-cmp--sm\">\n<div class=\"v-d-cmp-cmb\">\n<figure class=\"v-d-cmp-cmb__fig\"><figcaption class=\"v-fc\"><span class=\"v-fc__t\"> D\u00e1ndolo todo. <\/span> <span class=\"v-fc__p\"> FERM\u00cdN RODR\u00cdGUEZ <\/span><\/figcaption><\/figure>\n<\/div>\n<\/div>\n<p class=\"v-p\">Todas ellas conforman el relato de &#8216;Mujeres de Historia&#8217;. El publico disfrutar\u00e1, entre otros momentos de gran intensidad, de un emocionante mon\u00f3logo en el que Carmen Ruiz-Mingorance, profesora de la Escuela Superior de Arte Dram\u00e1tico, habla consigo misma metida en la piel de La Roldana.<\/p>\n<div class=\"v-c-cmp \">\n<div class=\"v-cmp-m \">\n<article class=\"v-a v-a--cmp-m \">\n<div class=\"v-a-img-c v-a-img-c--fw-xs\">\n<figure class=\"v-a-fig\"><img data-recalc-dims=\"1\" loading=\"lazy\" decoding=\"async\" class=\"v-a-img lzld\" src=\"https:\/\/i0.wp.com\/s3.ppllstatics.com\/ideal\/www\/multimedia\/2024\/04\/24\/zarate%20%2826%29-klsF-U21021812334798jG-650x455%40Ideal.jpg?resize=640%2C448&#038;ssl=1\" alt=\"La mayor y la peque\u00f1a con Sandra Z\u00e1rate.\" width=\"640\" height=\"448\" data-voc-vtm-id=\"in-text-traffic\" \/><figcaption class=\"v-fc\"><span class=\"v-fc__t\"> La mayor y la peque\u00f1a con Sandra Z\u00e1rate. <\/span> <span class=\"v-fc__p\"> FERM\u00cdN RODR\u00cdGUEZ <\/span><\/figcaption><\/figure>\n<\/div>\n<\/article>\n<\/div>\n<\/div>\n<p class=\"v-p\">El mundo, nuestro mundo, ser\u00eda mucho mejor si la sociedad hubiera puesto en valor todas las contribuciones que hicieron \u2013y hacen\u2013 ellas. Mientras tanto, ah\u00ed est\u00e1 el talento de mujeres como Sandra Z\u00e1rate para recordarlo y reivindicarlo.<\/p>\n<div class=\"v-mdl-ath__inf\">\n<h3 class=\"v-mdl-ath__p v-mdl-ath__p--2\"><a href=\"https:\/\/www.ideal.es\/autor\/jorge-pastor-400.html\" data-mrf-link=\"https:\/\/www.ideal.es\/autor\/jorge-pastor-400.html\">Jorge Pastor<\/a><\/h3>\n<p><span class=\"v-fc__t\">FOTO:Sandra y Rosa, rodeadas del elenco de artistas y alumnas que participar\u00e1n en el montaje &#8216;Mujeres de Historia&#8217;.<\/span> <span class=\"v-fc__p\">FERM\u00cdN RODR\u00cdGUEZ<\/span><\/p>\n<p>https:\/\/www.ideal.es\/culturas\/nuevo-espectaculo-granadina-sandra-zarate-reivindica-relevancia-20240503001228-nt.html<\/p>\n<\/div>\n","protected":false},"excerpt":{"rendered":"<p>La artista recupera la vida y obra de 16 mujeres imprescindibles para entender nuestro pasado&#8230;<\/p>\n","protected":false},"author":1,"featured_media":69210,"comment_status":"closed","ping_status":"closed","sticky":false,"template":"","format":"standard","meta":{"_coblocks_attr":"","_coblocks_dimensions":"","_coblocks_responsive_height":"","_coblocks_accordion_ie_support":"","jetpack_post_was_ever_published":false,"_jetpack_newsletter_access":"","_jetpack_dont_email_post_to_subs":false,"_jetpack_newsletter_tier_id":0,"_jetpack_memberships_contains_paywalled_content":false,"_jetpack_memberships_contains_paid_content":false,"footnotes":"","jetpack_publicize_message":"","jetpack_publicize_feature_enabled":true,"jetpack_social_post_already_shared":true,"jetpack_social_options":{"image_generator_settings":{"template":"highway","default_image_id":0,"enabled":false},"version":2}},"categories":[12,186,44],"tags":[],"class_list":["post-69203","post","type-post","status-publish","format-standard","has-post-thumbnail","hentry","category-cultura","category-instituciones","category-noticias-de-hoy"],"jetpack_publicize_connections":[],"jetpack_featured_media_url":"https:\/\/i0.wp.com\/miradordeatarfe.es\/wp-content\/uploads\/2024\/05\/Screenshot-2024-05-03-at-13-29-47-El-nuevo-espectaculo-de-la-granadina-Sandra-Zarate-reivindica-la-relevancia-de-las-mujeres-en-la-historia-Ideal.png?fit=816%2C397&ssl=1","jetpack_likes_enabled":true,"jetpack_sharing_enabled":true,"_links":{"self":[{"href":"https:\/\/miradordeatarfe.es\/index.php?rest_route=\/wp\/v2\/posts\/69203","targetHints":{"allow":["GET"]}}],"collection":[{"href":"https:\/\/miradordeatarfe.es\/index.php?rest_route=\/wp\/v2\/posts"}],"about":[{"href":"https:\/\/miradordeatarfe.es\/index.php?rest_route=\/wp\/v2\/types\/post"}],"author":[{"embeddable":true,"href":"https:\/\/miradordeatarfe.es\/index.php?rest_route=\/wp\/v2\/users\/1"}],"replies":[{"embeddable":true,"href":"https:\/\/miradordeatarfe.es\/index.php?rest_route=%2Fwp%2Fv2%2Fcomments&post=69203"}],"version-history":[{"count":1,"href":"https:\/\/miradordeatarfe.es\/index.php?rest_route=\/wp\/v2\/posts\/69203\/revisions"}],"predecessor-version":[{"id":69211,"href":"https:\/\/miradordeatarfe.es\/index.php?rest_route=\/wp\/v2\/posts\/69203\/revisions\/69211"}],"wp:featuredmedia":[{"embeddable":true,"href":"https:\/\/miradordeatarfe.es\/index.php?rest_route=\/wp\/v2\/media\/69210"}],"wp:attachment":[{"href":"https:\/\/miradordeatarfe.es\/index.php?rest_route=%2Fwp%2Fv2%2Fmedia&parent=69203"}],"wp:term":[{"taxonomy":"category","embeddable":true,"href":"https:\/\/miradordeatarfe.es\/index.php?rest_route=%2Fwp%2Fv2%2Fcategories&post=69203"},{"taxonomy":"post_tag","embeddable":true,"href":"https:\/\/miradordeatarfe.es\/index.php?rest_route=%2Fwp%2Fv2%2Ftags&post=69203"}],"curies":[{"name":"wp","href":"https:\/\/api.w.org\/{rel}","templated":true}]}}