{"id":69242,"date":"2024-05-12T11:00:35","date_gmt":"2024-05-12T09:00:35","guid":{"rendered":"https:\/\/miradordeatarfe.es\/?p=69242"},"modified":"2024-05-12T12:19:01","modified_gmt":"2024-05-12T10:19:01","slug":"antologia-de-olvidos-por-juan-de-dios-villanueva-roa","status":"publish","type":"post","link":"https:\/\/miradordeatarfe.es\/?p=69242","title":{"rendered":"\u00abANTOLOG\u00cdA DE OLVIDOS\u00bb por Juan de Dios Villanueva Roa"},"content":{"rendered":"<h3 style=\"text-align: justify;\">Normal, si usted es presidente de un pa\u00eds como este lo normal es que deba acostumbrarse a insultos, mentiras, bulos, informaciones falsas y cualquier majader\u00eda, supercher\u00eda o imbecilidad que se le ocurra al primero que aparezca.<\/h3>\n<p style=\"text-align: justify;\">Lo mismo le puede pasar si es l\u00edder de cualquier oposici\u00f3n, sanitario (ah\u00ed tambi\u00e9n le pueden dar bofetadas), cartero, camarero, alba\u00f1il o docente (donde puede ser incluso v\u00edctima de guasap patriarcales). Todo est\u00e1 permitido.<\/p>\n<p style=\"text-align: justify;\">No se trata ya de que hayan dejado de hablarle de usted por respeto, se trata de intentar salir indemne de la vida laboral como sea, por eso cuando pintan canas o calvas todos aconsejan jubilarse, que no se meta en nada, que deje la vida fluir. Un pa\u00eds que pierde el respeto a su ciudadan\u00eda tiene los d\u00edas contados, en ese momento se justifica cualquier acci\u00f3n, las gentes callar\u00e1n ante la falta de reconocimiento de errores propios o ajenos, se ver\u00e1 bien que lleguen quienes dicen poner las cosas en su sitio en nombre de Dios. Otra vez. Y la memoria, la hist\u00f3rica que parece deslegitimada por los intransigentes, y la otra se olvidan.<\/p>\n<p style=\"text-align: justify;\">Y cuando se olvida la memoria nos convertimos en beb\u00e9s de la naturaleza, en la que cualquier depredador puede fagocitarnos, robarnos, maltratarnos, encarcelarnos o echarnos a una fosa, aunque sea vivos. Y no pasa nada. Todo puede ocurrir, incluso que desde fuera aplaudan los descerebrados. Por eso es importante parar, reflexionar, gritar incluso si es necesario y poner de nuevo las bases del respeto y la civilidad. Y quien se r\u00eda, quien pretenda justificar todo o que es incongruente con el bien vivir, gobernar o trabajar, ese que vuelva a la escuela, a una escuela p\u00fabica, libre y respetuosa.<\/p>\n<p>FOTO: RS=_SOvpt7W5pTtg9d1UdsZRrn8FYA-<\/p>\n","protected":false},"excerpt":{"rendered":"<p>Normal, si usted es presidente de un pa\u00eds como este lo normal es que deba&#8230;<\/p>\n","protected":false},"author":1,"featured_media":69269,"comment_status":"closed","ping_status":"closed","sticky":false,"template":"","format":"standard","meta":{"_coblocks_attr":"","_coblocks_dimensions":"","_coblocks_responsive_height":"","_coblocks_accordion_ie_support":"","jetpack_post_was_ever_published":false,"_jetpack_newsletter_access":"","_jetpack_dont_email_post_to_subs":false,"_jetpack_newsletter_tier_id":0,"_jetpack_memberships_contains_paywalled_content":false,"_jetpack_memberships_contains_paid_content":false,"footnotes":"","jetpack_publicize_message":"","jetpack_publicize_feature_enabled":true,"jetpack_social_post_already_shared":true,"jetpack_social_options":{"image_generator_settings":{"template":"highway","default_image_id":0,"enabled":false},"version":2}},"categories":[1161,9772,44],"tags":[],"class_list":["post-69242","post","type-post","status-publish","format-standard","has-post-thumbnail","hentry","category-ciudadania","category-opinion-de-juan-de-dios-villanueva","category-noticias-de-hoy"],"jetpack_publicize_connections":[],"jetpack_featured_media_url":"https:\/\/i0.wp.com\/miradordeatarfe.es\/wp-content\/uploads\/2024\/05\/th-1.jpg?fit=270%2C180&ssl=1","jetpack_likes_enabled":true,"jetpack_sharing_enabled":true,"_links":{"self":[{"href":"https:\/\/miradordeatarfe.es\/index.php?rest_route=\/wp\/v2\/posts\/69242","targetHints":{"allow":["GET"]}}],"collection":[{"href":"https:\/\/miradordeatarfe.es\/index.php?rest_route=\/wp\/v2\/posts"}],"about":[{"href":"https:\/\/miradordeatarfe.es\/index.php?rest_route=\/wp\/v2\/types\/post"}],"author":[{"embeddable":true,"href":"https:\/\/miradordeatarfe.es\/index.php?rest_route=\/wp\/v2\/users\/1"}],"replies":[{"embeddable":true,"href":"https:\/\/miradordeatarfe.es\/index.php?rest_route=%2Fwp%2Fv2%2Fcomments&post=69242"}],"version-history":[{"count":3,"href":"https:\/\/miradordeatarfe.es\/index.php?rest_route=\/wp\/v2\/posts\/69242\/revisions"}],"predecessor-version":[{"id":69270,"href":"https:\/\/miradordeatarfe.es\/index.php?rest_route=\/wp\/v2\/posts\/69242\/revisions\/69270"}],"wp:featuredmedia":[{"embeddable":true,"href":"https:\/\/miradordeatarfe.es\/index.php?rest_route=\/wp\/v2\/media\/69269"}],"wp:attachment":[{"href":"https:\/\/miradordeatarfe.es\/index.php?rest_route=%2Fwp%2Fv2%2Fmedia&parent=69242"}],"wp:term":[{"taxonomy":"category","embeddable":true,"href":"https:\/\/miradordeatarfe.es\/index.php?rest_route=%2Fwp%2Fv2%2Fcategories&post=69242"},{"taxonomy":"post_tag","embeddable":true,"href":"https:\/\/miradordeatarfe.es\/index.php?rest_route=%2Fwp%2Fv2%2Ftags&post=69242"}],"curies":[{"name":"wp","href":"https:\/\/api.w.org\/{rel}","templated":true}]}}