{"id":69252,"date":"2024-05-12T11:20:32","date_gmt":"2024-05-12T09:20:32","guid":{"rendered":"https:\/\/miradordeatarfe.es\/?p=69252"},"modified":"2024-05-12T11:23:08","modified_gmt":"2024-05-12T09:23:08","slug":"la-asociacion-la-cora-de-ilbira-descubren-el-patrimonio-de-atarfe-al-alumnado-de-turquia","status":"publish","type":"post","link":"https:\/\/miradordeatarfe.es\/?p=69252","title":{"rendered":"LA ASOCIACI\u00d3N LA CORA DE ILBIRA DESCUBRE EL PATRIMONIO DE ATARFE AL ALUMNADO DE TURQU\u00cdA"},"content":{"rendered":"<h3 style=\"text-align: justify;\">VOLUNTARIOS DE LA ASOCIACI\u00d3N LA CORA DE ILBIRA EXPLICAN EL PATRIMONIO DE ATARFE AL ALUMNADO PARTICIPANTE EN UN PROGRAMA ERASMUS+<\/h3>\n<p style=\"text-align: justify;\">Alumnado del<strong> IES Vega de Atarfe (Granada-Espa\u00f1a)<\/strong> y alumnado del <strong>Zile Bilim ve Sanat Merkezi en Zile (Turqu\u00eda)<\/strong> conocieron la historia de Atarfe y de algunos de sus monumentos gracias a los voluntarios.<\/p>\n<p style=\"text-align: justify;\">El proyecto es una movilidad escolar de centro acreditado Erasmus+, el IES Vega de Atarfe es su centro de acogida y coordinado por la profesora Rosario Rodr\u00edguez Utrilla. El alumnado atarfe\u00f1o es de 1\u2070 de la ESO y el alumnado turco es de los grados 5\u2070, 6\u2070 y 7\u2070.<br \/>\nEl tema del proyecto es la inclusi\u00f3n, la diversidad y la responsabilidad social y c\u00edvica de los individuos. Paralelamente, durante todo el curso han trabajado en un proyecto eTwinning llamado \u201cA to Z: DEIversity is our priority\u201d y ahora el alumnado se re\u00fane para hacer actividades juntos y compartir aspectos culturales adem\u00e1s de los temas del proyecto durante 7 d\u00edas.<\/p>\n<p style=\"text-align: justify;\">Los voluntarios Carlos y Paco explicaron en el bonito paraje de \u201c La Ermita de los Tres Juanes\u201d, gracias a la colaboraci\u00f3n del Ayuntamiento de Atarfe, el contexto geogr\u00e1gico y geol\u00f3gico de Granada, Sierra Nevada y La Vega.<\/p>\n<p style=\"text-align: justify;\">Luego comentaron los elementos caracter\u00edsticos de Sierra Elvira y toda el \u00e1rea metropolitana. Dentro del monumento resumieron la Historia de Atarfe y el importante per\u00edodo de presencia musulmana durante 8 siglos con Medina Elvira como ciudad de La Cora y su paso posterior a Granada.<\/p>\n<p style=\"text-align: justify;\">La actividad fue traducida simult\u00e1neamente al ingl\u00e9s y al turco gracias a las profesoras M\u00aa Jos\u00e9 Ruiz de Valdivia, Montse Jim\u00e9nez y Sevgi Bektas Bedir.Finalmente hubo una proyecci\u00f3n en el IES Vega de Atarfe y una merecida merienda para el alumnado y los familiares, todos muy agradecidos por las explicaciones \u201c in situ\u201d de los voluntarios.<\/p>\n<p><a href=\"https:\/\/i0.wp.com\/miradordeatarfe.es\/wp-content\/uploads\/2024\/05\/ImagenProfes-voluntarios.jpg?ssl=1\"><img data-recalc-dims=\"1\" loading=\"lazy\" decoding=\"async\" class=\"alignnone wp-image-69256 size-full\" src=\"https:\/\/i0.wp.com\/miradordeatarfe.es\/wp-content\/uploads\/2024\/05\/ImagenProfes-voluntarios.jpg?resize=380%2C390&#038;ssl=1\" alt=\"\" width=\"380\" height=\"390\" srcset=\"https:\/\/i0.wp.com\/miradordeatarfe.es\/wp-content\/uploads\/2024\/05\/ImagenProfes-voluntarios.jpg?w=380&amp;ssl=1 380w, https:\/\/i0.wp.com\/miradordeatarfe.es\/wp-content\/uploads\/2024\/05\/ImagenProfes-voluntarios.jpg?resize=292%2C300&amp;ssl=1 292w\" sizes=\"auto, (max-width: 380px) 100vw, 380px\" \/> \u00a0\u00a0 <\/a><a href=\"https:\/\/i0.wp.com\/miradordeatarfe.es\/wp-content\/uploads\/2024\/05\/GrupoExplicacion.jpg?ssl=1\"><img data-recalc-dims=\"1\" loading=\"lazy\" decoding=\"async\" class=\"alignnone  wp-image-69254\" src=\"https:\/\/i0.wp.com\/miradordeatarfe.es\/wp-content\/uploads\/2024\/05\/GrupoExplicacion.jpg?resize=408%2C388&#038;ssl=1\" alt=\"\" width=\"408\" height=\"388\" srcset=\"https:\/\/i0.wp.com\/miradordeatarfe.es\/wp-content\/uploads\/2024\/05\/GrupoExplicacion.jpg?resize=300%2C285&amp;ssl=1 300w, https:\/\/i0.wp.com\/miradordeatarfe.es\/wp-content\/uploads\/2024\/05\/GrupoExplicacion.jpg?w=304&amp;ssl=1 304w\" sizes=\"auto, (max-width: 408px) 100vw, 408px\" \/><\/a><\/p>\n<p>&nbsp;<\/p>\n","protected":false},"excerpt":{"rendered":"<p>VOLUNTARIOS DE LA ASOCIACI\u00d3N LA CORA DE ILBIRA EXPLICAN EL PATRIMONIO DE ATARFE AL ALUMNADO&#8230;<\/p>\n","protected":false},"author":1,"featured_media":69253,"comment_status":"closed","ping_status":"closed","sticky":false,"template":"","format":"standard","meta":{"_coblocks_attr":"","_coblocks_dimensions":"","_coblocks_responsive_height":"","_coblocks_accordion_ie_support":"","jetpack_post_was_ever_published":false,"_jetpack_newsletter_access":"","_jetpack_dont_email_post_to_subs":false,"_jetpack_newsletter_tier_id":0,"_jetpack_memberships_contains_paywalled_content":false,"_jetpack_memberships_contains_paid_content":false,"footnotes":"","jetpack_publicize_message":"","jetpack_publicize_feature_enabled":true,"jetpack_social_post_already_shared":false,"jetpack_social_options":{"image_generator_settings":{"template":"highway","default_image_id":0,"enabled":false},"version":2}},"categories":[187,9029,44],"tags":[],"class_list":["post-69252","post","type-post","status-publish","format-standard","has-post-thumbnail","hentry","category-centros-educativos","category-la-cora-de-ilbira","category-noticias-de-hoy"],"jetpack_publicize_connections":[],"jetpack_featured_media_url":"https:\/\/i0.wp.com\/miradordeatarfe.es\/wp-content\/uploads\/2024\/05\/ImagenGrupo1.jpg?fit=989%2C444&ssl=1","jetpack_likes_enabled":true,"jetpack_sharing_enabled":true,"_links":{"self":[{"href":"https:\/\/miradordeatarfe.es\/index.php?rest_route=\/wp\/v2\/posts\/69252","targetHints":{"allow":["GET"]}}],"collection":[{"href":"https:\/\/miradordeatarfe.es\/index.php?rest_route=\/wp\/v2\/posts"}],"about":[{"href":"https:\/\/miradordeatarfe.es\/index.php?rest_route=\/wp\/v2\/types\/post"}],"author":[{"embeddable":true,"href":"https:\/\/miradordeatarfe.es\/index.php?rest_route=\/wp\/v2\/users\/1"}],"replies":[{"embeddable":true,"href":"https:\/\/miradordeatarfe.es\/index.php?rest_route=%2Fwp%2Fv2%2Fcomments&post=69252"}],"version-history":[{"count":4,"href":"https:\/\/miradordeatarfe.es\/index.php?rest_route=\/wp\/v2\/posts\/69252\/revisions"}],"predecessor-version":[{"id":69261,"href":"https:\/\/miradordeatarfe.es\/index.php?rest_route=\/wp\/v2\/posts\/69252\/revisions\/69261"}],"wp:featuredmedia":[{"embeddable":true,"href":"https:\/\/miradordeatarfe.es\/index.php?rest_route=\/wp\/v2\/media\/69253"}],"wp:attachment":[{"href":"https:\/\/miradordeatarfe.es\/index.php?rest_route=%2Fwp%2Fv2%2Fmedia&parent=69252"}],"wp:term":[{"taxonomy":"category","embeddable":true,"href":"https:\/\/miradordeatarfe.es\/index.php?rest_route=%2Fwp%2Fv2%2Fcategories&post=69252"},{"taxonomy":"post_tag","embeddable":true,"href":"https:\/\/miradordeatarfe.es\/index.php?rest_route=%2Fwp%2Fv2%2Ftags&post=69252"}],"curies":[{"name":"wp","href":"https:\/\/api.w.org\/{rel}","templated":true}]}}