{"id":69328,"date":"2024-05-17T11:30:25","date_gmt":"2024-05-17T09:30:25","guid":{"rendered":"https:\/\/miradordeatarfe.es\/?p=69328"},"modified":"2024-06-02T12:15:06","modified_gmt":"2024-06-02T10:15:06","slug":"por-odio-por-juan-de-dios-villanueva-roa","status":"publish","type":"post","link":"https:\/\/miradordeatarfe.es\/?p=69328","title":{"rendered":"\u00abPOR ODIO\u00bb por Juan de Dios Villanueva Roa"},"content":{"rendered":"<h3>Si es que es lo que hay, mucho odio, mucho rencor, mucha inquina, mucha malafoll\u00e1.<\/h3>\n<p style=\"text-align: justify;\">En las cosas de la pol\u00edtica municipal se destapan a veces las peores pasiones humanas. Es como si fu\u00e9semos a seguir ah\u00ed todas las vidas, como si dentro de quinientos a\u00f1os nuestros pensamientos, ideolog\u00eda, ideas debieran seguir manteni\u00e9ndose inhiestas como quisi\u00e9ramos que inhiestas se mantuvieran otras cosas.<\/p>\n<p style=\"text-align: justify;\">Lo de la pol\u00edtica municipal es de estudio. Y tiene su explicaci\u00f3n, afecta a la basura que sale de nuestras casas, al aire que entra por las ventanas, a los impuestos que pagamos. Afecta a los sem\u00e1foros que nos paran al cruzar y a la limpieza de las escuelas y aceras y a quienes gestionan todo aquello que nos toca de forma directa. Por eso, grabar a quien decide, a quien pone su firma en los papeles, a quien ha ganado unas elecciones es una tentaci\u00f3n digna de las peores mentes, de las m\u00e1s perturbadas. Pero si llegan unas grabaciones al poder de la oposici\u00f3n, que no digo yo que haya sido quien las ha realizado, l\u00edbrennos los sacros imperios persas de tales ideas, lo raro es que no se vaya al juez con ellas. Y esto porque si esas grabaciones recogen actos impuros, ilegales, perjudiciales para el municipio, lo normal es que un juez decida lo que hacer frente a las palabras o ruidos que en ellas est\u00e1n grabadas con o sin manipulaciones. Lo que no parece muy normal es que se lancen por guasap como si fuera un mu\u00f1eco del presidente Pedro S\u00e1nchez, al todo el que se acerca lo apalee sin que suponga un delito.<\/p>\n","protected":false},"excerpt":{"rendered":"<p>Si es que es lo que hay, mucho odio, mucho rencor, mucha inquina, mucha malafoll\u00e1&#8230;.<\/p>\n","protected":false},"author":1,"featured_media":69329,"comment_status":"closed","ping_status":"closed","sticky":false,"template":"","format":"standard","meta":{"_coblocks_attr":"","_coblocks_dimensions":"","_coblocks_responsive_height":"","_coblocks_accordion_ie_support":"","jetpack_post_was_ever_published":false,"_jetpack_newsletter_access":"","_jetpack_dont_email_post_to_subs":false,"_jetpack_newsletter_tier_id":0,"_jetpack_memberships_contains_paywalled_content":false,"_jetpack_memberships_contains_paid_content":false,"footnotes":"","jetpack_publicize_message":"","jetpack_publicize_feature_enabled":true,"jetpack_social_post_already_shared":true,"jetpack_social_options":{"image_generator_settings":{"template":"highway","default_image_id":0,"enabled":false},"version":2}},"categories":[1161,9772,7671],"tags":[],"class_list":["post-69328","post","type-post","status-publish","format-standard","has-post-thumbnail","hentry","category-ciudadania","category-opinion-de-juan-de-dios-villanueva","category-politica"],"jetpack_publicize_connections":[],"jetpack_featured_media_url":"https:\/\/i0.wp.com\/miradordeatarfe.es\/wp-content\/uploads\/2024\/05\/th-3.jpg?fit=420%2C180&ssl=1","jetpack_likes_enabled":true,"jetpack_sharing_enabled":true,"_links":{"self":[{"href":"https:\/\/miradordeatarfe.es\/index.php?rest_route=\/wp\/v2\/posts\/69328","targetHints":{"allow":["GET"]}}],"collection":[{"href":"https:\/\/miradordeatarfe.es\/index.php?rest_route=\/wp\/v2\/posts"}],"about":[{"href":"https:\/\/miradordeatarfe.es\/index.php?rest_route=\/wp\/v2\/types\/post"}],"author":[{"embeddable":true,"href":"https:\/\/miradordeatarfe.es\/index.php?rest_route=\/wp\/v2\/users\/1"}],"replies":[{"embeddable":true,"href":"https:\/\/miradordeatarfe.es\/index.php?rest_route=%2Fwp%2Fv2%2Fcomments&post=69328"}],"version-history":[{"count":1,"href":"https:\/\/miradordeatarfe.es\/index.php?rest_route=\/wp\/v2\/posts\/69328\/revisions"}],"predecessor-version":[{"id":69330,"href":"https:\/\/miradordeatarfe.es\/index.php?rest_route=\/wp\/v2\/posts\/69328\/revisions\/69330"}],"wp:featuredmedia":[{"embeddable":true,"href":"https:\/\/miradordeatarfe.es\/index.php?rest_route=\/wp\/v2\/media\/69329"}],"wp:attachment":[{"href":"https:\/\/miradordeatarfe.es\/index.php?rest_route=%2Fwp%2Fv2%2Fmedia&parent=69328"}],"wp:term":[{"taxonomy":"category","embeddable":true,"href":"https:\/\/miradordeatarfe.es\/index.php?rest_route=%2Fwp%2Fv2%2Fcategories&post=69328"},{"taxonomy":"post_tag","embeddable":true,"href":"https:\/\/miradordeatarfe.es\/index.php?rest_route=%2Fwp%2Fv2%2Ftags&post=69328"}],"curies":[{"name":"wp","href":"https:\/\/api.w.org\/{rel}","templated":true}]}}