{"id":69331,"date":"2024-05-21T11:24:02","date_gmt":"2024-05-21T09:24:02","guid":{"rendered":"https:\/\/miradordeatarfe.es\/?p=69331"},"modified":"2024-05-15T12:19:53","modified_gmt":"2024-05-15T10:19:53","slug":"un-curioso-irremediable-por-fran-lopez","status":"publish","type":"post","link":"https:\/\/miradordeatarfe.es\/?p=69331","title":{"rendered":"\u00abUN CURIOSO IRREMEDIABLE\u00bb por Fran L\u00f3pez"},"content":{"rendered":"<h3>ATARFE CELEBRA SU PARTICULAR HOMENAJE A LUIS EDUARDO AUTE EN ESTA SEMANA<\/h3>\n<p><em><i>Miles de buitres callados van extendiendo sus alas, parece que adivinaran que el d\u00eda que se avecina viene con hambre atrasada. \u00a1Maldito baile de muertos! Busco un lugar donde pueda olvidar del mundo, la maldad. De todas mis flaquezas sacar\u00e9 la fortaleza para encontrar la libertad.<\/i><\/em><\/p>\n<p><em><i>Enemigo de la guerra y su reverso, la medalla. No propuse otra batalla que librar al coraz\u00f3n de ponerse cuerpo a tierra, bajo el paso de una historia que iba a alzar hasta la gloria el poder de la raz\u00f3n.<\/i><\/em><\/p>\n<p><em><i>Andando, como el vendaval que pasa por el resto de una brasa dentro de un glaciar, sin norte, sin oeste, sin este y extraviado del sur. Como gira este mundo, de la luz a la sombra, de la sombra a la luz.<\/i><\/em><\/p>\n<p><em><i> <a href=\"https:\/\/i0.wp.com\/miradordeatarfe.es\/wp-content\/uploads\/2024\/05\/201810012118511614.jpg?ssl=1\"><img data-recalc-dims=\"1\" loading=\"lazy\" decoding=\"async\" class=\"size-medium wp-image-69334 alignleft\" src=\"https:\/\/i0.wp.com\/miradordeatarfe.es\/wp-content\/uploads\/2024\/05\/201810012118511614.jpg?resize=300%2C169&#038;ssl=1\" alt=\"\" width=\"300\" height=\"169\" srcset=\"https:\/\/i0.wp.com\/miradordeatarfe.es\/wp-content\/uploads\/2024\/05\/201810012118511614.jpg?resize=300%2C169&amp;ssl=1 300w, https:\/\/i0.wp.com\/miradordeatarfe.es\/wp-content\/uploads\/2024\/05\/201810012118511614.jpg?w=640&amp;ssl=1 640w\" sizes=\"auto, (max-width: 300px) 100vw, 300px\" \/><\/a>Me dice el coraz\u00f3n que no soy de este planeta, que ca\u00ed de alg\u00fan cometa fuera de circulaci\u00f3n. O acaso sea un clon, de algo as\u00ed como un salvaje que articula alg\u00fan lenguaje de una extra\u00f1a dimensi\u00f3n. Sucede que, entre la fe y la felon\u00eda, la herencia y la herej\u00eda, la jaula y la jaur\u00eda, entre morir y matar, prefiero amor. Prefiero amar.<\/i><\/em><\/p>\n<p><em><i>Y que le voy a hacer si me falta alguna pieza, por creer que la belleza no se rinde ante el poder. Reivindico el espejismo de intentar ser uno mismo. Ese viaje hacia la nada, que consiste en la certeza de encontrar en tu mirada la belleza. <\/i><\/em><\/p>\n<p><em><i>Qu\u00e9 tonter\u00eda, qu\u00e9 cosas se me ocurren, no soy nada sutil, todo esto es tan pueril, si yo solo pasaba, pasaba por aqu\u00ed\u2026<\/i><\/em><\/p>\n<p><em><i>\u00a0<\/i><\/em>Comprometido y batallador, t\u00edmido y provocador, desvalido y seductor. <strong><b>Luis Eduardo Aute<\/b><\/strong>\u00a0a\u00f1oraba ser recordado por su obra a cambio de que su persona fuese olvidada. En el anhelo de complacer su deseo, como a bien seguro habr\u00e9is apreciado, dir\u00e9 que el texto que antecede, en armonioso surrealismo, est\u00e1 creado \u00edntegramente con versos de sus canciones m\u00e1s conocidas.<\/p>\n<p>Compositor, cineasta, pintor, poeta y cantautor\u2026 Aute, aseguraba ser aprendiz de todo, <strong><b>un curioso irremediable <\/b><\/strong>que, a menudo, sent\u00eda deseos de presentar su renuncia irrevocable a ser adulto. Siempre sostuvo que, el d\u00eda que considerase que lo sab\u00eda todo estar\u00eda muerto como persona.<\/p>\n<p><a href=\"https:\/\/i0.wp.com\/miradordeatarfe.es\/wp-content\/uploads\/2024\/05\/images-5.jpg?ssl=1\"><img data-recalc-dims=\"1\" loading=\"lazy\" decoding=\"async\" class=\"size-full wp-image-69335 alignright\" src=\"https:\/\/i0.wp.com\/miradordeatarfe.es\/wp-content\/uploads\/2024\/05\/images-5.jpg?resize=275%2C183&#038;ssl=1\" alt=\"\" width=\"275\" height=\"183\" \/><\/a>De padre catal\u00e1n y abuelos andaluces, en mi fuero interno fantaseo imaginando que la ra\u00edz de su talento procede de nuestra tierra, la misma que ha engendrado a tantos artistas, Andaluc\u00eda.<\/p>\n<p>Fue laureado en todas las disciplinas que practic\u00f3, con tremendo \u00e9xito. Finalmente, Luis Eduardo, nos dejaba con el \u00fanico consuelo de poder disfrutar por siempre de su vasto y extenso legado. A partir de abril del a\u00f1o 2020 sus admiradores y admiradoras vivimos, <em><i>\u00abterriblemente (\u2026), sin su latido.\u00bb<\/i><\/em><\/p>\n<p>En los pr\u00f3ximos d\u00edas, concretamente del 23 al 31 de mayo, la Ciudad de Atarfe rinde homenaje a este gran artista en una gran diversidad de eventos culturales organizados por la Concejal\u00eda de Participaci\u00f3n Ciudadana, con la colaboraci\u00f3n de la Concejal\u00eda de Cultura. Consulta fechas y horarios en el siguiente cartel del Ayuntamiento de ATARFE:<\/p>\n<p><a href=\"https:\/\/i0.wp.com\/miradordeatarfe.es\/wp-content\/uploads\/2024\/05\/441500450_815382720639245_3033293828173866551_n.jpg?ssl=1\"><img data-recalc-dims=\"1\" loading=\"lazy\" decoding=\"async\" class=\"wp-image-69332  aligncenter\" src=\"https:\/\/i0.wp.com\/miradordeatarfe.es\/wp-content\/uploads\/2024\/05\/441500450_815382720639245_3033293828173866551_n.jpg?resize=640%2C905&#038;ssl=1\" alt=\"\" width=\"640\" height=\"905\" srcset=\"https:\/\/i0.wp.com\/miradordeatarfe.es\/wp-content\/uploads\/2024\/05\/441500450_815382720639245_3033293828173866551_n.jpg?w=509&amp;ssl=1 509w, https:\/\/i0.wp.com\/miradordeatarfe.es\/wp-content\/uploads\/2024\/05\/441500450_815382720639245_3033293828173866551_n.jpg?resize=212%2C300&amp;ssl=1 212w\" sizes=\"auto, (max-width: 640px) 100vw, 640px\" \/><\/a><\/p>\n<p>&nbsp;<\/p>\n<p>&nbsp;<\/p>\n<p>&nbsp;<\/p>\n<p>&nbsp;<\/p>\n","protected":false},"excerpt":{"rendered":"<p>ATARFE CELEBRA SU PARTICULAR HOMENAJE A LUIS EDUARDO AUTE EN ESTA SEMANA Miles de buitres&#8230;<\/p>\n","protected":false},"author":1,"featured_media":69333,"comment_status":"closed","ping_status":"closed","sticky":false,"template":"","format":"standard","meta":{"_coblocks_attr":"","_coblocks_dimensions":"","_coblocks_responsive_height":"","_coblocks_accordion_ie_support":"","jetpack_post_was_ever_published":false,"_jetpack_newsletter_access":"","_jetpack_dont_email_post_to_subs":false,"_jetpack_newsletter_tier_id":0,"_jetpack_memberships_contains_paywalled_content":false,"_jetpack_memberships_contains_paid_content":false,"footnotes":"","jetpack_publicize_message":"","jetpack_publicize_feature_enabled":true,"jetpack_social_post_already_shared":true,"jetpack_social_options":{"image_generator_settings":{"template":"highway","default_image_id":0,"enabled":false},"version":2}},"categories":[10794,186,44],"tags":[],"class_list":["post-69331","post","type-post","status-publish","format-standard","has-post-thumbnail","hentry","category-fran-lopez","category-instituciones","category-noticias-de-hoy"],"jetpack_publicize_connections":[],"jetpack_featured_media_url":"https:\/\/i0.wp.com\/miradordeatarfe.es\/wp-content\/uploads\/2024\/05\/Luis-Eduardo-Aute-cuadros-imagen_1452465442_119474545_1200x675.jpg?fit=1200%2C675&ssl=1","jetpack_likes_enabled":true,"jetpack_sharing_enabled":true,"_links":{"self":[{"href":"https:\/\/miradordeatarfe.es\/index.php?rest_route=\/wp\/v2\/posts\/69331","targetHints":{"allow":["GET"]}}],"collection":[{"href":"https:\/\/miradordeatarfe.es\/index.php?rest_route=\/wp\/v2\/posts"}],"about":[{"href":"https:\/\/miradordeatarfe.es\/index.php?rest_route=\/wp\/v2\/types\/post"}],"author":[{"embeddable":true,"href":"https:\/\/miradordeatarfe.es\/index.php?rest_route=\/wp\/v2\/users\/1"}],"replies":[{"embeddable":true,"href":"https:\/\/miradordeatarfe.es\/index.php?rest_route=%2Fwp%2Fv2%2Fcomments&post=69331"}],"version-history":[{"count":1,"href":"https:\/\/miradordeatarfe.es\/index.php?rest_route=\/wp\/v2\/posts\/69331\/revisions"}],"predecessor-version":[{"id":69336,"href":"https:\/\/miradordeatarfe.es\/index.php?rest_route=\/wp\/v2\/posts\/69331\/revisions\/69336"}],"wp:featuredmedia":[{"embeddable":true,"href":"https:\/\/miradordeatarfe.es\/index.php?rest_route=\/wp\/v2\/media\/69333"}],"wp:attachment":[{"href":"https:\/\/miradordeatarfe.es\/index.php?rest_route=%2Fwp%2Fv2%2Fmedia&parent=69331"}],"wp:term":[{"taxonomy":"category","embeddable":true,"href":"https:\/\/miradordeatarfe.es\/index.php?rest_route=%2Fwp%2Fv2%2Fcategories&post=69331"},{"taxonomy":"post_tag","embeddable":true,"href":"https:\/\/miradordeatarfe.es\/index.php?rest_route=%2Fwp%2Fv2%2Ftags&post=69331"}],"curies":[{"name":"wp","href":"https:\/\/api.w.org\/{rel}","templated":true}]}}