{"id":69363,"date":"2024-05-19T11:00:07","date_gmt":"2024-05-19T09:00:07","guid":{"rendered":"https:\/\/miradordeatarfe.es\/?p=69363"},"modified":"2024-05-19T11:03:11","modified_gmt":"2024-05-19T09:03:11","slug":"nuestro-personaje-hoy-mercedes-hidalgo-por-mari-paz-torres","status":"publish","type":"post","link":"https:\/\/miradordeatarfe.es\/?p=69363","title":{"rendered":"NUESTRO PERSONAJE HOY: MERCEDES HIDALGO por Mari Paz Torres"},"content":{"rendered":"<h3>ARTICULO PUBLICADO EN EL MIRADOR DE ATARFE EN AGOSTO-SEPTIEMBRE DE 2002.HAN PASADO ALGUNOS A\u00d1OS Y NUESTRO PERSONAJE ACTUAL SIGUE ACTUANDO PERO NO QUEREMOS DEJAR DE VALORAR SU GRAN HACER Y TRABAJO.\u00a0<\/h3>\n<p>MERCEDES HIDALGO FERN\u00c1NDEZ, m\u00e1s conocida en el mundo de la historia del arte del cante flamenco con su propio nombre art\u00edstico de MERCEDES HIDALGO, naci\u00f3 en Atarfe (Granada). Su palmar\u00e9s art\u00edstico es muy amplio y, adem\u00e1s, cantaora dotada de unas caracter\u00edsticas muy personales, flamencas y distintivas: personalidad art\u00edstica perfectamente definida y dominadora en los m\u00e1s variados estilos flamencos: Soleares, Seguiriyas, Tangos, Malague\u00f1as, Cantes mineros, Ca\u00f1a, Polo, Canti\u00f1as, Fandango y Cantes de \u201cIda y Vuelta\u201d, etc.<\/p>\n<p>Durante su larga vida cantaora ha obtenido los m\u00e1ximos premios en las Pe\u00f1as Flamencas de Martos (Ja\u00e9n), de Montefr\u00edo (Granada). Cartagena (Murcia), Torre Pacheco (Murcia); el \u201cMel\u00f3n de Oro\u201d de Lo Ferro (Murcia) y otros en Almer\u00eda, M\u00e1laga, Granada, hasta lograr el admirado premio \u201cUVA DE ORO\u201d del Festival Nacional de Cante Flamenco (Jumillla-Murcia 2002).<\/p>\n<p>En el a\u00f1o 1992 fue clasificada en Festival Nacional de \u201cCantes de las Minas\u201d (La Uni\u00f3n-Murcia), as\u00ed como en el 1994 ser\u00e1 elegida \u201cRepresentante por Granada\u201d en el Congreso Flamenco de la Federaci\u00f3n de Pe\u00f1as Andaluzas en Estepona (M\u00e1laga).<\/p>\n<p>Su cante ha sido o\u00eddo y reconocido en la mayor\u00eda de las Pe\u00f1as Flamencas que existen en Andaluc\u00eda, Extremadura y Catalu\u00f1a. Tambi\u00e9n le cabe el alto honor de haber actuado junto a Jos\u00e9 Menese, El Cabrero, Carmen Linares, Jos\u00e9 el de la Tomasa, Alfredo Arrebola, Diego Clavel, Calixto S\u00e1nchez o Curro de Utrera, entre otros.<\/p>\n<p><a href=\"https:\/\/i0.wp.com\/miradordeatarfe.es\/wp-content\/uploads\/2024\/05\/Screenshot-2024-05-16-at-11-34-11-Matinales-Flamencas.-Fuente-Viva.-Mercedes-Hidalgo-y-Kiki-Corpas.png?ssl=1\"><img data-recalc-dims=\"1\" loading=\"lazy\" decoding=\"async\" class=\"wp-image-69367 size-full aligncenter\" src=\"https:\/\/i0.wp.com\/miradordeatarfe.es\/wp-content\/uploads\/2024\/05\/Screenshot-2024-05-16-at-11-34-11-Matinales-Flamencas.-Fuente-Viva.-Mercedes-Hidalgo-y-Kiki-Corpas.png?resize=640%2C278&#038;ssl=1\" alt=\"\" width=\"640\" height=\"278\" srcset=\"https:\/\/i0.wp.com\/miradordeatarfe.es\/wp-content\/uploads\/2024\/05\/Screenshot-2024-05-16-at-11-34-11-Matinales-Flamencas.-Fuente-Viva.-Mercedes-Hidalgo-y-Kiki-Corpas.png?w=1071&amp;ssl=1 1071w, https:\/\/i0.wp.com\/miradordeatarfe.es\/wp-content\/uploads\/2024\/05\/Screenshot-2024-05-16-at-11-34-11-Matinales-Flamencas.-Fuente-Viva.-Mercedes-Hidalgo-y-Kiki-Corpas.png?resize=300%2C130&amp;ssl=1 300w, https:\/\/i0.wp.com\/miradordeatarfe.es\/wp-content\/uploads\/2024\/05\/Screenshot-2024-05-16-at-11-34-11-Matinales-Flamencas.-Fuente-Viva.-Mercedes-Hidalgo-y-Kiki-Corpas.png?resize=1024%2C445&amp;ssl=1 1024w, https:\/\/i0.wp.com\/miradordeatarfe.es\/wp-content\/uploads\/2024\/05\/Screenshot-2024-05-16-at-11-34-11-Matinales-Flamencas.-Fuente-Viva.-Mercedes-Hidalgo-y-Kiki-Corpas.png?resize=768%2C333&amp;ssl=1 768w\" sizes=\"auto, (max-width: 640px) 100vw, 640px\" \/><\/a><\/p>\n<h2>ARTICULO PUBLICADO EN EL MIRADOR EN 2002:<\/h2>\n<p><strong>Por MARI PAZ TORRES<\/strong><\/p>\n<p>En el mundo del arte encontramos aut\u008enticos genios, que en ocasiones no tenemos la capacidad de valorar en su justa medida, sobre todo por la proximidad del artista. Pensamos y creemos, que si un artista se encuentra en profunda lejan\u0092a de nuestra vida cotidiana, es mucho m\u0087s astro y mejor&#8230;<\/p>\n<p style=\"text-align: left;\">Esta breve introducci\u0097n viene al caso, para hablar de una de las grandes cantaoras de flamenco, en todas su extensiones, y que quiz\u0087s debido a su cercan\u0092a, a\u009cn no valoramos en toda su grandeza.<br \/>\nMERCEDES HIDALGO ha recorrido un largo camino, con el trabajo y la humildad, que por otro lado son caracter\u0092sticas propias de su personalidad, necesarios para convertirse tras 20 a\u0096os de carrera en una de las m\u0087s cotizadas del Cante Flamenco, recabando para su prodigiosa voz elogios provenientes, no s\u0097lo del p\u009cblico (aut\u008entico sabio en estos menesteres), sino de la cr\u0092tica especializada y compa\u0096eros en el arte.<br \/>\n<a href=\"https:\/\/i0.wp.com\/miradordeatarfe.es\/wp-content\/uploads\/2024\/05\/Captura20240516112749.png?ssl=1\"><img data-recalc-dims=\"1\" loading=\"lazy\" decoding=\"async\" class=\"wp-image-69365  alignright\" src=\"https:\/\/i0.wp.com\/miradordeatarfe.es\/wp-content\/uploads\/2024\/05\/Captura20240516112749.png?resize=226%2C322&#038;ssl=1\" alt=\"\" width=\"226\" height=\"322\" \/><\/a>Pocos somos los sabedores en Atarfe, de que Mercedes tiene entre sus seguidores m\u0087s fieles a personajes de reconocido prestigio de todos los \u0087mbitos sociales: adorada por la familia Bardem, elogiada hasta el infinito por el gran maestro Enrique Morente, observada con ah\u0092nco por Miguel R\u0092os, invitada a<br \/>\nrevelar su arte por la Clase Pol\u0092tica en sus m\u0087s altas esferas, felicitada por La Casa Real. As\u0092 puedo gastar todas las l\u0092neas ofrecidas por esta editorial, pero no lo har\u008e.<br \/>\nEstamos ante una Atarfe\u0096a, orgullosa de serlo, y que jam\u0087s se vanagloria ante sus paisanos de los<br \/>\n\u008exitos que su arte consigue d\u0092a a d\u0092a.<\/p>\n<p>Por eso vemos a Mercedes por nuestras calles, por nuestros comercios, sin ser conscientes de que estamos ante una artista que fuera de nuestro entorno, crea tanta expectaci\u0097n como si vi\u008eramos a Jos\u008e Merc\u008e pasear por nuestro pueblo.<br \/>\nEn los pocos meses que llevo trabajando codo con codo con Mercedes, he podido apreciar la admiraci\u0097n que levanta en otras localidades, en otras ciudades, incluso al otro lado del oc\u008eano he sido testigo, con enorme satisfacci\u0097n tanto personal como profesional, en pa\u0092ses como Venezuela o Per\u009c de la enorme<br \/>\nexpectaci\u0097n que su voz genera.<br \/>\nHoy, en este art\u0092culo, s\u008e que me he convertido en la portavoz de su trabajo, aunque he decidido no enumerar uno a uno todos los premios conseguidos, ni aquellos Festivales en los que ha encabezado cartel como figura m\u0087xima, porque s\u008e que no tendr\u0092a la aprobaci\u0097n de Mercedes, puesto que como ya he<br \/>\nrese\u0096ado, su talante m\u0087gicamente modesto, hubiera impedido que se\u0096alara cada uno de sus importantes logros.<br \/>\nPor un lado estamos ante<\/p>\n<p>Merceditas, nuestra vecina, a la que todos conocemos, la mayor\u0092a saludamos y que de una manera, m\u0087s o menos gen\u008erica, conocemos de su biograf\u0092a. Por el otro, deber\u0092amos sentirnos orgullosos<br \/>\nde tener como convecina a MERCEDES HIDALGO, comenzando a valorar la magnitud de su hacer art\u0092stico, impidiendo de estaforma caer en el t\u0097pico de: Nadie es profeta en su tierra .<br \/>\nEn breve podremos apreciar a una cantaora, en plena madurez art\u0092stica, en un nuevo trabajo discogr\u0087fico, en el que no s\u0097lo expresa todas las tesituras de su alabada voz, sino que aparece por<br \/>\nprimera vez como compositora, otra de sus facetas empe\u0096ada en tener oculta. Ahora tenemos una nueva oportunidad de saber y apreciar que significa Mercedes para muchos<br \/>\nde sus seguidores, adem\u0087s de comprender porqu\u008e est\u0087 en la cima del flamenco. <br \/>\nEspero haber acercado a MERCEDES HIDALGO a sus conciudadanos, porque tal y como comentaba al principio, la mayor\u0092a de las ocasiones no somos conscientes de que estamos ante una aut\u008entica figura, aunque tambi\u008en, espero que sigamos teniendo en cuenta que tras ese gran nombre est\u0087 Mercedes, nuestra Mercedes<\/p>\n<p><a href=\"https:\/\/i0.wp.com\/miradordeatarfe.es\/wp-content\/uploads\/2024\/05\/Screenshot-2024-05-16-at-11-40-23-Mercedes-Hidalgo-Por-Peteneras.png?ssl=1\"><img data-recalc-dims=\"1\" loading=\"lazy\" decoding=\"async\" class=\"wp-image-69369 size-full aligncenter\" src=\"https:\/\/i0.wp.com\/miradordeatarfe.es\/wp-content\/uploads\/2024\/05\/Screenshot-2024-05-16-at-11-40-23-Mercedes-Hidalgo-Por-Peteneras.png?resize=640%2C338&#038;ssl=1\" alt=\"\" width=\"640\" height=\"338\" srcset=\"https:\/\/i0.wp.com\/miradordeatarfe.es\/wp-content\/uploads\/2024\/05\/Screenshot-2024-05-16-at-11-40-23-Mercedes-Hidalgo-Por-Peteneras.png?w=955&amp;ssl=1 955w, https:\/\/i0.wp.com\/miradordeatarfe.es\/wp-content\/uploads\/2024\/05\/Screenshot-2024-05-16-at-11-40-23-Mercedes-Hidalgo-Por-Peteneras.png?resize=300%2C159&amp;ssl=1 300w, https:\/\/i0.wp.com\/miradordeatarfe.es\/wp-content\/uploads\/2024\/05\/Screenshot-2024-05-16-at-11-40-23-Mercedes-Hidalgo-Por-Peteneras.png?resize=768%2C406&amp;ssl=1 768w\" sizes=\"auto, (max-width: 640px) 100vw, 640px\" \/><\/a><\/p>\n<p>&nbsp;<\/p>\n","protected":false},"excerpt":{"rendered":"<p>ARTICULO PUBLICADO EN EL MIRADOR DE ATARFE EN AGOSTO-SEPTIEMBRE DE 2002.HAN PASADO ALGUNOS A\u00d1OS Y&#8230;<\/p>\n","protected":false},"author":1,"featured_media":69366,"comment_status":"closed","ping_status":"closed","sticky":false,"template":"","format":"standard","meta":{"_coblocks_attr":"","_coblocks_dimensions":"","_coblocks_responsive_height":"","_coblocks_accordion_ie_support":"","jetpack_post_was_ever_published":false,"_jetpack_newsletter_access":"","_jetpack_dont_email_post_to_subs":false,"_jetpack_newsletter_tier_id":0,"_jetpack_memberships_contains_paywalled_content":false,"_jetpack_memberships_contains_paid_content":false,"footnotes":"","jetpack_publicize_message":"","jetpack_publicize_feature_enabled":true,"jetpack_social_post_already_shared":false,"jetpack_social_options":{"image_generator_settings":{"template":"highway","default_image_id":0,"enabled":false},"version":2}},"categories":[7511,44,6539],"tags":[],"class_list":["post-69363","post","type-post","status-publish","format-standard","has-post-thumbnail","hentry","category-atarfe-en-papel","category-noticias-de-hoy","category-personajes-de-ataref"],"jetpack_publicize_connections":[],"jetpack_featured_media_url":"https:\/\/i0.wp.com\/miradordeatarfe.es\/wp-content\/uploads\/2024\/05\/007496.gif?fit=200%2C300&ssl=1","jetpack_likes_enabled":true,"jetpack_sharing_enabled":true,"_links":{"self":[{"href":"https:\/\/miradordeatarfe.es\/index.php?rest_route=\/wp\/v2\/posts\/69363","targetHints":{"allow":["GET"]}}],"collection":[{"href":"https:\/\/miradordeatarfe.es\/index.php?rest_route=\/wp\/v2\/posts"}],"about":[{"href":"https:\/\/miradordeatarfe.es\/index.php?rest_route=\/wp\/v2\/types\/post"}],"author":[{"embeddable":true,"href":"https:\/\/miradordeatarfe.es\/index.php?rest_route=\/wp\/v2\/users\/1"}],"replies":[{"embeddable":true,"href":"https:\/\/miradordeatarfe.es\/index.php?rest_route=%2Fwp%2Fv2%2Fcomments&post=69363"}],"version-history":[{"count":2,"href":"https:\/\/miradordeatarfe.es\/index.php?rest_route=\/wp\/v2\/posts\/69363\/revisions"}],"predecessor-version":[{"id":69370,"href":"https:\/\/miradordeatarfe.es\/index.php?rest_route=\/wp\/v2\/posts\/69363\/revisions\/69370"}],"wp:featuredmedia":[{"embeddable":true,"href":"https:\/\/miradordeatarfe.es\/index.php?rest_route=\/wp\/v2\/media\/69366"}],"wp:attachment":[{"href":"https:\/\/miradordeatarfe.es\/index.php?rest_route=%2Fwp%2Fv2%2Fmedia&parent=69363"}],"wp:term":[{"taxonomy":"category","embeddable":true,"href":"https:\/\/miradordeatarfe.es\/index.php?rest_route=%2Fwp%2Fv2%2Fcategories&post=69363"},{"taxonomy":"post_tag","embeddable":true,"href":"https:\/\/miradordeatarfe.es\/index.php?rest_route=%2Fwp%2Fv2%2Ftags&post=69363"}],"curies":[{"name":"wp","href":"https:\/\/api.w.org\/{rel}","templated":true}]}}