{"id":69391,"date":"2024-05-17T11:31:14","date_gmt":"2024-05-17T09:31:14","guid":{"rendered":"https:\/\/miradordeatarfe.es\/?p=69391"},"modified":"2024-05-17T11:31:14","modified_gmt":"2024-05-17T09:31:14","slug":"atarfe-el-teatro-del-corazon-y-la-vega-de-granada","status":"publish","type":"post","link":"https:\/\/miradordeatarfe.es\/?p=69391","title":{"rendered":"ATARFE: El teatro del coraz\u00f3n y la Vega de Granada"},"content":{"rendered":"<h3 class=\"v-a-sub-t\" style=\"text-align: justify;\">La Fundaci\u00f3n Escuela de Solidaridad convierte una nave entre Atarfe y Pinos Puente en un teatro con marcado car\u00e1cter social, decorado por los ni\u00f1os acogidos por la asociaci\u00f3n<\/h3>\n<p class=\"v-p\" style=\"text-align: justify;\">La nave est\u00e1 exactamente en la l\u00ednea invisible que separa Atarfe de Pinos Puente, en un caminito que asciende hacia la monta\u00f1a, junto a la N-432, a 20 minutos escasos del centro de Granada. Cuando el port\u00f3n se abre, un disparo de luz atraviesa el interior de la nave e ilumina sus amplias paredes. Hay un centenar de cuadros pintados por ni\u00f1os que llegan hasta el techo. Tambi\u00e9n sillas y puertas de colores que invitan a visitar pa\u00edses de maravillas. Al fondo, en el escenario, un enorme \u00e1rbol de papel rodeado de m\u00e1scaras y disfraces. Y entre medias, 80 butacas que esperan impacientes a que empiece la primera funci\u00f3n.<\/p>\n<div class=\"paywall container-wall-exclusive\" style=\"text-align: justify;\" data-mrf-recirculation=\"Link art\u00edculos\">\n<p class=\"v-p\">\u00abBienvenidos al Teatro de la Vega\u00bb, dice sonriente Dora Fanelli, una de las responsables de la <a title=\"Fundaci\u00f3n Escuela de Solidaridad\" href=\"https:\/\/www.escuelasolidaridad.org\/\" data-voc-vtm-id=\"in-text-traffic\" data-mrf-link=\"https:\/\/www.escuelasolidaridad.org\/\">Fundaci\u00f3n Escuela de Solidaridad<\/a>. El teatro, una nave agraria preciosamente reinventada, se encuentra a espaldas de la asociaci\u00f3n, un complejo con diez casas unidas por jardines y espacios comunes donde conviven 150 personas de m\u00e1s de 35 nacionalidades. La mayor\u00eda, inmigrantes que necesitaban ayuda. \u00abEste es nuestro proyecto de arte social. Un lugar accesible y gratuito que llevar\u00e1n a nivel t\u00e9cnico personas acogidas en nuestra comunidad\u00bb, explica Fanelli. \u00abSer\u00e1 toda una motivaci\u00f3n para ellos\u00bb.<\/p>\n<\/div>\n<div class=\"v-c-cmp \" style=\"text-align: justify;\">\n<div class=\"v-cmp-m \">\n<article class=\"v-a v-a--cmp-m \">\n<div class=\"v-a-img-c v-a-img-c--fw-xs\">\n<figure class=\"v-a-fig\"><img data-recalc-dims=\"1\" loading=\"lazy\" decoding=\"async\" class=\"v-a-img lzld\" src=\"https:\/\/i0.wp.com\/s2.ppllstatics.com\/ideal\/www\/multimedia\/2024\/05\/12\/teatro-vega%20%282%29-kZq-U22070421796IxH-650x455%40Ideal.jpg?resize=640%2C448&#038;ssl=1\" alt=\"El interior del teatro.\" width=\"640\" height=\"448\" data-voc-vtm-id=\"in-text-traffic\" \/><figcaption class=\"v-fc\"><span class=\"v-fc__t\"> El interior del teatro. <\/span> <span class=\"v-fc__p\"> R. L. P\u00c9REZ <\/span><\/figcaption><\/figure>\n<\/div>\n<\/article>\n<\/div>\n<\/div>\n<p class=\"v-p\" style=\"text-align: justify;\">La sala, de 300 metros cuadrados, est\u00e1 hecha con material de reciclaje y, en un futuro, podr\u00e1 acoger a 200 personas. \u00abEstas 80 butacas son una donaci\u00f3n del Granada Center, de cuando reformaron el hotel. Y en breve nos llegan otras 40 que nos ceden del espacio creativo La Buia, de Armilla\u00bb. Los cuadros de las paredes, de colores fuertes y vivos, son de los ni\u00f1os y ni\u00f1as de la fundaci\u00f3n. \u00abAlgunos tienen mucha historia\u2026 Mira, ese Joker \u2013Fanelli se\u00f1ala un dibujo del enemigo de Batman\u2013 lo hizo un hu\u00e9rfano al que tengo mucho cari\u00f1o. Y esos grabados del Albaic\u00edn son de un proyecto que tenemos en el barrio\u00bb.<\/p>\n<p class=\"v-p\" style=\"text-align: justify;\">En el Teatro de la Vega hay una algarab\u00eda constante. Gente de todo el mundo \u2013alemanes, italianos, croatas, marroqu\u00edes, argentinos, estadounidenses&#8230;\u2013 llevando cosas de un lado a otro, d\u00e1ndose instrucciones, preparando materiales, ensayando escenas\u2026 \u00abEl d\u00eda 19 hacemos la presentaci\u00f3n, una jornada de puertas abiertas con una programaci\u00f3n que empieza a las once, con un desayuno, y terminar\u00e1 a medianoche\u00bb. De las 150 personas que viven actualmente en la comunidad, 70 son artistas, psic\u00f3logos y terapeutas invitados que realizan proyectos en los que el arte juega un papel &#8216;curativo&#8217;. \u00abEl \u00e1rbol del escenario \u2013dice Fanelli\u2013 es un t\u00f3tem que llevaremos en el pasacalles del festival. Porque la presentaci\u00f3n del teatro es, claro, parte del festival\u00bb.<\/p>\n<div class=\"v-c-cmp v-c-cmp--sm\" style=\"text-align: justify;\">\n<div class=\"v-cmp-cmb\">\n<figure class=\"v-cmp-cmb__fig\">\n<div class=\"v-cmp-cmb__c\"><a href=\"https:\/\/i0.wp.com\/miradordeatarfe.es\/wp-content\/uploads\/2024\/05\/TETARO1.webp?ssl=1\"><img data-recalc-dims=\"1\" loading=\"lazy\" decoding=\"async\" class=\"alignnone wp-image-69392 size-large\" src=\"https:\/\/i0.wp.com\/miradordeatarfe.es\/wp-content\/uploads\/2024\/05\/TETARO1.webp?resize=640%2C454&#038;ssl=1\" alt=\"\" width=\"640\" height=\"454\" srcset=\"https:\/\/i0.wp.com\/miradordeatarfe.es\/wp-content\/uploads\/2024\/05\/TETARO1.webp?resize=1024%2C726&amp;ssl=1 1024w, https:\/\/i0.wp.com\/miradordeatarfe.es\/wp-content\/uploads\/2024\/05\/TETARO1.webp?resize=300%2C213&amp;ssl=1 300w, https:\/\/i0.wp.com\/miradordeatarfe.es\/wp-content\/uploads\/2024\/05\/TETARO1.webp?resize=768%2C545&amp;ssl=1 768w, https:\/\/i0.wp.com\/miradordeatarfe.es\/wp-content\/uploads\/2024\/05\/TETARO1.webp?w=1200&amp;ssl=1 1200w\" sizes=\"auto, (max-width: 640px) 100vw, 640px\" \/><\/a> <a href=\"https:\/\/i0.wp.com\/miradordeatarfe.es\/wp-content\/uploads\/2024\/05\/TEWTRO-2.webp?ssl=1\"><img data-recalc-dims=\"1\" loading=\"lazy\" decoding=\"async\" class=\"alignnone wp-image-69393 size-large\" src=\"https:\/\/i0.wp.com\/miradordeatarfe.es\/wp-content\/uploads\/2024\/05\/TEWTRO-2.webp?resize=640%2C449&#038;ssl=1\" alt=\"\" width=\"640\" height=\"449\" srcset=\"https:\/\/i0.wp.com\/miradordeatarfe.es\/wp-content\/uploads\/2024\/05\/TEWTRO-2.webp?resize=1024%2C718&amp;ssl=1 1024w, https:\/\/i0.wp.com\/miradordeatarfe.es\/wp-content\/uploads\/2024\/05\/TEWTRO-2.webp?resize=300%2C210&amp;ssl=1 300w, https:\/\/i0.wp.com\/miradordeatarfe.es\/wp-content\/uploads\/2024\/05\/TEWTRO-2.webp?resize=768%2C538&amp;ssl=1 768w, https:\/\/i0.wp.com\/miradordeatarfe.es\/wp-content\/uploads\/2024\/05\/TEWTRO-2.webp?w=1200&amp;ssl=1 1200w\" sizes=\"auto, (max-width: 640px) 100vw, 640px\" \/><\/a><\/div>\n<\/figure>\n<\/div>\n<\/div>\n<div class=\"v-c-cmp v-c-cmp--sm\" style=\"text-align: justify;\">\n<div class=\"v-cmp-cmb\">\n<figure class=\"v-cmp-cmb__fig\"><figcaption class=\"v-fc\"><span class=\"v-fc__t\"> Detalles del Teatro de la Vega. <\/span> <span class=\"v-fc__p\"> R. L. P. <\/span><\/figcaption><\/figure>\n<\/div>\n<\/div>\n<div class=\"v-c-cmp v-n-mrg\" style=\"text-align: justify;\">\n<h3 class=\"v-cmp-suh\">El festival Krearte<\/h3>\n<\/div>\n<p class=\"v-p\" style=\"text-align: justify;\">El <a title=\"Festival Krearte\" href=\"https:\/\/festivalkrearte.com\/\" data-voc-vtm-id=\"in-text-traffic\" data-mrf-link=\"https:\/\/festivalkrearte.com\/\">Festival Krearte<\/a> naci\u00f3 aqu\u00ed mismo, en la Fundaci\u00f3n Escuela de Solidaridad (FES), hace cinco a\u00f1os. \u00abSu objetivo principal \u2013explica Fanelli\u2013 es promover el arte como forma de intervenci\u00f3n en el \u00e1mbito social. Que el arte sea una actividad estructural dentro de las comunidades de acogida y los proyectos sociales\u00bb. As\u00ed, del 14 al 19 de mayo, Krearte organiza 15 talleres gratuitos en distintos espacios de Granada: La Moebius, Sapame, Espacio Casa Kuna, Intercultural Life, el Faro Taller, Espacio Joven del Ayuntamiento, el Centro C\u00edvico Albaic\u00edn y la propia FES. Una explosi\u00f3n de creatividad que cuenta con el respaldo de la Diputaci\u00f3n de Granada, la Fundaci\u00f3n \u00bbla Caixa\u00bb, el Cuerpo Europeo de Solidaridad y el programa Erasmus+.<\/p>\n<div class=\"v-c-cmp \" style=\"text-align: justify;\">\n<div class=\"v-cmp-m \">\n<article class=\"v-a v-a--cmp-m \">\n<div class=\"v-a-img-c v-a-img-c--fw-xs\">\n<figure class=\"v-a-fig\"><img data-recalc-dims=\"1\" loading=\"lazy\" decoding=\"async\" class=\"v-a-img lzld\" src=\"https:\/\/i0.wp.com\/s3.ppllstatics.com\/ideal\/www\/multimedia\/2024\/05\/12\/teatro-vega%20%281%29-kZq-U220704217961ZB-650x455%40Ideal.jpg?resize=640%2C448&#038;ssl=1\" alt=\"Una de las organizadoras del festival prepara m\u00e1scaras y disfraces realizados con material reciclado.\" width=\"640\" height=\"448\" data-voc-vtm-id=\"in-text-traffic\" \/><figcaption class=\"v-fc\"><span class=\"v-fc__t\"> Una de las organizadoras del festival prepara m\u00e1scaras y disfraces realizados con material reciclado. <\/span> <span class=\"v-fc__p\"> R. L. P. <\/span><\/figcaption><\/figure>\n<\/div>\n<\/article>\n<\/div>\n<\/div>\n<p class=\"v-p\" style=\"text-align: justify;\">Los responsables de los talleres son asociaciones internacionales que promueven proyectos art\u00edsticos con colectivos vulnerables. Entidades como Divadlo bez domova (Eslovaquia), Namastay Social Justice Lab (Alemania), The Bielsko Artistic Association Grodzki Theatre (Polonia), Casa Desv\u00edo (Espa\u00f1a), Stankos Ramad\u00e1n (Espa\u00f1a), AlphaZTL (Italia) o Il Mondo Capovolto (Italia), entre otras. Hay talleres de narraci\u00f3n, de marionetas, de podcasts, de improvisaci\u00f3n, de acrobacias en zancos, de baile, de creaci\u00f3n de m\u00e1scaras\u2026 (pueden consultar <a title=\"la lista completa en festivalkrearte.com\" href=\"https:\/\/festivalkrearte.com\/talleres-2\/\" data-voc-vtm-id=\"in-text-traffic\" data-mrf-link=\"https:\/\/festivalkrearte.com\/talleres-2\/\">la lista completa en festivalkrearte.com<\/a>).<\/p>\n<p class=\"v-p\" style=\"text-align: justify;\">El s\u00e1bado 18, todos los artistas y participantes de los talleres se unir\u00e1n en un precioso pasacalles que saldr\u00e1 desde la Plaza de las Pasiegas, a las 17.00 horas, y terminar\u00e1 en Plaza Nueva. \u00abQueremos visibilizar el trabajo que hacemos a trav\u00e9s del arte con las personas m\u00e1s fr\u00e1giles. Y lo haremos con mucha m\u00fasica\u00bb, sonr\u00ede Fanelli.<\/p>\n<div class=\"v-c-cmp v-n-mrg\" style=\"text-align: justify;\">\n<h3 class=\"v-cmp-suh\">Una entidad propia<\/h3>\n<\/div>\n<p class=\"v-p\" style=\"text-align: justify;\">El festival invita cada a\u00f1o a artistas y profesores granadinos, espa\u00f1oles y europeos a que impartan talleres sobre c\u00f3mo el arte puede servir al sector social. Desde 2021, Krearte se convirti\u00f3 en una asociaci\u00f3n con entidad propia que desarrolla programas enfocados a la mediaci\u00f3n, la integraci\u00f3n social y la promoci\u00f3n de la salud colectiva y comunitaria. Adem\u00e1s, impulsa redes y estrategias para el desarrollo art\u00edstico. Hace un a\u00f1o inici\u00f3 talleres de danza y psicomotricidad en la prisi\u00f3n de Albolote y en un centro de acogida para personas con permiso que efect\u00faan trabajos a beneficio de la comunidad y en tercer grado.<\/p>\n<p class=\"v-p\" style=\"text-align: justify;\">En el escenario del Teatro de la Vega hay un centenar de personas que sonr\u00eden a c\u00e1mara, abrazados los unos a los otros, sin tierras ni fronteras de por medio. Pese a que nacieron con idiomas muy distintos, aqu\u00ed se entienden a las mil maravillas con el idioma m\u00e1s poderoso del mundo. \u00abEsto es una familia. Aqu\u00ed hay gente que lo ha pasado mal, gente que ha cruzado oc\u00e9anos en patera, gente a la que el arte les puede dar un nuevo sentido. Aqu\u00ed nos entendemos bien. Aqu\u00ed hablamos con el coraz\u00f3n\u00bb, termina Dora, en una puerta grande en mitad de la Vega que est\u00e1 a punto de abrir.<\/p>\n<p style=\"text-align: justify;\"><a href=\"https:\/\/www.ideal.es\/autor\/jose-e-cabrero-372.html\" data-mrf-link=\"https:\/\/www.ideal.es\/autor\/jose-e-cabrero-372.html\"><strong>Jos\u00e9 E. Cabrero<\/strong><\/a><\/p>\n<p style=\"text-align: justify;\"><span class=\"v-fc__t\">FOTO: Artistas y miembros de la comunidad en el interior del Teatro de la Vega, en Atarfe.<\/span> <span class=\"v-fc__p\">RAM\u00d3N L. P\u00c9REZ<\/span><\/p>\n<p style=\"text-align: justify;\">https:\/\/www.ideal.es\/culturas\/teatro-corazon-vega-granada-20240515000852-nt.html<\/p>\n<div class=\"v-d v-d--abc v-d--rpg\">\n<div class=\"v-mdl-ath \" data-voc-component=\"viewport-not-visible\">\n<div class=\"v-mdl-ath__c v-mdl-ath__c--1\">\n<div class=\"v-mdl-ath__img-c\" style=\"text-align: justify;\">\u00a0<\/div>\n<div class=\"v-mdl-ath__inf\">\n<p class=\"v-mdl-ath__p v-mdl-ath__p--2\" style=\"text-align: justify;\">\u00a0<\/p>\n<\/div>\n<\/div>\n<\/div>\n<\/div>\n","protected":false},"excerpt":{"rendered":"<p>La Fundaci\u00f3n Escuela de Solidaridad convierte una nave entre Atarfe y Pinos Puente en un&#8230;<\/p>\n","protected":false},"author":1,"featured_media":69394,"comment_status":"closed","ping_status":"closed","sticky":false,"template":"","format":"standard","meta":{"_coblocks_attr":"","_coblocks_dimensions":"","_coblocks_responsive_height":"","_coblocks_accordion_ie_support":"","jetpack_post_was_ever_published":false,"_jetpack_newsletter_access":"","_jetpack_dont_email_post_to_subs":false,"_jetpack_newsletter_tier_id":0,"_jetpack_memberships_contains_paywalled_content":false,"_jetpack_memberships_contains_paid_content":false,"footnotes":"","jetpack_publicize_message":"","jetpack_publicize_feature_enabled":true,"jetpack_social_post_already_shared":true,"jetpack_social_options":{"image_generator_settings":{"template":"highway","default_image_id":0,"enabled":false},"version":2}},"categories":[12,186,44],"tags":[],"class_list":["post-69391","post","type-post","status-publish","format-standard","has-post-thumbnail","hentry","category-cultura","category-instituciones","category-noticias-de-hoy"],"jetpack_publicize_connections":[],"jetpack_featured_media_url":"https:\/\/i0.wp.com\/miradordeatarfe.es\/wp-content\/uploads\/2024\/05\/TETARO.webp?fit=1200%2C840&ssl=1","jetpack_likes_enabled":true,"jetpack_sharing_enabled":true,"_links":{"self":[{"href":"https:\/\/miradordeatarfe.es\/index.php?rest_route=\/wp\/v2\/posts\/69391","targetHints":{"allow":["GET"]}}],"collection":[{"href":"https:\/\/miradordeatarfe.es\/index.php?rest_route=\/wp\/v2\/posts"}],"about":[{"href":"https:\/\/miradordeatarfe.es\/index.php?rest_route=\/wp\/v2\/types\/post"}],"author":[{"embeddable":true,"href":"https:\/\/miradordeatarfe.es\/index.php?rest_route=\/wp\/v2\/users\/1"}],"replies":[{"embeddable":true,"href":"https:\/\/miradordeatarfe.es\/index.php?rest_route=%2Fwp%2Fv2%2Fcomments&post=69391"}],"version-history":[{"count":1,"href":"https:\/\/miradordeatarfe.es\/index.php?rest_route=\/wp\/v2\/posts\/69391\/revisions"}],"predecessor-version":[{"id":69395,"href":"https:\/\/miradordeatarfe.es\/index.php?rest_route=\/wp\/v2\/posts\/69391\/revisions\/69395"}],"wp:featuredmedia":[{"embeddable":true,"href":"https:\/\/miradordeatarfe.es\/index.php?rest_route=\/wp\/v2\/media\/69394"}],"wp:attachment":[{"href":"https:\/\/miradordeatarfe.es\/index.php?rest_route=%2Fwp%2Fv2%2Fmedia&parent=69391"}],"wp:term":[{"taxonomy":"category","embeddable":true,"href":"https:\/\/miradordeatarfe.es\/index.php?rest_route=%2Fwp%2Fv2%2Fcategories&post=69391"},{"taxonomy":"post_tag","embeddable":true,"href":"https:\/\/miradordeatarfe.es\/index.php?rest_route=%2Fwp%2Fv2%2Ftags&post=69391"}],"curies":[{"name":"wp","href":"https:\/\/api.w.org\/{rel}","templated":true}]}}