{"id":69396,"date":"2024-05-19T10:34:50","date_gmt":"2024-05-19T08:34:50","guid":{"rendered":"https:\/\/miradordeatarfe.es\/?p=69396"},"modified":"2024-05-17T11:38:13","modified_gmt":"2024-05-17T09:38:13","slug":"atarfe-pablo-fernandez-triunfador-del-certamen-de-tentaderos-de-la-ftl","status":"publish","type":"post","link":"https:\/\/miradordeatarfe.es\/?p=69396","title":{"rendered":"ATARFE: Pablo Fern\u00e1ndez, triunfador del Certamen de tentaderos de la FTL"},"content":{"rendered":"<h2 class=\"v-a-sub-t\" style=\"text-align: justify;\">El alumno de la Escuela Taurina de Atarfe recibi\u00f3 como premio en la Plaza de Alcudia de Guadix un capote de &#8216;El Fandi&#8217; y la participaci\u00f3n en tres novilladas.<\/h2>\n<p class=\"v-p\" style=\"text-align: justify;\">la Taurina de Atarfe Pablo Fern\u00e1ndez se ha proclamado este mediod\u00eda triunfador de la tercera edici\u00f3n del Certamen de tentaderos para novilleros sin caballos granadinos, impulsado por el Cap\u00edtulo Granada de la Fundaci\u00f3n del Toro de Lidia. Como ya ocurriera en las dos fases anteriores del certamen (celebradas en la ganader\u00eda de Castillo de la Reina) el joven espada de Maracena volvi\u00f3 a sorprender en la Plaza de Alcudia de Guadix por el \u00e1ngel de su toreo y ese pellizco y sello tan personal que transmite todo cuanto hace. Pablo Fern\u00e1ndez recibi\u00f3 como premio un capote, donado por el diestro granadino David Fandila &#8216;El Fandi&#8217;, y su participaci\u00f3n en los cert\u00e1menes de novilladas de Gor y Calasparra y en una de las novilladas organizadas por la empresa Alhambra Tauro Ganivet.<\/p>\n<div class=\"paywall container-wall-exclusive\" style=\"text-align: justify;\" data-mrf-recirculation=\"Link art\u00edculos\">\n<p class=\"v-p\">No lo tuvo f\u00e1cil el jurado encargado de ponderar las actuaciones de los cuatro finalistas, dado el gran nivel exhibido por los espadas Ernesto Lorenzo, de la Escuela Taurina de Motril, Blas M\u00e1rquez, de la Escuela de Ja\u00e9n, Gustavo Martos, de la Escuela de Motril, y el citado Pablo Fern\u00e1ndez. Junto a ellos tambi\u00e9n participaron con \u00e9xito, en calidad de invitados, los alumnos de la Escuela Taurina de Catalu\u00f1a Marcos Adame y Hugo Casado.<\/p>\n<\/div>\n<div class=\"v-adv  v-adv--ly\" style=\"text-align: justify;\">\n<div class=\"v-adv__item \">\n<div id=\"layer_inpage-id\" data-voc-vam=\"\" data-voc-vam-position=\"layer_inpage\" data-google-query-id=\"CI2wqvqwlIYDFSVQ9ggdvygKYQ\" data-voc-vam-displayed=\"true\">\n<div id=\"google_ads_iframe_\/4900\/vocento.ideal\/culturas_4__container__\">Todos los actuantes no s\u00f3lo sacaron partido al buen juego de las vacas de Hermanos Ramos Valle sino que tambi\u00e9n supieron capear, con no menos torer\u00eda, la lluvia intermitente que condicion\u00f3 el desarrollo del tentadero y acab\u00f3 embarrando el ruedo.<\/div>\n<\/div>\n<\/div>\n<\/div>\n<p class=\"v-p\" style=\"text-align: justify;\">En esta \u00faltima jornada el jurado encargado de valorar a los actuantes estuvo compuesto por Fernando Navarro, coordinador del Cap\u00edtulo Granada de la Fundaci\u00f3n del Toro de Lidia, la presidenta de los festejos taurinos en la Monumental de Frascuelo y el Coliseo de Atarfe Ana Bel\u00e9n \u00c1lvarez Abu\u00edn, el aficionado Jos\u00e9 Mar\u00eda Pe\u00f1a, Javier Mar\u00edn, miembro del Cap\u00edtulo Granada, y el matador granadino Alejandro Enr\u00edquez.<\/p>\n<p class=\"v-p\" style=\"text-align: justify;\">La final del Certamen cont\u00f3 tambi\u00e9n con el respaldo del diputado de Agua, Promoci\u00f3n Agraria y Medio Ambiente, Antonio Mancilla, y de la parlamentaria andaluza Celia Santiago<\/p>\n<p style=\"text-align: justify;\"><strong>Mar\u00eda Dolores Mart\u00ednez<\/strong><\/p>\n<p><span class=\"v-fc__t\">FOTO: El Fandi entrega el premio al novillero Pablo Fern\u00e1ndez.<\/span><\/p>\n<p>https:\/\/www.ideal.es\/culturas\/pablo-fernandez-triunfador-certamen-tentaderos-ftl-20240501215425-nt.html<\/p>\n<article class=\"v-a v-a--d v-a--d-bs v-a--p-b\">\n<div class=\"v-a-info-c \">\n<h2 class=\"v-a-sub-t\">\u00a0<\/h2>\n<\/div>\n<\/article>\n<div class=\"v-d v-d--ab-c v-d--bs\">\n<div class=\"v-mdl-ath \" data-voc-component=\"viewport-not-visible\">\n<div class=\"v-mdl-ath__c v-mdl-ath__c--1\">\n<div class=\"v-mdl-ath__inf\">\n<p class=\"v-mdl-ath__p v-mdl-ath__p--2\"><strong>\u00a0<\/strong><\/p>\n<\/div>\n<\/div>\n<\/div>\n<\/div>\n","protected":false},"excerpt":{"rendered":"<p>El alumno de la Escuela Taurina de Atarfe recibi\u00f3 como premio en la Plaza de&#8230;<\/p>\n","protected":false},"author":1,"featured_media":69397,"comment_status":"closed","ping_status":"closed","sticky":false,"template":"","format":"standard","meta":{"_coblocks_attr":"","_coblocks_dimensions":"","_coblocks_responsive_height":"","_coblocks_accordion_ie_support":"","jetpack_post_was_ever_published":false,"_jetpack_newsletter_access":"","_jetpack_dont_email_post_to_subs":false,"_jetpack_newsletter_tier_id":0,"_jetpack_memberships_contains_paywalled_content":false,"_jetpack_memberships_contains_paid_content":false,"footnotes":"","jetpack_publicize_message":"","jetpack_publicize_feature_enabled":true,"jetpack_social_post_already_shared":true,"jetpack_social_options":{"image_generator_settings":{"template":"highway","default_image_id":0,"enabled":false},"version":2}},"categories":[2,186,44],"tags":[],"class_list":["post-69396","post","type-post","status-publish","format-standard","has-post-thumbnail","hentry","category-atarfe","category-instituciones","category-noticias-de-hoy"],"jetpack_publicize_connections":[],"jetpack_featured_media_url":"https:\/\/i0.wp.com\/miradordeatarfe.es\/wp-content\/uploads\/2024\/05\/FANDI.webp?fit=1198%2C840&ssl=1","jetpack_likes_enabled":true,"jetpack_sharing_enabled":true,"_links":{"self":[{"href":"https:\/\/miradordeatarfe.es\/index.php?rest_route=\/wp\/v2\/posts\/69396","targetHints":{"allow":["GET"]}}],"collection":[{"href":"https:\/\/miradordeatarfe.es\/index.php?rest_route=\/wp\/v2\/posts"}],"about":[{"href":"https:\/\/miradordeatarfe.es\/index.php?rest_route=\/wp\/v2\/types\/post"}],"author":[{"embeddable":true,"href":"https:\/\/miradordeatarfe.es\/index.php?rest_route=\/wp\/v2\/users\/1"}],"replies":[{"embeddable":true,"href":"https:\/\/miradordeatarfe.es\/index.php?rest_route=%2Fwp%2Fv2%2Fcomments&post=69396"}],"version-history":[{"count":1,"href":"https:\/\/miradordeatarfe.es\/index.php?rest_route=\/wp\/v2\/posts\/69396\/revisions"}],"predecessor-version":[{"id":69398,"href":"https:\/\/miradordeatarfe.es\/index.php?rest_route=\/wp\/v2\/posts\/69396\/revisions\/69398"}],"wp:featuredmedia":[{"embeddable":true,"href":"https:\/\/miradordeatarfe.es\/index.php?rest_route=\/wp\/v2\/media\/69397"}],"wp:attachment":[{"href":"https:\/\/miradordeatarfe.es\/index.php?rest_route=%2Fwp%2Fv2%2Fmedia&parent=69396"}],"wp:term":[{"taxonomy":"category","embeddable":true,"href":"https:\/\/miradordeatarfe.es\/index.php?rest_route=%2Fwp%2Fv2%2Fcategories&post=69396"},{"taxonomy":"post_tag","embeddable":true,"href":"https:\/\/miradordeatarfe.es\/index.php?rest_route=%2Fwp%2Fv2%2Ftags&post=69396"}],"curies":[{"name":"wp","href":"https:\/\/api.w.org\/{rel}","templated":true}]}}