{"id":69426,"date":"2024-05-20T10:27:46","date_gmt":"2024-05-20T08:27:46","guid":{"rendered":"https:\/\/miradordeatarfe.es\/?p=69426"},"modified":"2024-05-20T14:16:35","modified_gmt":"2024-05-20T12:16:35","slug":"charla-acepta-y-vuela-con-mara-jimenez-un-exito-rotundo-en-atarfe","status":"publish","type":"post","link":"https:\/\/miradordeatarfe.es\/?p=69426","title":{"rendered":"Charla \u00abAcepta y Vuela\u00bb con Mara Jim\u00e9nez: Un \u00c9xito Rotundo en Atarfe\u00a0"},"content":{"rendered":"<div class=\"x11i5rnm xat24cr x1mh8g0r x1vvkbs xtlvy1s x126k92a\">\n<h3 dir=\"auto\">El pasado martes 14 de mayo, tuvimos el honor de recibir a Mara Jim\u00e9nez en Atarfe para impartir la inspiradora charla \u00abAcepta y Vuela\u00bb. La charla fue un \u00e9xito rotundo, con una gran asistencia.<\/h3>\n<div class=\"a_de\" data-dtm-region=\"articulo_sumarioenlaces-despiece\">\n<h3 class=\"a_de_t\">ACEPTA Y VUELA<\/h3>\n<div class=\"a_de_txt\">\n<p>Este es el t\u00edtulo del libro donde Mara Jim\u00e9nez (Sabadell, 26 a\u00f1os) cuenta su vida, marcada por el acoso escolar que sufri\u00f3 debido a su aspecto f\u00edsico, que la llev\u00f3 a padecer un trastorno alimentario, y su proceso de sanaci\u00f3n, hasta convertirse en una de las voces m\u00e1s influyentes contra la gordofobia en Espa\u00f1a.<a href=\"https:\/\/www.instagram.com\/croquetamente__\/?hl=es\" data-link-track-dtm=\"\" data-mrf-link=\"https:\/\/www.instagram.com\/croquetamente__\/?hl=es\"> Desde su cuenta de Instagram<\/a>, con m\u00e1s de 350.000 seguidores, y de Tik Tok, Jim\u00e9nez, conocida como @croquetamente_, ha conseguido hacer viral el consultorio \u00abGente gorda haciendo cosas, d\u00edgame\u00bb, donde aborda con humor y amor los prejuicios que soportan las personas con sobrepeso.\u00a0\u00a0<\/p>\n<\/div>\n<\/div>\n<\/div>\n<div class=\"x11i5rnm xat24cr x1mh8g0r x1vvkbs xtlvy1s x126k92a\">\n<p dir=\"auto\">Con un auditorio plenamente repleto de mujeres\u00a0 Mara Jim\u00e9nez tuvo una incre\u00edble intervenci\u00f3n del agrado de todos los asistentes que lo hicieron posible.Este evento se realiz\u00f3 como parte de la programaci\u00f3n de<strong> \u00abParticipa Atarfe\u00bb<\/strong>, organizada por la Concejal\u00eda de Participaci\u00f3n Ciudadana en colaboraci\u00f3n con la Concejal\u00eda de Juventud.<\/p>\n<\/div>\n<div class=\"x11i5rnm xat24cr x1mh8g0r x1vvkbs xtlvy1s x126k92a\">\n<div dir=\"auto\">Durante la charla, Mara comparti\u00f3 su historia personal, abordando temas cruciales como el bullying, los trastornos de la conducta alimentaria (TCA), la autoestima, el impacto de las redes sociales y la gordofobia. Los asistentes tuvieron la oportunidad de compartir sus experiencias y aprender a trav\u00e9s de din\u00e1micas interactivas, fomentando el amor propio.<\/div>\n<div dir=\"auto\">\n<p class=\"a_st\">La actriz y comunicadora, creadora del consultorio \u2018Gente gorda haciendo cosas\u2019, presenta \u2018Acepta y vuela\u2019, un libro donde narra su proceso desde padecer acoso escolar a convertirse en activista contra la \u2018gordofobia\u2019. omo dec\u00eda en una entrevista en el Pais ; <em>S\u00ed. Soy gorda y ya no me escondo. Es una identidad y eso es reapropiarse de algo que tanto da\u00f1o me ha hecho. A m\u00ed me cost\u00f3 mucho usar la palabra gorda. Pero es que crec\u00ed as\u00ed, es parte de mi personalidad, me ha hecho como soy. Entonces, reapropiarme del t\u00e9rmino es necesario para poder ser feliz, porque si no, es como si te clavaran el pu\u00f1al cada vez que la oyes ah\u00ed fuera<\/em><\/p>\n<\/div>\n<\/div>\n<div class=\"x11i5rnm xat24cr x1mh8g0r x1vvkbs xtlvy1s x126k92a\">\n<div dir=\"auto\">Como dice el Concejal del Ayuntamiento de Atarfe Javier Arenas Concejal de Participaci\u00f3n :<em> \u00abGracias a todas\/os los que participaron y contribuyeron a que esta charla fuera una experiencia tan enriquecedora y poderosa. Juntos, seguimos avanzando hacia un Atarfe m\u00e1s consciente y lleno de amor propio.\u00bb<\/em><\/div>\n<\/div>\n<div dir=\"auto\">\u00a0<\/div>\n<div dir=\"auto\">Video del Ayuntamiento de Atarfe:<\/div>\n<div dir=\"auto\">\u00a0<\/div>\n<div class=\"x11i5rnm xat24cr x1mh8g0r x1vvkbs xtlvy1s x126k92a\">\n<h3 dir=\"auto\"><a href=\"https:\/\/youtube.com\/shorts\/HSRqTkEX1ac?feature=shared\">https:\/\/youtube.com\/shorts\/HSRqTkEX1ac?feature=shared<\/a><\/h3>\n<\/div>\n<div dir=\"auto\">\u00a0<\/div>\n","protected":false},"excerpt":{"rendered":"<p>El pasado martes 14 de mayo, tuvimos el honor de recibir a Mara Jim\u00e9nez en&#8230;<\/p>\n","protected":false},"author":1,"featured_media":0,"comment_status":"closed","ping_status":"closed","sticky":false,"template":"","format":"standard","meta":{"_coblocks_attr":"","_coblocks_dimensions":"","_coblocks_responsive_height":"","_coblocks_accordion_ie_support":"","jetpack_post_was_ever_published":false,"_jetpack_newsletter_access":"","_jetpack_dont_email_post_to_subs":false,"_jetpack_newsletter_tier_id":0,"_jetpack_memberships_contains_paywalled_content":false,"_jetpack_memberships_contains_paid_content":false,"footnotes":"","jetpack_publicize_message":"","jetpack_publicize_feature_enabled":true,"jetpack_social_post_already_shared":true,"jetpack_social_options":{"image_generator_settings":{"template":"highway","default_image_id":0,"enabled":false},"version":2}},"categories":[6916,14,44,1],"tags":[],"class_list":["post-69426","post","type-post","status-publish","format-standard","hentry","category-ayuntamiento-de-atarfe","category-feminismo","category-noticias-de-hoy","category-uncategorized"],"jetpack_publicize_connections":[],"jetpack_featured_media_url":"","jetpack_likes_enabled":true,"jetpack_sharing_enabled":true,"_links":{"self":[{"href":"https:\/\/miradordeatarfe.es\/index.php?rest_route=\/wp\/v2\/posts\/69426","targetHints":{"allow":["GET"]}}],"collection":[{"href":"https:\/\/miradordeatarfe.es\/index.php?rest_route=\/wp\/v2\/posts"}],"about":[{"href":"https:\/\/miradordeatarfe.es\/index.php?rest_route=\/wp\/v2\/types\/post"}],"author":[{"embeddable":true,"href":"https:\/\/miradordeatarfe.es\/index.php?rest_route=\/wp\/v2\/users\/1"}],"replies":[{"embeddable":true,"href":"https:\/\/miradordeatarfe.es\/index.php?rest_route=%2Fwp%2Fv2%2Fcomments&post=69426"}],"version-history":[{"count":3,"href":"https:\/\/miradordeatarfe.es\/index.php?rest_route=\/wp\/v2\/posts\/69426\/revisions"}],"predecessor-version":[{"id":69436,"href":"https:\/\/miradordeatarfe.es\/index.php?rest_route=\/wp\/v2\/posts\/69426\/revisions\/69436"}],"wp:attachment":[{"href":"https:\/\/miradordeatarfe.es\/index.php?rest_route=%2Fwp%2Fv2%2Fmedia&parent=69426"}],"wp:term":[{"taxonomy":"category","embeddable":true,"href":"https:\/\/miradordeatarfe.es\/index.php?rest_route=%2Fwp%2Fv2%2Fcategories&post=69426"},{"taxonomy":"post_tag","embeddable":true,"href":"https:\/\/miradordeatarfe.es\/index.php?rest_route=%2Fwp%2Fv2%2Ftags&post=69426"}],"curies":[{"name":"wp","href":"https:\/\/api.w.org\/{rel}","templated":true}]}}