{"id":69444,"date":"2024-05-21T08:56:11","date_gmt":"2024-05-21T06:56:11","guid":{"rendered":"https:\/\/miradordeatarfe.es\/?p=69444"},"modified":"2024-05-20T18:03:11","modified_gmt":"2024-05-20T16:03:11","slug":"empresarios-antifascistas","status":"publish","type":"post","link":"https:\/\/miradordeatarfe.es\/?p=69444","title":{"rendered":"Empresarios antifascistas"},"content":{"rendered":"<div class=\"a_c clearfix\" data-dtm-region=\"articulo_cuerpo\">\n<h3 style=\"text-align: justify;\">No se equivoquen por una foto. <a href=\"https:\/\/elpais.com\/economia\/2024-05-18\/milei-intenta-seducir-a-las-empresas-espanolas-con-un-discurso-de-una-hora-sobre-sus-planes-economicos.html\" target=\"_blank\" rel=\"noopener\" data-link-track-dtm=\"\" data-mrf-link=\"https:\/\/elpais.com\/economia\/2024-05-18\/milei-intenta-seducir-a-las-empresas-espanolas-con-un-discurso-de-una-hora-sobre-sus-planes-economicos.html\">La de los 15 ejecutivos del oprobio. <\/a>Ellos y ninguna de ellas, porque \u00bfalguna suscribir\u00eda con su presencia que otras sean <a href=\"https:\/\/elpais.com\/argentina\/2024-02-08\/milei-presenta-en-el-congreso-un-proyecto-para-derogar-el-aborto-legal-en-argentina.html\" target=\"_blank\" rel=\"noopener\" data-link-track-dtm=\"\" data-mrf-link=\"https:\/\/elpais.com\/argentina\/2024-02-08\/milei-presenta-en-el-congreso-un-proyecto-para-derogar-el-aborto-legal-en-argentina.html\">encarceladas tres a\u00f1os por interrumpir su embarazo, <\/a>como propone Javier Milei, quien las califica de \u201casesinas\u201d?<\/h3>\n<p class=\"\" style=\"text-align: justify;\">Los 15 no pueden apoyar <a href=\"https:\/\/elpais.com\/espana\/2024-05-19\/milei-tacha-de-corrupta-a-la-esposa-de-pedro-sanchez-en-la-convencion-de-la-ultraderecha-internacional-en-madrid.html\" target=\"_blank\" rel=\"noopener\" data-link-track-dtm=\"\" data-mrf-link=\"https:\/\/elpais.com\/espana\/2024-05-19\/milei-tacha-de-corrupta-a-la-esposa-de-pedro-sanchez-en-la-convencion-de-la-ultraderecha-internacional-en-madrid.html\">su desatino diplom\u00e1tico.<\/a> Y saben que <a href=\"https:\/\/elpais.com\/argentina\/2024-05-04\/milei-ataca-al-presidente-espanol-pedro-sanchez-ha-puesto-en-riesgo-a-las-mujeres-espanolas-permitiendo-la-inmigracion-ilegal.html\" target=\"_blank\" rel=\"noopener\" data-link-track-dtm=\"\" data-mrf-link=\"https:\/\/elpais.com\/argentina\/2024-05-04\/milei-ataca-al-presidente-espanol-pedro-sanchez-ha-puesto-en-riesgo-a-las-mujeres-espanolas-permitiendo-la-inmigracion-ilegal.html\">el torpe ministro que hab\u00eda atacado al visitante <\/a>pidi\u00f3 disculpas. Seguro que esos patriotas, encabezados por Antonio Garamendi, altos cargos de Iberia, BBVA, Santander y Alonso Aznar Botella saldr\u00e1n muy pronto en defensa de Espa\u00f1a y de su Gobierno leg\u00edtimo.<\/p>\n<p class=\"\" style=\"text-align: justify;\">Se distanciar\u00e1n as\u00ed de <a href=\"https:\/\/elpais.com\/economia\/2024-05-17\/las-grandes-empresas-espanolas-acuden-entre-recelos-a-la-convocatoria-de-milei.html\" target=\"_blank\" rel=\"noopener\" data-link-track-dtm=\"\" data-mrf-link=\"https:\/\/elpais.com\/economia\/2024-05-17\/las-grandes-empresas-espanolas-acuden-entre-recelos-a-la-convocatoria-de-milei.html\">la improvisada envolvente a la que han sido sometidos:<\/a> era un viaje privado y partidista y les han convertido en coartada oficial \u2014al acudir a la reuni\u00f3n en la embajada de la rep\u00fablica\u2014 para que <a href=\"https:\/\/elpais.com\/argentina\/2024-04-24\/argentina-vive-una-de-las-mayores-protestas-en-20-anos-contra-la-motosierra-de-milei.html\" target=\"_blank\" rel=\"noopener\" data-link-track-dtm=\"\" data-mrf-link=\"https:\/\/elpais.com\/argentina\/2024-04-24\/argentina-vive-una-de-las-mayores-protestas-en-20-anos-contra-la-motosierra-de-milei.html\">el de la motosierra <\/a>cargue el coste de su traslado en avi\u00f3n oficial al presupuesto, a los impuestos que, dice, \u201cson un robo\u201d. Y recomendar\u00e1n no votar a la ultraderecha.<\/p>\n<p class=\"\" style=\"text-align: justify;\">Podr\u00e1n as\u00ed mirar a la cara a la mayor\u00eda de sus colegas del Ibex que se quedaron en casa. Pues seguro que no admiran ni a Krupp ni a Thyssen ni a todos los que financiaron al monstruo y se enriquecieron con la esv\u00e1stica. Claro que el dilema de un empresario entre la eventual p\u00e9rdida de un mercado \u2014incluso en un pa\u00eds ahora ultraliberal\u2014 y su fe democr\u00e1tica puede ser fuerte.<\/p>\n<p class=\"\" style=\"text-align: justify;\">Pero lo tienen f\u00e1cil. Basta que apoyen <a href=\"https:\/\/elpais.com\/internacional\/elecciones-europeas\/2024-05-15\/las-grandes-empresas-alemanas-se-movilizan-para-frenar-el-voto-ultra-en-las-elecciones-europeas.html\" target=\"_blank\" rel=\"noopener\" data-link-track-dtm=\"\" data-mrf-link=\"https:\/\/elpais.com\/internacional\/elecciones-europeas\/2024-05-15\/las-grandes-empresas-alemanas-se-movilizan-para-frenar-el-voto-ultra-en-las-elecciones-europeas.html\">la campa\u00f1a <i>Defendemos los valores, <\/i>de 30 grandes consorcios alemanes, <\/a>con el Deutsche Bank y Siemens a la cabeza: se movilizan para denunciar a la ultraderecha como un peligro para la libre empresa, para su necesidad de trabajadores inmigrantes, para la democracia, la cohesi\u00f3n social y la prosperidad. As\u00ed resolvi\u00f3 en p\u00fablico ese dilema Roland Busch, el consejero delegado de Siemens: \u201cSi cancelan pedidos como consecuencia de ello, as\u00ed son las cosas, pero no creo que sea el caso\u201d.<\/p>\n<p class=\"\" style=\"text-align: justify;\">El programa de Milei atenta contra los valores \u2014y los mandatos\u2014 de la Constituci\u00f3n espa\u00f1ola, al proclamar que <a href=\"https:\/\/elpais.com\/espana\/2024-05-17\/milei-vende-en-madrid-sus-recetas-ultraliberales-la-justicia-social-es-aberrante.html\" target=\"_blank\" rel=\"noopener\" data-link-track-dtm=\"\" data-mrf-link=\"https:\/\/elpais.com\/espana\/2024-05-17\/milei-vende-en-madrid-sus-recetas-ultraliberales-la-justicia-social-es-aberrante.html\">\u201cla justicia social es aberrante\u201d;<\/a> que la redistribuci\u00f3n de la riqueza es un fraude (ha provocado ya una p\u00e9rdida del poder adquisitivo salarial del 40%), y que cerrar\u00e1 el banco central. Y ni siquiera pidi\u00f3 audiencia al Rey por su visita, cuando <a href=\"https:\/\/www.youtube.com\/watch?v=TdnB47qMLFA\" target=\"_blank\" rel=\"noopener\" data-link-track-dtm=\"\" data-mrf-link=\"https:\/\/www.youtube.com\/watch?v=TdnB47qMLFA\">Felipe VI acudi\u00f3, cort\u00e9s, a su toma de posesi\u00f3n. <\/a>\u00bfPor qu\u00e9 no se calla?<\/p>\n<\/div>\n<div class=\"a_md_txt\">\n<div class=\"a_md_a\" data-dtm-region=\"articulo_firma\"><a class=\"a_md_a_n\" title=\"Ver todas las noticias de Xavier Vidal-Folch\" href=\"https:\/\/elpais.com\/autor\/xavier-vidal-folch\/#?rel=author_top\" data-mrf-link=\"https:\/\/elpais.com\/autor\/xavier-vidal-folch\/\"><strong>Xavier Vidal-Folch<\/strong><\/a><\/div>\n<\/div>\n<p>FOTO: Milei, reunido el s\u00e1bado en Madrid con el presidente de la CEOE, Antonio Garamendi (a su derecha), y 14 altos ejecutivos de empresas espa\u00f1olas, todos ellos hombres, adem\u00e1s del embajador. La imagen fue difundida por la Embajada de Argentina en Espa\u00f1a.<span class=\"a_m_m\">EFE<\/span><\/p>\n<p>https:\/\/elpais.com\/opinion\/2024-05-20\/empresarios-antifascistas.html<\/p>\n","protected":false},"excerpt":{"rendered":"<p>No se equivoquen por una foto. La de los 15 ejecutivos del oprobio. Ellos y&#8230;<\/p>\n","protected":false},"author":1,"featured_media":69446,"comment_status":"closed","ping_status":"closed","sticky":false,"template":"","format":"standard","meta":{"_coblocks_attr":"","_coblocks_dimensions":"","_coblocks_responsive_height":"","_coblocks_accordion_ie_support":"","jetpack_post_was_ever_published":false,"_jetpack_newsletter_access":"","_jetpack_dont_email_post_to_subs":false,"_jetpack_newsletter_tier_id":0,"_jetpack_memberships_contains_paywalled_content":false,"_jetpack_memberships_contains_paid_content":false,"footnotes":"","jetpack_publicize_message":"","jetpack_publicize_feature_enabled":true,"jetpack_social_post_already_shared":true,"jetpack_social_options":{"image_generator_settings":{"template":"highway","default_image_id":0,"enabled":false},"version":2}},"categories":[44,7671],"tags":[],"class_list":["post-69444","post","type-post","status-publish","format-standard","has-post-thumbnail","hentry","category-noticias-de-hoy","category-politica"],"jetpack_publicize_connections":[],"jetpack_featured_media_url":"https:\/\/i0.wp.com\/miradordeatarfe.es\/wp-content\/uploads\/2024\/05\/Screenshot-2024-05-20-at-17-59-53-Empresarios-antifascistas.png?fit=743%2C245&ssl=1","jetpack_likes_enabled":true,"jetpack_sharing_enabled":true,"_links":{"self":[{"href":"https:\/\/miradordeatarfe.es\/index.php?rest_route=\/wp\/v2\/posts\/69444","targetHints":{"allow":["GET"]}}],"collection":[{"href":"https:\/\/miradordeatarfe.es\/index.php?rest_route=\/wp\/v2\/posts"}],"about":[{"href":"https:\/\/miradordeatarfe.es\/index.php?rest_route=\/wp\/v2\/types\/post"}],"author":[{"embeddable":true,"href":"https:\/\/miradordeatarfe.es\/index.php?rest_route=\/wp\/v2\/users\/1"}],"replies":[{"embeddable":true,"href":"https:\/\/miradordeatarfe.es\/index.php?rest_route=%2Fwp%2Fv2%2Fcomments&post=69444"}],"version-history":[{"count":1,"href":"https:\/\/miradordeatarfe.es\/index.php?rest_route=\/wp\/v2\/posts\/69444\/revisions"}],"predecessor-version":[{"id":69447,"href":"https:\/\/miradordeatarfe.es\/index.php?rest_route=\/wp\/v2\/posts\/69444\/revisions\/69447"}],"wp:featuredmedia":[{"embeddable":true,"href":"https:\/\/miradordeatarfe.es\/index.php?rest_route=\/wp\/v2\/media\/69446"}],"wp:attachment":[{"href":"https:\/\/miradordeatarfe.es\/index.php?rest_route=%2Fwp%2Fv2%2Fmedia&parent=69444"}],"wp:term":[{"taxonomy":"category","embeddable":true,"href":"https:\/\/miradordeatarfe.es\/index.php?rest_route=%2Fwp%2Fv2%2Fcategories&post=69444"},{"taxonomy":"post_tag","embeddable":true,"href":"https:\/\/miradordeatarfe.es\/index.php?rest_route=%2Fwp%2Fv2%2Ftags&post=69444"}],"curies":[{"name":"wp","href":"https:\/\/api.w.org\/{rel}","templated":true}]}}