{"id":69448,"date":"2024-05-23T08:10:52","date_gmt":"2024-05-23T06:10:52","guid":{"rendered":"https:\/\/miradordeatarfe.es\/?p=69448"},"modified":"2024-05-20T18:16:51","modified_gmt":"2024-05-20T16:16:51","slug":"la-ue-pide-a-espana-que-forme-a-15-millones-de-empleados-con-perfil-tecnologico-en-seis-anos","status":"publish","type":"post","link":"https:\/\/miradordeatarfe.es\/?p=69448","title":{"rendered":"La UE pide a Espa\u00f1a que forme a 1,5 millones de empleados con perfil tecnol\u00f3gico en seis a\u00f1os"},"content":{"rendered":"<h3 class=\"a_st\" style=\"text-align: justify;\">Las universidades y centros de FP deben ampliar la oferta, atraer a las mujeres y reciclar profesionales para contribuir al objetivo europeo de 10 millones de trabajadores m\u00e1s en nuevas tecnolog\u00edas en 2030<\/h3>\n<p class=\"\" style=\"text-align: justify;\">Las nuevas tecnolog\u00edas no se crean en Europa, sino en Estados Unidos, China e India, que no solo forman profesionales, sino que atraen talento de medio mundo. Un asunto que preocupa sobremanera a Bruselas, que se ha propuesto llegar a tener 20 millones de trabajadores TICs en 2030. Este a\u00f1o no alcanza la mitad de esta cifra (9,8 millones de perfiles tecnol\u00f3gicos, un 4% m\u00e1s que en 2022) y en Espa\u00f1a el panorama es a\u00fan menos halag\u00fce\u00f1o: aporta 915.000 y tendr\u00e1 que formar o reciclar de otros campos en seis a\u00f1os a otro mill\u00f3n y medio de expertos en inform\u00e1tica, no solo universitarios, sino de FP. Para asumir este enorme reto, hace dos a\u00f1os y medio Bruselas encarg\u00f3 a un grupo de expertos de la UE hacer un diagn\u00f3stico del escenario y parte de sus conclusiones se debatieron este jueves en un acto en la capital espa\u00f1ola, pues uno de los socios del consorcio es la Universidad Polit\u00e9cnica de Madrid (UPM).<\/p>\n<p class=\"\" style=\"text-align: justify;\">Bruselas quiere asegurarse de que al menos el 80% de la poblaci\u00f3n domine las habilidades digitales b\u00e1sicas y el 83%, seg\u00fan una encuesta, admite que las necesita para su d\u00eda a d\u00eda. \u201cLa cuesti\u00f3n es que hoy en d\u00eda la tecnolog\u00eda ya es transversal a todos los sectores\u201d, explica Ernestina Menasalvas, catedr\u00e1tica de Inform\u00e1tica de la UPM, por lo que no vale con formar a muchos ingenieros o t\u00e9cnicos de FP. \u201cEn el periodismo, la agricultura, la medicina&#8230; vamos a necesitar personas con capacidades digitales. Igual que en la Revoluci\u00f3n Industrial, la sociedad en su conjunto tiene que adquirir habilidades [en mayor o menor grado]\u201d. <a href=\"https:\/\/elpais.com\/tecnologia\/2024-03-12\/marc-serramia-si-todos-confiamos-en-herramientas-como-chatgpt-el-conocimiento-humano-desaparecera.html\" target=\"_blank\" rel=\"noopener\" data-link-track-dtm=\"\" data-mrf-link=\"https:\/\/elpais.com\/tecnologia\/2024-03-12\/marc-serramia-si-todos-confiamos-en-herramientas-como-chatgpt-el-conocimiento-humano-desaparecera.html\">Estos conocimientos no incluyen solo la inteligencia artificial, que ocupa todos los titulares <\/a>y cuya demanda se va a cuadriplicar antes de 2030, o la ciberseguridad que est\u00e1 frenando su crecimiento desmedido, sino la<i> business intelligence<\/i>, que se vale de los datos para optimizar el rendimiento de un negocio. \u201cHay que entender m\u00ednimamente la tecnolog\u00eda para que cuando se hable de ella no genere los miedos que hay ahora\u201d, remarca Menasalvas. Apenas el 11% de las empresas forman en TICs a sus empleados y la mayor\u00eda son grandes compa\u00f1\u00edas.<\/p>\n<p class=\"\" style=\"text-align: justify;\">\u201cEs un gran desaf\u00edo, no solo para las universidades espa\u00f1olas. Todo el mundo est\u00e1 buscando talento en todas partes y eso genera una gran una competencia\u201d, reconoci\u00f3 en el encuentro el secretario general de Universidades de Espa\u00f1a. Los campus deber\u00edan tener un \u201cpapel clave en la reconversi\u00f3n a trav\u00e9s del uso de microcredenciales [cursos cortos de especializaci\u00f3n]\u201d, argument\u00f3 Jos\u00e9 Manuel Pingarr\u00f3n, preocupado por una encuesta europea que estima que el 23% de la poblaci\u00f3n piensa que la digitalizaci\u00f3n dificulta su vida. \u201cNo es una opci\u00f3n, la digitalizaci\u00f3n es absolutamente obligatoria y hay que convencer a la gente de que har\u00e1 su vida m\u00e1s f\u00e1cil\u201d. Apenas el 4,2% de los que se grad\u00faan en las universidades europeas tienen una formaci\u00f3n TIC <a href=\"https:\/\/elpais.com\/economia\/2024-05-14\/los-universitarios-ocupan-ocho-de-cada-10-nuevos-puestos-de-trabajo-creados-entre-los-jovenes.html\" target=\"_blank\" rel=\"noopener\" data-link-track-dtm=\"\" data-mrf-link=\"https:\/\/elpais.com\/economia\/2024-05-14\/los-universitarios-ocupan-ocho-de-cada-10-nuevos-puestos-de-trabajo-creados-entre-los-jovenes.html\">y el 60% de las empresas que quieren reclutar especialistas tienen problemas<\/a>.<\/p>\n<p class=\"\" style=\"text-align: justify;\">\u201cLa \u00fanica manera de acercarse a la cifra de 20 millones es consiguiendo que m\u00e1s mujeres se interesen por estos esos temas. No podemos vivir de espaldas a la mitad de la sociedad. Solo un 13% de los titulados en TICs en FP son mujeres\u201d, subraya el catedr\u00e1tico de la UPM Juan Jos\u00e9 Moreno, tambi\u00e9n involucrado en el proyecto. Las cifras no son mejores en la universidad, ni a nivel europeo. En el grado de Ingenier\u00eda Inform\u00e1tica y sus variantes hab\u00eda matriculados<a href=\"https:\/\/elpais.com\/educacion\/2024-03-04\/del-pupitre-al-puesto-de-trabajo-asi-van-alejando-las-matematicas-a-las-ninas-de-mejores-empleos.html\" target=\"_blank\" rel=\"noopener\" data-link-track-dtm=\"\" data-mrf-link=\"https:\/\/elpais.com\/educacion\/2024-03-04\/del-pupitre-al-puesto-de-trabajo-asi-van-alejando-las-matematicas-a-las-ninas-de-mejores-empleos.html\"> 62.000 alumnos el curso pasado en Espa\u00f1a (frente a los 45.000 de 2015), y apenas 10.000 eran mujeres. <\/a> La UE est\u00e1 dedicando partidas millonarias a cofinanciar m\u00e1steres entre pa\u00edses. Por ejemplo, la Polit\u00e9cnica de Catalu\u00f1a tiene un posgrado con socios de tres pa\u00edses para digitalizar pymes con un presupuesto de 12,5 millones de euros.<\/p>\n<figure class=\"a_m a_m-h \" style=\"text-align: justify;\"><span class=\"_db a_m_w _pr lb_btn\"><img data-recalc-dims=\"1\" loading=\"lazy\" decoding=\"async\" class=\"_re lazyload a_m-h alignleft\" src=\"https:\/\/i0.wp.com\/imagenes.elpais.com\/resizer\/v2\/JCLXLCBGKNBNPLNPVKW23WRANY.jpg?resize=414%2C276&#038;ssl=1\" sizes=\"auto, (min-width:1199px) 1155px,(min-width:1001px) calc(100vw - 44px),(min-width:768px) 767px, 100vw\" srcset=\"https:\/\/imagenes.elpais.com\/resizer\/v2\/JCLXLCBGKNBNPLNPVKW23WRANY.jpg?auth=da0b590796ce67ab44b4cbbd15d3a9b29630954262f439314c94bdcf1bd3824a&amp;width=414 414w,https:\/\/imagenes.elpais.com\/resizer\/v2\/JCLXLCBGKNBNPLNPVKW23WRANY.jpg?auth=da0b590796ce67ab44b4cbbd15d3a9b29630954262f439314c94bdcf1bd3824a&amp;width=828 640w,https:\/\/imagenes.elpais.com\/resizer\/v2\/JCLXLCBGKNBNPLNPVKW23WRANY.jpg?auth=da0b590796ce67ab44b4cbbd15d3a9b29630954262f439314c94bdcf1bd3824a&amp;width=980 1000w,https:\/\/imagenes.elpais.com\/resizer\/v2\/JCLXLCBGKNBNPLNPVKW23WRANY.jpg?auth=da0b590796ce67ab44b4cbbd15d3a9b29630954262f439314c94bdcf1bd3824a&amp;width=1960 1960w\" alt=\" Clase de Inform\u00e1tica en la  Escuela T\u00e9cnica Superior de Ingenieros Inform\u00e1ticos de la Universidad Polit\u00e9cnica de Madrid.\" width=\"414\" height=\"276\" \/><\/span><figcaption class=\"a_m_p\"><em>Clase de Inform\u00e1tica en la Escuela T\u00e9cnica Superior de Ingenieros Inform\u00e1ticos de la Universidad Polit\u00e9cnica de Madrid.<span class=\"a_m_m\">Santi Burgos<\/span><\/em><\/figcaption><\/figure>\n<p class=\"\" style=\"text-align: justify;\">Y hay ejemplos m\u00e1s preocupantes, como el grado superior de FP de Sistemas de Telecomunicaci\u00f3n e Inform\u00e1tica: 5.105 hombres y 386 alumnas. \u201cSe\u00f1oras, todas necesitamos convertirnos en modelos a seguir para asegurarnos de que las ni\u00f1as se embarquen en esto. Y estoy muy feliz de que vaya a haber una lucha espec\u00edfica para profundizar en eso\u201d, se dirigi\u00f3 al auditorio madrile\u00f1o Rehana Schwinninger-Ladak, jefa de la unidad de tecnolog\u00edas interactivas y digitales para la educaci\u00f3n y la cultura de la UE<a href=\"https:\/\/elpais.com\/america-futura\/2024-03-28\/gabriela-rocha-las-mujeres-son-las-ultimas-en-llegar-a-las-tecnologicas-y-las-primeras-en-salir.html\" target=\"_blank\" rel=\"noopener\" data-link-track-dtm=\"\" data-mrf-link=\"https:\/\/elpais.com\/america-futura\/2024-03-28\/gabriela-rocha-las-mujeres-son-las-ultimas-en-llegar-a-las-tecnologicas-y-las-primeras-en-salir.html\">. Y record\u00f3 que, cuando ellas estudian una carrera tecnol\u00f3gica, no suelen ocupar los puestos directivos.<\/a><\/p>\n<h2 class=\"\" style=\"text-align: justify;\">M\u00e1s mujeres y j\u00f3venes<\/h2>\n<p class=\"\" style=\"text-align: justify;\">\u201cY otra dimensi\u00f3n importante es c\u00f3mo aseguramos que los j\u00f3venes se interesen en las TIC. \u00bfC\u00f3mo nos aseguramos de que no solo sean consumidores de habilidades, sino que realmente sean cocreadores, que sepan dominar esas habilidades avanzadas?\u201d, se pregunt\u00f3 Schwinninger-Ladak. Se necesitan m\u00e1s y con convergencia entre sexos, pues solo el 19,4% de los especialistas TIC son mujeres.<\/p>\n<p class=\"\" style=\"text-align: justify;\">A los expertos les desespera la burocracia para crear cualquier titulaci\u00f3n universitaria. \u201cSi se tardan 18 meses en poner en marcha un grado, esto cambia tanto que en ese tiempo ya hay alguna asignatura que quieres cambiar\u201d, ejemplifica Menasalvas. Por eso, en sus conclusiones, que se publicar\u00e1n en unas semanas, los expertos pedir\u00e1n agilizar los plazos. El irland\u00e9s Brendan Rowan, de la consultora BluSpecs (organizadora del acto), precisa que la lentitud en la acreditaci\u00f3n no es un problema estrictamente espa\u00f1ol, se repite por todo el continente, porque para sorpresa de los expertos espa\u00f1oles su pa\u00eds comparte los mismos problemas con el resto de Europa. Quiz\u00e1s, apunta Rowan, deber\u00eda estudiarse el caso de Dinamarca, donde la Administraci\u00f3n valida a los institutos y las universidades y estas pueden autorizar directamente las titulaciones. \u201cHay un marco de confianza\u201d.<\/p>\n<p class=\"\" style=\"text-align: justify;\">Barrer las acreditaciones, creen, no puede ser la soluci\u00f3n. Ya hay demasiado gato por liebre. \u201cLas empresas no tienen ning\u00fan problema en valorar y reconocer los t\u00edtulos universitarios; pero si llega alguien, por ejemplo, de FP, y se quiere formar en <i>big data<\/i>, en Google le salen miles de opciones. Entonces, \u00bfqu\u00e9 criterio va a seguir para apuntarse a un curso de calidad?\u201d, se pregunta Ana Mar\u00eda Moreno S\u00e1nchez-Capuchino, investigadora principal del proyecto junto a Menasalvas. \u201cY, por otra parte, en los departamentos de recursos humanos, \u00bfc\u00f3mo van a saber qu\u00e9 curso es bueno y cu\u00e1l es malo? Una de las cosas que hemos identificado en el proyecto es la necesidad de un control y unos criterios m\u00ednimos de calidad para que los interesados y las empresas. Se necesita que haya un marco regulatorio y los cursos tengan que acreditarse. Hay mucho oportunista que pone de t\u00edtulo ChatGPT, hace un v\u00eddeo y lo vende\u201d.<\/p>\n<p class=\"\" style=\"text-align: justify;\">Hasta hace ocho a\u00f1os no eran muchos los que quer\u00edan estudiar Ingenier\u00eda Inform\u00e1tica y en muchas universidades los cupos no se llenaban hasta septiembre en Espa\u00f1a. Ahora es, junto a Matem\u00e1ticas y Estad\u00edstica, la carrera de moda que muchos quieren estudiar y las privadas, r\u00e1pidas en responder, como en su d\u00eda hicieron con Ingenier\u00eda de Telecomunicaciones que est\u00e1n quitando, no paran de abrir grados en Inteligencia Artificial \u2015ya hay 13 y muchas en marcha, contando las p\u00fablicas\u2015, Computaci\u00f3n, Ciencia de Datos&#8230;<\/p>\n<p class=\"\" style=\"text-align: justify;\">Los expertos debaten tambi\u00e9n la posibilidad de contratar a profesionales prejubilados pronto en grandes compa\u00f1\u00edas para que impartan horas de clase en Formaci\u00f3n Profesional, donde hay una carencia enorme de profesorado. Solo los inform\u00e1ticos muy vocacionales est\u00e1n dispuestos a dedicarse a la docencia, que no puede competir en sueldos con el mercado privado. <a href=\"https:\/\/elpais.com\/educacion\/2023-10-16\/el-numero-de-alumnos-de-informatica-y-matematicas-se-dispara-sin-plantilla-suficiente-para-formarles.html\" target=\"_blank\" rel=\"noopener\" data-link-track-dtm=\"\" data-mrf-link=\"https:\/\/elpais.com\/educacion\/2023-10-16\/el-numero-de-alumnos-de-informatica-y-matematicas-se-dispara-sin-plantilla-suficiente-para-formarles.html\">Tambi\u00e9n la universidad comienza a tener problemas.<\/a><\/p>\n<p class=\"\" style=\"text-align: justify;\">El tiempo pasa r\u00e1pido y en a\u00f1o y medio los conocimientos se quedan desfasados, as\u00ed que la tarea es ingente y quiz\u00e1s demasiado ambicioso.<\/p>\n<p style=\"text-align: justify;\"><a class=\"a_md_a_n\" title=\"Ver todas las noticias de Elisa Sili\u00f3\" href=\"https:\/\/elpais.com\/autor\/elisa-silio\/#?rel=author_top\" data-mrf-link=\"https:\/\/elpais.com\/autor\/elisa-silio\/\"><strong>Elisa Sili\u00f3<\/strong><\/a><\/p>\n<p style=\"text-align: justify;\">FOTO:Clase en la Escuela T\u00e9cnica Superior de Ingenieros Inform\u00e1ticos de la Universidad Polit\u00e9cnica de Madrid, el pasado martes.<span class=\"a_m_m\">Santi Burgos<\/span><\/p>\n<p>https:\/\/elpais.com\/educacion\/2024-05-18\/la-ue-pide-a-espana-que-forme-a-15-millones-de-empleados-en-perfiles-tecnologicos-en-seis-anos.html<\/p>\n<div class=\"a_md _g _g-xs \">\n<figure class=\"a_md_i a_m-h c_m--nf\" style=\"text-align: justify;\"><span class=\"a_m_w _db\">\u00a0<\/span><\/figure>\n<div class=\"a_md_txt\">\n<div class=\"a_md_a\" data-dtm-region=\"articulo_firma\">\n<header class=\"a_e _g _g-xs\">\n<div class=\"a_e_m\">\u00a0<\/div>\n<\/header>\n<div class=\"a_md _g _g-xs \">\n<figure class=\"a_md_i a_m-h c_m--nf\"><\/figure>\n<div class=\"a_md_txt\">\u00a0<\/div>\n<\/div>\n<\/div>\n<div class=\"a_md_f\">\u00a0<\/div>\n<\/div>\n<\/div>\n","protected":false},"excerpt":{"rendered":"<p>Las universidades y centros de FP deben ampliar la oferta, atraer a las mujeres y&#8230;<\/p>\n","protected":false},"author":1,"featured_media":69449,"comment_status":"closed","ping_status":"closed","sticky":false,"template":"","format":"standard","meta":{"_coblocks_attr":"","_coblocks_dimensions":"","_coblocks_responsive_height":"","_coblocks_accordion_ie_support":"","jetpack_post_was_ever_published":false,"_jetpack_newsletter_access":"","_jetpack_dont_email_post_to_subs":false,"_jetpack_newsletter_tier_id":0,"_jetpack_memberships_contains_paywalled_content":false,"_jetpack_memberships_contains_paid_content":false,"footnotes":"","jetpack_publicize_message":"","jetpack_publicize_feature_enabled":true,"jetpack_social_post_already_shared":true,"jetpack_social_options":{"image_generator_settings":{"template":"highway","default_image_id":0,"enabled":false},"version":2}},"categories":[187,44,6920],"tags":[],"class_list":["post-69448","post","type-post","status-publish","format-standard","has-post-thumbnail","hentry","category-centros-educativos","category-noticias-de-hoy","category-tecnologia"],"jetpack_publicize_connections":[],"jetpack_featured_media_url":"https:\/\/i0.wp.com\/miradordeatarfe.es\/wp-content\/uploads\/2024\/05\/TECNICOS.png?fit=995%2C632&ssl=1","jetpack_likes_enabled":true,"jetpack_sharing_enabled":true,"_links":{"self":[{"href":"https:\/\/miradordeatarfe.es\/index.php?rest_route=\/wp\/v2\/posts\/69448","targetHints":{"allow":["GET"]}}],"collection":[{"href":"https:\/\/miradordeatarfe.es\/index.php?rest_route=\/wp\/v2\/posts"}],"about":[{"href":"https:\/\/miradordeatarfe.es\/index.php?rest_route=\/wp\/v2\/types\/post"}],"author":[{"embeddable":true,"href":"https:\/\/miradordeatarfe.es\/index.php?rest_route=\/wp\/v2\/users\/1"}],"replies":[{"embeddable":true,"href":"https:\/\/miradordeatarfe.es\/index.php?rest_route=%2Fwp%2Fv2%2Fcomments&post=69448"}],"version-history":[{"count":1,"href":"https:\/\/miradordeatarfe.es\/index.php?rest_route=\/wp\/v2\/posts\/69448\/revisions"}],"predecessor-version":[{"id":69450,"href":"https:\/\/miradordeatarfe.es\/index.php?rest_route=\/wp\/v2\/posts\/69448\/revisions\/69450"}],"wp:featuredmedia":[{"embeddable":true,"href":"https:\/\/miradordeatarfe.es\/index.php?rest_route=\/wp\/v2\/media\/69449"}],"wp:attachment":[{"href":"https:\/\/miradordeatarfe.es\/index.php?rest_route=%2Fwp%2Fv2%2Fmedia&parent=69448"}],"wp:term":[{"taxonomy":"category","embeddable":true,"href":"https:\/\/miradordeatarfe.es\/index.php?rest_route=%2Fwp%2Fv2%2Fcategories&post=69448"},{"taxonomy":"post_tag","embeddable":true,"href":"https:\/\/miradordeatarfe.es\/index.php?rest_route=%2Fwp%2Fv2%2Ftags&post=69448"}],"curies":[{"name":"wp","href":"https:\/\/api.w.org\/{rel}","templated":true}]}}