{"id":69457,"date":"2024-05-25T10:39:25","date_gmt":"2024-05-25T08:39:25","guid":{"rendered":"https:\/\/miradordeatarfe.es\/?p=69457"},"modified":"2024-05-22T13:02:33","modified_gmt":"2024-05-22T11:02:33","slug":"calendario-escolar-2024-2025-en-granada","status":"publish","type":"post","link":"https:\/\/miradordeatarfe.es\/?p=69457","title":{"rendered":"Calendario escolar 2024\/2025 en Granada"},"content":{"rendered":"<header class=\"pg-head\">\n<h1 class=\"pg-bkn-headline\" style=\"text-align: justify;\">Las clases comenzar\u00e1n el d\u00eda 10 de septiembre en los colegios y el 16 en institutos. El curso escolar se prolongar\u00e1 hasta el 23 de junio de 2025 en Infantil y Primaria<\/h1>\n<\/header>\n<div class=\"gd\" style=\"text-align: justify;\">\n<div class=\"gdu u16 u-first\">\n<div class=\"pg-body\">\n<div class=\"mce-body \">\n<p class=\"mce\">El curso escolar encara su \u00faltimo tramo y ya se prepara lo que ser\u00e1 el pr\u00f3ximo a\u00f1o acad\u00e9mico. Y una de las claves del dise\u00f1o de ese curso 2024\/2025 es el calendario. Las clases en Andaluc\u00eda y, por lo tanto, en Granada, comenzar\u00e1n el martes 10 de septiembre en los colegios de Infantil y Primaria, as\u00ed como en los centros de Educaci\u00f3n Especial. En los institutos de ESO, Bachillerato FP Inicial, Ense\u00f1anzas Art\u00edsticas y Educaci\u00f3n Permanente de Personas Adultas el primer d\u00eda lectivo ser\u00e1 el 16 de septiembre. En cuanto a las ense\u00f1anzas de idiomas, el estreno del curso ser\u00e1 el 20 de septiembre.<\/p>\n<p class=\"mce\">El calendario escolar para el pr\u00f3ximo curso ha sido ya aprobado por delegaciones territoriales de la <a class=\"mce\" href=\"https:\/\/www.juntadeandalucia.es\/educacion\/portals\/web\/ced\" target=\"_blank\" rel=\"dofollow noopener\">Consejer\u00eda de Desarrollo Educativo y Formaci\u00f3n Profesional<\/a> como la de C\u00f3rdoba. Pese a ser otra provincia, el primer d\u00eda de clase y el primer d\u00eda de clase es com\u00fan para toda la comunidad. Var\u00edan algunas festividades, pero las jornadas clave son comunes en Andaluc\u00eda.<\/p>\n<p class=\"mce\">As\u00ed, la resoluci\u00f3n de la delegaci\u00f3n en C\u00f3rdoba establece que el \u00faltimo d\u00eda de clase en los colegios ser\u00e1 el 23 de junio de 2025 y en los institutos se despedir\u00e1n de los libros el 24 de junio. Para segundo curso de Bachillerato y segundo de Bachillerato para personas adultas ser\u00e1 el 24 de mayo o el \u00faltimo d\u00eda laborable anterior en el caso de que ese d\u00eda sea s\u00e1bado o festivo.<\/p>\n<p class=\"mce\">No ser\u00e1n lectivos el 7 de enero, martes, ni el 2 de mayo, viernes, de 2025. Asimismo se determina que ser\u00e1 el d\u00eda de la Comunidad Educativa el 27 de febrero, jueves, que se unir\u00e1 al festivo 28F para hacer un puente de 4 d\u00edas sin actividad lectiva.<\/p>\n<p class=\"mce\">Las vacaciones de Navidad comenzar\u00e1n seg\u00fan el calendario escolar el 23 de diciembre y la Semana santa propiciar\u00e1 vacaciones desde el 14 al 20 de abril de 2025.<\/p>\n<p class=\"mce\">Adem\u00e1s de estos festivos cada municipio podr\u00e1 poner hasta tres d\u00edas no festivos.\u00a0<\/p>\n<p><a href=\"https:\/\/i0.wp.com\/miradordeatarfe.es\/wp-content\/uploads\/2024\/05\/Screenshot-2024-05-22-at-12-57-03-CALENDARIO-23-24-GRANADA-DEFINITIVO-CUADRO-RESUMEN-CALENDARIO-23-24-GRANADA.pdf.png?ssl=1\"><img data-recalc-dims=\"1\" loading=\"lazy\" decoding=\"async\" class=\"wp-image-69488 size-full aligncenter\" src=\"https:\/\/i0.wp.com\/miradordeatarfe.es\/wp-content\/uploads\/2024\/05\/Screenshot-2024-05-22-at-12-57-03-CALENDARIO-23-24-GRANADA-DEFINITIVO-CUADRO-RESUMEN-CALENDARIO-23-24-GRANADA.pdf.png?resize=615%2C891&#038;ssl=1\" alt=\"\" width=\"615\" height=\"891\" srcset=\"https:\/\/i0.wp.com\/miradordeatarfe.es\/wp-content\/uploads\/2024\/05\/Screenshot-2024-05-22-at-12-57-03-CALENDARIO-23-24-GRANADA-DEFINITIVO-CUADRO-RESUMEN-CALENDARIO-23-24-GRANADA.pdf.png?w=615&amp;ssl=1 615w, https:\/\/i0.wp.com\/miradordeatarfe.es\/wp-content\/uploads\/2024\/05\/Screenshot-2024-05-22-at-12-57-03-CALENDARIO-23-24-GRANADA-DEFINITIVO-CUADRO-RESUMEN-CALENDARIO-23-24-GRANADA.pdf.png?resize=207%2C300&amp;ssl=1 207w\" sizes=\"auto, (max-width: 615px) 100vw, 615px\" \/><\/a><\/p>\n<\/div>\n<\/div>\n<div class=\"tagbar\">\u00a0<\/div>\n<\/div>\n<\/div>\n<div id=\"u_content_html_2\" class=\"u_content_html\">\n<div>\n<p style=\"text-align: justify;\">\u00a0<\/p>\n<\/div>\n<\/div>\n","protected":false},"excerpt":{"rendered":"<p>Las clases comenzar\u00e1n el d\u00eda 10 de septiembre en los colegios y el 16 en&#8230;<\/p>\n","protected":false},"author":1,"featured_media":69491,"comment_status":"closed","ping_status":"closed","sticky":false,"template":"","format":"standard","meta":{"_coblocks_attr":"","_coblocks_dimensions":"","_coblocks_responsive_height":"","_coblocks_accordion_ie_support":"","jetpack_post_was_ever_published":false,"_jetpack_newsletter_access":"","_jetpack_dont_email_post_to_subs":false,"_jetpack_newsletter_tier_id":0,"_jetpack_memberships_contains_paywalled_content":false,"_jetpack_memberships_contains_paid_content":false,"footnotes":"","jetpack_publicize_message":"","jetpack_publicize_feature_enabled":true,"jetpack_social_post_already_shared":true,"jetpack_social_options":{"image_generator_settings":{"template":"highway","default_image_id":0,"enabled":false},"version":2}},"categories":[187,186,44],"tags":[],"class_list":["post-69457","post","type-post","status-publish","format-standard","has-post-thumbnail","hentry","category-centros-educativos","category-instituciones","category-noticias-de-hoy"],"jetpack_publicize_connections":[],"jetpack_featured_media_url":"https:\/\/i0.wp.com\/miradordeatarfe.es\/wp-content\/uploads\/2024\/05\/th-4.jpg?fit=344%2C180&ssl=1","jetpack_likes_enabled":true,"jetpack_sharing_enabled":true,"_links":{"self":[{"href":"https:\/\/miradordeatarfe.es\/index.php?rest_route=\/wp\/v2\/posts\/69457","targetHints":{"allow":["GET"]}}],"collection":[{"href":"https:\/\/miradordeatarfe.es\/index.php?rest_route=\/wp\/v2\/posts"}],"about":[{"href":"https:\/\/miradordeatarfe.es\/index.php?rest_route=\/wp\/v2\/types\/post"}],"author":[{"embeddable":true,"href":"https:\/\/miradordeatarfe.es\/index.php?rest_route=\/wp\/v2\/users\/1"}],"replies":[{"embeddable":true,"href":"https:\/\/miradordeatarfe.es\/index.php?rest_route=%2Fwp%2Fv2%2Fcomments&post=69457"}],"version-history":[{"count":3,"href":"https:\/\/miradordeatarfe.es\/index.php?rest_route=\/wp\/v2\/posts\/69457\/revisions"}],"predecessor-version":[{"id":69490,"href":"https:\/\/miradordeatarfe.es\/index.php?rest_route=\/wp\/v2\/posts\/69457\/revisions\/69490"}],"wp:featuredmedia":[{"embeddable":true,"href":"https:\/\/miradordeatarfe.es\/index.php?rest_route=\/wp\/v2\/media\/69491"}],"wp:attachment":[{"href":"https:\/\/miradordeatarfe.es\/index.php?rest_route=%2Fwp%2Fv2%2Fmedia&parent=69457"}],"wp:term":[{"taxonomy":"category","embeddable":true,"href":"https:\/\/miradordeatarfe.es\/index.php?rest_route=%2Fwp%2Fv2%2Fcategories&post=69457"},{"taxonomy":"post_tag","embeddable":true,"href":"https:\/\/miradordeatarfe.es\/index.php?rest_route=%2Fwp%2Fv2%2Ftags&post=69457"}],"curies":[{"name":"wp","href":"https:\/\/api.w.org\/{rel}","templated":true}]}}