{"id":69460,"date":"2024-05-26T11:11:04","date_gmt":"2024-05-26T09:11:04","guid":{"rendered":"https:\/\/miradordeatarfe.es\/?p=69460"},"modified":"2024-05-23T17:54:06","modified_gmt":"2024-05-23T15:54:06","slug":"hermandades-y-cofradias-de-atarfe-por-jose-enrique-granados","status":"publish","type":"post","link":"https:\/\/miradordeatarfe.es\/?p=69460","title":{"rendered":"HERMANDADES Y COFRADIAS DE ATARFE por Jos\u00e9 Enrique Granados"},"content":{"rendered":"<div class=\"html-div xe8uvvx xdj266r x11i5rnm xat24cr x1mh8g0r xexx8yu x4uap5 x18d9i69 xkhd6sd\" dir=\"auto\">\n<div id=\":r1s8:\" class=\"x1iorvi4 x1pi30zi x1l90r2v x1swvt13\" data-ad-comet-preview=\"message\" data-ad-preview=\"message\">\n<div class=\"x78zum5 xdt5ytf xz62fqu x16ldp7u\">\n<div class=\"xu06os2 x1ok221b\">\n<div class=\"xdj266r x11i5rnm xat24cr x1mh8g0r x1vvkbs x126k92a\">\n<h3 dir=\"auto\" style=\"text-align: justify;\">Los hermanos Pino Ortega, publicaron durante 2004 y 2005 varios art\u00edculos en el especial de las fiestas de IDEAL, relacionados con las hermandades y cofrad\u00edas establecidas en Atarfe durante los siglos XVII, XVIII y XIX.<\/h3>\n<div dir=\"auto\" style=\"text-align: justify;\">De su trabajo, podemos extractar:<\/div>\n<div dir=\"auto\" style=\"text-align: justify;\">\u00a0<\/div>\n<div dir=\"auto\" style=\"text-align: justify;\"><em>\u201cEntre las Hermandades y Cofrad\u00edas que hubo en Atarfe, y que comenzaron su andadura en los siglos XVII y XVIII, con una vida m\u00e1s larga unas, y otras con una vida m\u00e1s corta, nos encontramos con: \u00abLa Cofrad\u00eda del Sant\u00edsimo Rosario\u00bb, \u00abLa Hermandad del Sant\u00edsimo Sacramento\u00bb, \u00abLa Hermandad de las \u00c1nimas\u00bb, \u00abLa Hermandad del Se\u00f1or Crucificado\u00bb y \u00abLa Hermandad del Se\u00f1or San Sebasti\u00e1n\u00bb.<\/em><\/div>\n<div dir=\"auto\" style=\"text-align: justify;\">\u00a0<\/div>\n<div dir=\"auto\" style=\"text-align: justify;\"><em>Cofrad\u00eda del Sant\u00edsimo Rosario (08\/12\/1640 &#8211; 10\/09\/1827) Denominada \u00abCofrad\u00eda de Ntra. Sra. del Rosario\u00bb, comienza su andadura oficial el d\u00eda 8 de diciembre de 1640, con la elecci\u00f3n de Mayordomos. Las Constituciones por las que se rige son las aprobadas y confirmadas por la autoridad Apost\u00f3lica en la Ciudad de Colonia, para todas las Cofrad\u00edas del Sant\u00edsimo Rosario el 8 de septiembre de 1475. Podemos se\u00f1alar que se constituye como Cofrad\u00eda de Oraci\u00f3n, situada \u00ab&#8230;a mano derecha de la capilla mayor, el del lado del Evangelio, donde la imagen de Ntra. Sra. del Rosario para que en \u00e9l se ganen las Indulgencias&#8230;\u00bb. Y entre sus obligaciones se encontraba la del Rezo del Rosario y su explicaci\u00f3n por las calles, la preparaci\u00f3n de la funci\u00f3n de la Virgen el primer domingo de octubre y su participaci\u00f3n en todas las fiestas dedicadas a la Virgen.<\/em><\/div>\n<div dir=\"auto\" style=\"text-align: justify;\">\u00a0<\/div>\n<div dir=\"auto\" style=\"text-align: justify;\"><em>La \u00faltima noticia que tenemos es de 10 de septiembre de 1827, recogida en el Libro de la Cofrad\u00eda, donde hace referencia a la \u00faltima admisi\u00f3n de Cofrades por parte del Prior del Convento de Santa Cruz, la Real Orden de Predicadores de la Ciudad de Granada. Hermandad del Sant\u00edsimo Sacramento (07\/04\/1722 &#8211; 16\/04\/1911) En la relaci\u00f3n de bienes realizada el 9 de junio de 1867 se indica que no ten\u00edan \u00ab&#8230;Constituciones ni Estatutos de buen gobierno&#8230;\u00bb, por lo que el 28 de abril de 1801 se re\u00fanen para redactar y aprobar sus Constituciones. Aunque su historia comienza mucho antes, como lo muestra que el Arzobispo de Granada realiza su primera visita a la Hermandad el 7 de abril de 1722. Como hecho destacable, podemos indicar que la Hermandad ten\u00eda en posesi\u00f3n el 9 de junio de 1867 doce cuadros grandes con los 12 Ap\u00f3stoles que cede a la Iglesia (\u00bflos que hay en la actualidad?). Y su funci\u00f3n, dedicada al Sant\u00edsimo, se hace todos los a\u00f1os en el mes de septiembre. El 16 de abril de 1911, seg\u00fan los libros de la Hermandad, se re\u00fane por \u00faltima vez en Junta para la elecci\u00f3n de los Mayordomos o Hermanos Mayores para ese a\u00f1o, y se liquidan las cuentas\u201d.<\/em><\/div>\n<div dir=\"auto\" style=\"text-align: justify;\">\u00a0<\/div>\n<\/div>\n<div class=\"x11i5rnm xat24cr x1mh8g0r x1vvkbs xtlvy1s x126k92a\" style=\"text-align: justify;\">\n<div dir=\"auto\">En la fotograf\u00eda, procesi\u00f3n del Sant\u00edsimo Sacramento durante las fiestas de septiembre de hace ya algunos a\u00f1os. \u00bfReconocen a quienes en ella aparecen? \u00bfY el lugar donde est\u00e1 hecha?<\/div>\n<\/div>\n<div class=\"x11i5rnm xat24cr x1mh8g0r x1vvkbs xtlvy1s x126k92a\">\n<div dir=\"auto\">\u00a0<\/div>\n<div dir=\"auto\" style=\"text-align: justify;\"><a href=\"&lt;iframe%20src=&quot;https:\/\/www.facebook.com\/plugins\/post.php?href=https%3A%2F%2Fwww.facebook.com%2Fpermalink.php%3Fstory_fbid%3Dpfbid0tKzT5Kt91c8L4jZHbHU9bBujG9mgSvzXZc9zqyHFmwBo54giYSRHgdz9Gz68awZql%26id%3D100063704734064&amp;show_text=true&amp;width=500&amp;is_preview=true&quot; width=&quot;500&quot; height=&quot;591&quot; style=&quot;border:none;overflow:hidden&quot; scrolling=&quot;no&quot; frameborder=&quot;0&quot; allowfullscreen=&quot;true&quot; allow=&quot;autoplay; clipboard-write; encrypted-media; picture-in-picture; web-share&quot;&gt;&lt;\/iframe&gt;\">Gacetilla y curiosidades elvirenses<\/a><\/div>\n<\/div>\n<\/div>\n<\/div>\n<\/div>\n<\/div>\n","protected":false},"excerpt":{"rendered":"<p>Los hermanos Pino Ortega, publicaron durante 2004 y 2005 varios art\u00edculos en el especial de&#8230;<\/p>\n","protected":false},"author":1,"featured_media":69461,"comment_status":"closed","ping_status":"closed","sticky":false,"template":"","format":"standard","meta":{"_coblocks_attr":"","_coblocks_dimensions":"","_coblocks_responsive_height":"","_coblocks_accordion_ie_support":"","jetpack_post_was_ever_published":false,"_jetpack_newsletter_access":"","_jetpack_dont_email_post_to_subs":false,"_jetpack_newsletter_tier_id":0,"_jetpack_memberships_contains_paywalled_content":false,"_jetpack_memberships_contains_paid_content":false,"footnotes":"","jetpack_publicize_message":"","jetpack_publicize_feature_enabled":true,"jetpack_social_post_already_shared":true,"jetpack_social_options":{"image_generator_settings":{"template":"highway","default_image_id":0,"enabled":false},"version":2}},"categories":[1225,186,38,44],"tags":[],"class_list":["post-69460","post","type-post","status-publish","format-standard","has-post-thumbnail","hentry","category-ha-de-atarfe","category-instituciones","category-opinion-de-jose-enrique-granados","category-noticias-de-hoy"],"jetpack_publicize_connections":[],"jetpack_featured_media_url":"https:\/\/i0.wp.com\/miradordeatarfe.es\/wp-content\/uploads\/2024\/05\/437736942_920152946784855_7608094412502554813_n.jpg?fit=720%2C525&ssl=1","jetpack_likes_enabled":true,"jetpack_sharing_enabled":true,"_links":{"self":[{"href":"https:\/\/miradordeatarfe.es\/index.php?rest_route=\/wp\/v2\/posts\/69460","targetHints":{"allow":["GET"]}}],"collection":[{"href":"https:\/\/miradordeatarfe.es\/index.php?rest_route=\/wp\/v2\/posts"}],"about":[{"href":"https:\/\/miradordeatarfe.es\/index.php?rest_route=\/wp\/v2\/types\/post"}],"author":[{"embeddable":true,"href":"https:\/\/miradordeatarfe.es\/index.php?rest_route=\/wp\/v2\/users\/1"}],"replies":[{"embeddable":true,"href":"https:\/\/miradordeatarfe.es\/index.php?rest_route=%2Fwp%2Fv2%2Fcomments&post=69460"}],"version-history":[{"count":1,"href":"https:\/\/miradordeatarfe.es\/index.php?rest_route=\/wp\/v2\/posts\/69460\/revisions"}],"predecessor-version":[{"id":69462,"href":"https:\/\/miradordeatarfe.es\/index.php?rest_route=\/wp\/v2\/posts\/69460\/revisions\/69462"}],"wp:featuredmedia":[{"embeddable":true,"href":"https:\/\/miradordeatarfe.es\/index.php?rest_route=\/wp\/v2\/media\/69461"}],"wp:attachment":[{"href":"https:\/\/miradordeatarfe.es\/index.php?rest_route=%2Fwp%2Fv2%2Fmedia&parent=69460"}],"wp:term":[{"taxonomy":"category","embeddable":true,"href":"https:\/\/miradordeatarfe.es\/index.php?rest_route=%2Fwp%2Fv2%2Fcategories&post=69460"},{"taxonomy":"post_tag","embeddable":true,"href":"https:\/\/miradordeatarfe.es\/index.php?rest_route=%2Fwp%2Fv2%2Ftags&post=69460"}],"curies":[{"name":"wp","href":"https:\/\/api.w.org\/{rel}","templated":true}]}}