{"id":69497,"date":"2024-05-27T08:08:43","date_gmt":"2024-05-27T06:08:43","guid":{"rendered":"https:\/\/miradordeatarfe.es\/?p=69497"},"modified":"2024-05-28T13:23:44","modified_gmt":"2024-05-28T11:23:44","slug":"advierten-del-destrozo-en-la-vega-que-supondra-una-linea-electrica-para-cuatro-pueblos-metropolitanos","status":"publish","type":"post","link":"https:\/\/miradordeatarfe.es\/?p=69497","title":{"rendered":"Advierten del \u00abdestrozo en la Vega\u00bb que supondr\u00e1 una l\u00ednea el\u00e9ctrica para cuatro pueblos metropolitanos"},"content":{"rendered":"<h3 class=\"intro\" style=\"text-align: justify;\">La Asociaci\u00f3n para la Defensa del Paisaje y la Cultura de la Vega del Genil ha instado a la Junta a no declarar este proyecto de utilidad p\u00fablica<\/h3>\n<p style=\"text-align: justify;\">La <strong>Asociaci\u00f3n para la Defensa del Paisaje y la Cultura de la Vega del Genil <\/strong>(Adepa-Genil), que re\u00fane entre sus socios a agricultores afectados por la l\u00ednea de evacuaci\u00f3n de los proyectos de macro plantas fotovoltaicas Ence I, II y III, ha registrado en los ayuntamientos de <strong>Santa Fe, Vegas del Genil, Pinos Puente y Atarfe<\/strong> una iniciativa dirigida a los grupos pol\u00edticos para que se impliquen en la defensa del paisaje de la Vega y denunciar \u00abel da\u00f1o irreparable\u00bb que la instalaci\u00f3n de esta l\u00ednea el\u00e9ctrica ocasionar\u00eda a una zona \u00abtan singular como es la Cuenca del Genil\u00bb.<\/p>\n<p style=\"text-align: justify;\">La moci\u00f3n que propone Adepa, y que la asociaci\u00f3n espera cuente \u00abcon el respaldo de todos los partidos pol\u00edticos\u00bb, rechaza la declaraci\u00f3n de utilidad p\u00fablica de la l\u00ednea el\u00e9ctrica. \u201cLa oposici\u00f3n al otorgamiento de utilidad p\u00fablica a este proyecto viene motivada por la importante afecci\u00f3n que la l\u00ednea el\u00e9ctrica supone para el desarrollo de los cultivo agr\u00edcolas y forestales\u201d, han explicado.<\/p>\n<p style=\"text-align: justify;\">La moci\u00f3n se\u00f1ala la importancia de conservar la Vega frente \u00aba la especulaci\u00f3n de las grandes compa\u00f1\u00edas energ\u00e9ticas\u00bb. \u201cLos grandes parques fotovoltaicos -prosigue el texto- son de inter\u00e9s para los grupos y grandes compa\u00f1\u00edas energ\u00e9ticas, pero hay que se\u00f1alar que los cultivos de la zona afectada son de mayor inter\u00e9s social: crean empleos verdes locales a nivel rural, abastecen de productos hortofrut\u00edcolas y de madera local, restauran las riberas de los ecosistemas fluviales usando como base plantas aut\u00f3ctonas, los servicios, materiales y maquinaria que necesitan forman parte de la econom\u00eda circular\u201d.<\/p>\n<p style=\"text-align: justify;\">As\u00ed pues, el documento remitido a los ayuntamientos solicita a la Junta de Andaluc\u00eda la \u00abno declaraci\u00f3n de utilidad p\u00fablica del proyecto de las plantas fotovoltaicas y sus infraestructuras de evacuaci\u00f3n, de los parques fotovoltaicos Atarfe I, II, y III\u00bb&#8216;\u00bb.<\/p>\n<p style=\"text-align: justify;\">La iniciativa se discutir\u00e1 en primer lugar en el Pleno del Ayuntamiento de Santa Fe, el municipio m\u00e1s afectado, este martes en el Centro Dami\u00e1n Bay\u00f3n, despu\u00e9s de que el PSOE, VOX e IU hayan registrado la moci\u00f3n de forma conjunta.<\/p>\n<h3><span class=\"section-name\"><strong>\u00a0\u00a0| <\/strong><span class=\"autor\"><strong> Redacci\u00f3n aG<\/strong> <\/span><\/span><\/h3>\n<blockquote class=\"wp-embedded-content\" data-secret=\"1RS4ljwlZB\"><p><a href=\"https:\/\/www.ahoragranada.com\/noticias\/advierten-del-destrozo-en-la-vega-que-supondra-una-linea-electrica-para-cuatro-pueblos-metropolitanos\/\">Advierten del \u00abdestrozo en la Vega\u00bb que supondr\u00e1 una l\u00ednea el\u00e9ctrica para cuatro pueblos metropolitanos<\/a><\/p><\/blockquote>\n<p><iframe loading=\"lazy\" class=\"wp-embedded-content\" sandbox=\"allow-scripts\" security=\"restricted\" style=\"position: absolute; visibility: hidden;\" title=\"\u00abAdvierten del &quot;destrozo en la Vega&quot; que supondr\u00e1 una l\u00ednea el\u00e9ctrica para cuatro pueblos metropolitanos\u00bb \u2014 Ahora Granada\" src=\"https:\/\/www.ahoragranada.com\/noticias\/advierten-del-destrozo-en-la-vega-que-supondra-una-linea-electrica-para-cuatro-pueblos-metropolitanos\/embed\/#?secret=3mAOHkfa8A#?secret=1RS4ljwlZB\" data-secret=\"1RS4ljwlZB\" width=\"600\" height=\"338\" frameborder=\"0\" marginwidth=\"0\" marginheight=\"0\" scrolling=\"no\"><\/iframe><\/p>\n<p>&nbsp;<\/p>\n","protected":false},"excerpt":{"rendered":"<p>La Asociaci\u00f3n para la Defensa del Paisaje y la Cultura de la Vega del Genil&#8230;<\/p>\n","protected":false},"author":1,"featured_media":69483,"comment_status":"closed","ping_status":"closed","sticky":false,"template":"","format":"standard","meta":{"_coblocks_attr":"","_coblocks_dimensions":"","_coblocks_responsive_height":"","_coblocks_accordion_ie_support":"","jetpack_post_was_ever_published":false,"_jetpack_newsletter_access":"","_jetpack_dont_email_post_to_subs":false,"_jetpack_newsletter_tier_id":0,"_jetpack_memberships_contains_paywalled_content":false,"_jetpack_memberships_contains_paid_content":false,"footnotes":"","jetpack_publicize_message":"","jetpack_publicize_feature_enabled":true,"jetpack_social_post_already_shared":true,"jetpack_social_options":{"image_generator_settings":{"template":"highway","default_image_id":0,"enabled":false},"version":2}},"categories":[7725,186,9,44],"tags":[],"class_list":["post-69497","post","type-post","status-publish","format-standard","has-post-thumbnail","hentry","category-atarfe-sostenible","category-instituciones","category-medio-ambiente","category-noticias-de-hoy"],"jetpack_publicize_connections":[],"jetpack_featured_media_url":"https:\/\/i0.wp.com\/miradordeatarfe.es\/wp-content\/uploads\/2024\/05\/area-metropolitana-de-Granada-desde-San-Miguel-alto-AlexCamara-1-370x207-1.jpg?fit=370%2C207&ssl=1","jetpack_likes_enabled":true,"jetpack_sharing_enabled":true,"_links":{"self":[{"href":"https:\/\/miradordeatarfe.es\/index.php?rest_route=\/wp\/v2\/posts\/69497","targetHints":{"allow":["GET"]}}],"collection":[{"href":"https:\/\/miradordeatarfe.es\/index.php?rest_route=\/wp\/v2\/posts"}],"about":[{"href":"https:\/\/miradordeatarfe.es\/index.php?rest_route=\/wp\/v2\/types\/post"}],"author":[{"embeddable":true,"href":"https:\/\/miradordeatarfe.es\/index.php?rest_route=\/wp\/v2\/users\/1"}],"replies":[{"embeddable":true,"href":"https:\/\/miradordeatarfe.es\/index.php?rest_route=%2Fwp%2Fv2%2Fcomments&post=69497"}],"version-history":[{"count":1,"href":"https:\/\/miradordeatarfe.es\/index.php?rest_route=\/wp\/v2\/posts\/69497\/revisions"}],"predecessor-version":[{"id":69498,"href":"https:\/\/miradordeatarfe.es\/index.php?rest_route=\/wp\/v2\/posts\/69497\/revisions\/69498"}],"wp:featuredmedia":[{"embeddable":true,"href":"https:\/\/miradordeatarfe.es\/index.php?rest_route=\/wp\/v2\/media\/69483"}],"wp:attachment":[{"href":"https:\/\/miradordeatarfe.es\/index.php?rest_route=%2Fwp%2Fv2%2Fmedia&parent=69497"}],"wp:term":[{"taxonomy":"category","embeddable":true,"href":"https:\/\/miradordeatarfe.es\/index.php?rest_route=%2Fwp%2Fv2%2Fcategories&post=69497"},{"taxonomy":"post_tag","embeddable":true,"href":"https:\/\/miradordeatarfe.es\/index.php?rest_route=%2Fwp%2Fv2%2Ftags&post=69497"}],"curies":[{"name":"wp","href":"https:\/\/api.w.org\/{rel}","templated":true}]}}