{"id":69522,"date":"2024-05-29T10:30:09","date_gmt":"2024-05-29T08:30:09","guid":{"rendered":"https:\/\/miradordeatarfe.es\/?p=69522"},"modified":"2024-05-29T09:43:22","modified_gmt":"2024-05-29T07:43:22","slug":"quien-es-angela-cervantes-que-estara-en-xxii-edicion-del-festival-internacional-de-jazz","status":"publish","type":"post","link":"https:\/\/miradordeatarfe.es\/?p=69522","title":{"rendered":"\u00bfQUIEN ES \u00c1NGELA CERVANTES QUE ESTAR\u00c1 EN XXII Edici\u00f3n del Festival Internacional de Jazz"},"content":{"rendered":"<h3 class=\"font_8 wixui-rich-text__text\" style=\"text-align: justify;\"><span class=\"wixui-rich-text__text\"><span class=\"color_25 wixui-rich-text__text\">Su trayectoria musical comenz\u00f3 en el hotel donde se cri\u00f3, en la Ibiza de los 80 y 90. \u00c1ngela cantaba en la orquesta que amenizaba las tardes de los turistas, y escuchaba sus historias de ultramar. Pronto comprendi\u00f3 que la m\u00fasica era su pasi\u00f3n y que le tocar\u00eda a ella hacer las maletas para ver por s\u00ed misma el mundo, m\u00e1s all\u00e1 de los l\u00edmites del mar.<\/span><\/span><\/h3>\n<p class=\"font_8 wixui-rich-text__text\" style=\"text-align: justify;\"><span class=\"wixui-rich-text__text\"><span class=\"color_25 wixui-rich-text__text\">\u00a0<\/span><\/span><span class=\"wixui-rich-text__text\"><span class=\"color_25 wixui-rich-text__text\">Un d\u00eda de 1999, tom\u00f3 un barco rumbo a Barcelona donde comenzar\u00eda una s\u00f3lida formaci\u00f3n art\u00edstica en danza, interpretaci\u00f3n y m\u00fasica. Se forj\u00f3 una gran t\u00e9cnica vocal estudiando cl\u00e1sico y \u00f3pera con Federico Rey, Pepita Escandell y Raquel Lojendio, que sostendr\u00eda todos los recursos y colores que aprendi\u00f3 del Gospel, Jazz, Latin, y estilos m\u00e1s modernos. Continu\u00f3 sus estudios con Deborah J. Carter de quien aprendi\u00f3 a improvisar y a auto producirse la voz para lograr emitir exactamente el sonido que pod\u00eda imaginar. El fraseo lo comprendi\u00f3 con Carme Canela. Con ella se aventurar\u00eda a tratar la voz como un instrumento y a integrarse en la banda como uno m\u00e1s. M\u00e1s tarde, Emmanuel Djob le ense\u00f1ar\u00eda a utilizar todo su registro, engrosar la voz utilizando los graves y ampliar su expresividad.<\/span><\/span><\/p>\n<p class=\"font_8 wixui-rich-text__text\" style=\"text-align: justify;\"><span class=\"wixui-rich-text__text\"><span class=\"color_25 wixui-rich-text__text\">\u00a0<\/span><\/span><span class=\"wixui-rich-text__text\"><span class=\"color_25 wixui-rich-text__text\">Desde entonces, consciente de lo importante que es el continuo aprendizaje para renovar el lenguaje y la creatividad, no ha dejado nunca de estudiar y formarse como artista. Ha contado con maestros como Ivana Kotov, Shamanka Phoenix o Caro Guiral que conforman sus grandes influencias y referentes, y ha atendido a infinidad de master classes, workshops y talleres de artistas como Pat Metheny, Perico Sambeat, Sheila Jordan, Paul Farrington, entre muchos otros.<\/span><\/span><\/p>\n<p class=\"font_8 wixui-rich-text__text\" style=\"text-align: justify;\"><span class=\"wixui-rich-text__text\"><span class=\"color_25 wixui-rich-text__text\">\u00a0<\/span><\/span><span class=\"wixui-rich-text__text\"><span class=\"color_25 wixui-rich-text__text\">Desde que en 2001 comenzara su andadura profesional, son incalculables los conciertos que ha interpretado, y las bandas o artistas con los que ha colaborado.<\/span><\/span><\/p>\n<p class=\"font_8 wixui-rich-text__text\" style=\"text-align: justify;\"><span class=\"wixui-rich-text__text\"><span class=\"color_25 wixui-rich-text__text\">Muchos de estos proyectos han gozado de gran relevancia internacional y han realizado giras mundiales, como el espect\u00e1culo de Gospel y World Music liderado por Emmanuel Djob \u201cThe Black &amp; White Xperience\u201d, la Compa\u00f1\u00eda de danza Antonio Najarro con el trabajo \u201cJazzing Flamenco\u201d, o el tributo a Pink Floyd que realiza la magn\u00edfica banda de Liverpool, Brit Floyd, en la que \u00c1ngela daba vida al espectacular solo de Clare Torry. Sin embargo, no hay que desestimar las centenas de programaciones que ha representado en todo el territorio nacional, y que son realmente las que han contribuido a desarrollar su destreza y maestr\u00eda como cantante.<\/span><\/span><\/p>\n<p class=\"font_8 wixui-rich-text__text\" style=\"text-align: justify;\"><span class=\"wixui-rich-text__text\"><span class=\"color_25 wixui-rich-text__text\">\u00a0<\/span><\/span><span class=\"wixui-rich-text__text\"><span class=\"color_25 wixui-rich-text__text\">Ya asentada en Madrid y con una identidad art\u00edstica m\u00e1s definida, en 2012 decide crear sus propios trabajos discogr\u00e1ficos y abordar otros repertorios en castellano. Su primer \u00e1lbum \u201cEn esta orilla de Drexler\u201d cuenta con la participaci\u00f3n del propio artista, y compartir escenarios con \u00e9l en Madrid, supuso un hito muy especial en su carrera por su gran valor inspirador y emotivo.<\/span><\/span><\/p>\n<p class=\"font_8 wixui-rich-text__text\" style=\"text-align: justify;\"><span class=\"wixui-rich-text__text\"><span class=\"color_25 wixui-rich-text__text\">\u00a0<\/span><\/span><span class=\"wixui-rich-text__text\"><span class=\"color_25 wixui-rich-text__text\">Con su segundo trabajo \u201cRecordando a Ella Fitzgerald y Joe Pass\u201d grabado en 2014 a d\u00fao con Chema Saiz, la cantante rinde homenaje a sus grandes referentes adem\u00e1s de profundizar en el lenguaje jazz\u00edstico, timbre y fraseo.<\/span><\/span><\/p>\n<p class=\"font_8 wixui-rich-text__text\" style=\"text-align: justify;\"><span class=\"wixui-rich-text__text\"><span class=\"color_25 wixui-rich-text__text\">Pero no es hasta 2016 con su tercer \u00e1lbum \u201cCamino a Santa Clara\u2026 Por 50 a\u00f1os m\u00e1s con los Fakires\u201d que la artista realmente logra materializar un sue\u00f1o; el reencuentro con las canciones que su abuela, \u00c1ngela Cervantes, le cantaba de ni\u00f1a. En esta ocasi\u00f3n, los Fakires y Cuba se convierten en protagonistas de una experiencia musical y vital tan memorables, que el mismo Chucho Vald\u00e9s no puede dejar de elogiar en sus rese\u00f1as, destacando su belleza, autenticidad y gran consonancia entre la m\u00fasica tradicional cubana y la contempor\u00e1nea.<\/span><\/span><\/p>\n<p class=\"font_8 wixui-rich-text__text\" style=\"text-align: justify;\"><span class=\"wixui-rich-text__text\"><span class=\"color_25 wixui-rich-text__text\">\u00a0<\/span><\/span><span class=\"wixui-rich-text__text\"><span class=\"color_25 wixui-rich-text__text\">Ahora, en 2021, en medio de la pandemia y despu\u00e9s de traer al mundo a dos criaturas, su mirada se ha detenido en Sylvia Rexach. Esta heroica artista puertorrique\u00f1a tan desconocida en Espa\u00f1a como admirada en Latinoam\u00e9rica, se ha convertido en el coraz\u00f3n de su \u00faltimo trabajo discogr\u00e1fico \u201cOlas y Arenas\u201d, ideado y producido por Jos\u00e9 E. Cruz y compartido \u00edntegramente con el extraordinario m\u00fasico pianista Pepe Rivero, que adem\u00e1s ha escrito sus maravillosos arreglos.<\/span><\/span><\/p>\n<p class=\"font_8 wixui-rich-text__text\" style=\"text-align: justify;\"><span class=\"wixui-rich-text__text\"><span class=\"color_25 wixui-rich-text__text\">\u00a0<\/span><\/span><span class=\"wixui-rich-text__text\"><span class=\"color_25 wixui-rich-text__text\">Este \u00e1lbum marca un antes y un despu\u00e9s, no s\u00f3lo en la trayectoria profesional sino tambi\u00e9n en la vida de \u00c1ngela Cervantes. Despu\u00e9s de tres a\u00f1os sumergida en la extenuante labor de la crianza, este proyecto se ha convertido en la consagraci\u00f3n de una gran artista cuya inmensa creatividad no admite confinamientos, ni clausuras.<\/span><\/span><\/p>\n<p class=\"font_8 wixui-rich-text__text\" style=\"text-align: justify;\"><span class=\"wixui-rich-text__text\"><span class=\"color_25 wixui-rich-text__text\">Su voz, colmada de emoci\u00f3n y expresividad, recupera el legado de Sylvia y nos lo presenta para nuestro deleite con este cuidado repertorio henchido de simbolog\u00eda y profunda humanidad.<\/span><\/span><\/p>\n<p class=\"font_8 wixui-rich-text__text\" style=\"text-align: justify;\"><span class=\"wixui-rich-text__text\"><span class=\"color_16 wixui-rich-text__text\">\u00abC<em>omo persona y como artista, \u00c1ngela Cervantes tiene la excepcional capacidad de transformar lo tosco y rudo de nuestra vida cotidiana, en algo bello y digno de admirar. Bondad y luz emanan inagotables de su interior, e impiden que el demoledor transcurso de la costumbre y la rutina, arruinen el encanto, la magia, la po\u00e9tica y la ilusi\u00f3n de luchar por un mundo mejor. Esta condici\u00f3n, determina inevitablemente el resultado de su m\u00fasica. Adem\u00e1s de apreciarse en ella un dominio t\u00e9cnico y expresivo abrumador, con todo su coraje, \u00c1ngela consigue difundir un mensaje lleno de confianza y esperanza. Sin duda alguna, cualquier persona que la escuche cantar, se llevar\u00e1 mucho m\u00e1s de lo que tra\u00eda.<\/em>\u00ab<\/span><\/span><\/p>\n<p class=\"font_8 wixui-rich-text__text\" style=\"text-align: justify;\"><span class=\"wixui-rich-text__text\"><span class=\"color_16 wixui-rich-text__text\">\u00a0<\/span><\/span><span class=\"wixui-rich-text__text\">Mar\u00eda Hidalgo &#8211; Escritora y Directora de la Escuela de Artes de Madrid, TAI<\/span><\/p>\n<p>https:\/\/www.angelacervant.es\/<\/p>\n","protected":false},"excerpt":{"rendered":"<p>Su trayectoria musical comenz\u00f3 en el hotel donde se cri\u00f3, en la Ibiza de los&#8230;<\/p>\n","protected":false},"author":1,"featured_media":69523,"comment_status":"closed","ping_status":"closed","sticky":false,"template":"","format":"standard","meta":{"_coblocks_attr":"","_coblocks_dimensions":"","_coblocks_responsive_height":"","_coblocks_accordion_ie_support":"","jetpack_post_was_ever_published":false,"_jetpack_newsletter_access":"","_jetpack_dont_email_post_to_subs":false,"_jetpack_newsletter_tier_id":0,"_jetpack_memberships_contains_paywalled_content":false,"_jetpack_memberships_contains_paid_content":false,"footnotes":"","jetpack_publicize_message":"","jetpack_publicize_feature_enabled":true,"jetpack_social_post_already_shared":true,"jetpack_social_options":{"image_generator_settings":{"template":"highway","default_image_id":0,"enabled":false},"version":2}},"categories":[12,6916,44],"tags":[],"class_list":["post-69522","post","type-post","status-publish","format-standard","has-post-thumbnail","hentry","category-cultura","category-ayuntamiento-de-atarfe","category-noticias-de-hoy"],"jetpack_publicize_connections":[],"jetpack_featured_media_url":"https:\/\/i0.wp.com\/miradordeatarfe.es\/wp-content\/uploads\/2024\/05\/Screenshot-2024-05-22-at-14-06-59-Angela-Cervantes-voz-y-raices-jazz.png?fit=591%2C590&ssl=1","jetpack_likes_enabled":true,"jetpack_sharing_enabled":true,"_links":{"self":[{"href":"https:\/\/miradordeatarfe.es\/index.php?rest_route=\/wp\/v2\/posts\/69522","targetHints":{"allow":["GET"]}}],"collection":[{"href":"https:\/\/miradordeatarfe.es\/index.php?rest_route=\/wp\/v2\/posts"}],"about":[{"href":"https:\/\/miradordeatarfe.es\/index.php?rest_route=\/wp\/v2\/types\/post"}],"author":[{"embeddable":true,"href":"https:\/\/miradordeatarfe.es\/index.php?rest_route=\/wp\/v2\/users\/1"}],"replies":[{"embeddable":true,"href":"https:\/\/miradordeatarfe.es\/index.php?rest_route=%2Fwp%2Fv2%2Fcomments&post=69522"}],"version-history":[{"count":1,"href":"https:\/\/miradordeatarfe.es\/index.php?rest_route=\/wp\/v2\/posts\/69522\/revisions"}],"predecessor-version":[{"id":69524,"href":"https:\/\/miradordeatarfe.es\/index.php?rest_route=\/wp\/v2\/posts\/69522\/revisions\/69524"}],"wp:featuredmedia":[{"embeddable":true,"href":"https:\/\/miradordeatarfe.es\/index.php?rest_route=\/wp\/v2\/media\/69523"}],"wp:attachment":[{"href":"https:\/\/miradordeatarfe.es\/index.php?rest_route=%2Fwp%2Fv2%2Fmedia&parent=69522"}],"wp:term":[{"taxonomy":"category","embeddable":true,"href":"https:\/\/miradordeatarfe.es\/index.php?rest_route=%2Fwp%2Fv2%2Fcategories&post=69522"},{"taxonomy":"post_tag","embeddable":true,"href":"https:\/\/miradordeatarfe.es\/index.php?rest_route=%2Fwp%2Fv2%2Ftags&post=69522"}],"curies":[{"name":"wp","href":"https:\/\/api.w.org\/{rel}","templated":true}]}}