{"id":69559,"date":"2024-05-27T11:15:53","date_gmt":"2024-05-27T09:15:53","guid":{"rendered":"https:\/\/miradordeatarfe.es\/?p=69559"},"modified":"2024-06-02T12:03:32","modified_gmt":"2024-06-02T10:03:32","slug":"no-insulten-al-payaso-por-remedios-sanchez","status":"publish","type":"post","link":"https:\/\/miradordeatarfe.es\/?p=69559","title":{"rendered":"\u00abNO INSULTEN AL PAYASO\u00bb por  Remedios S\u00e1nchez"},"content":{"rendered":"<h3 style=\"text-align: justify;\">No acaba de entenderse por qu\u00e9 estos d\u00edas media Espa\u00f1a est\u00e1 confundiendo con un payaso al actual presidente de Argentina, Javier Milei. \u00a0<\/h3>\n<p style=\"text-align: justify;\">Para ser un buen payaso no se puede haber perdido la inocencia que teje mundos de sonrisas limpias y es obligatorio tener talento e inteligencia emocional, que son dos cosas de las que adolece cada vez m\u00e1s la sociedad contempor\u00e1nea. Porque, aunque a veces pueda parecerlo, los pol\u00edticos no son extraterrestres sino un reflejo de la sociedad que les da el poder, nadie lo olvide; pero Milei, que est\u00e1 dinamitando la econom\u00eda y los derechos sociales de los mismos que lo votaron, no es en modo alguno el argentino medio que analiza lo que sucede desde la l\u00f3gica racional: representa al protagonista esperp\u00e9ntico y grotesco en Latinoam\u00e9rica de la deformaci\u00f3n del sistema llevada al extremo. Milei en s\u00ed mismo no es un problema, mayormente porque nadie puede tomarse en serio a un tipo que se dedica a hablar con sus perros difuntos o que afirma que, si le dan a elegir entre el Estado y la mafia, se queda con la mafia. Lo suyo, este andar a medio camino entre personaje de una novela de Valle Incl\u00e1n y otra de Mujica La\u00ednez, debiera entenderse como la m\u00e1s perfilada expresi\u00f3n del problema que supone la progresiva radicalizaci\u00f3n ultraderechista que tambi\u00e9n tiene representantes estelares en la Europa nostra como Meloni o Abascal y, en Estados Unidos, con Donald Trump. \u00a0<\/p>\n<p style=\"text-align: justify;\">La estrategia es sencilla y siempre la misma: para desviar la atenci\u00f3n de sus fracasos lanzan bombas de humo imitando a aquellos malvados de sainete que siempre terminaban perdiendo y saliendo de escena con la rechifla general. La equivocaci\u00f3n ha estado en darle la r\u00e9plica para que se crezca, en vez de observar su mon\u00f3logo de histri\u00f3n vergonzante con la misma cara de santa paciencia de quien escucha las quejas de un ni\u00f1o malcriado que ha cogido una rabieta. \u00a0No es necesario psicoanalizar a don Javier para entender que descendiendo a su nivel llam\u00e1ndolo hiena, tal y como ha hecho en sus declaraciones la Ministra de Igualdad Ana Redondo, supone entrar en el espect\u00e1culo vergonzante de igual a igual, dar carta de naturaleza a su discurso de bravuc\u00f3n demod\u00e8, de gal\u00e1n eg\u00f3latra engominado que ejerce de eterno perdedor en una canci\u00f3n del d\u00fao Pimpinela y es un error estrat\u00e9gico propio de novatos. \u00a0<\/p>\n<p style=\"text-align: justify;\">Ya avisaba Borges de la necesidad de ser muy cuidadoso al escoger a los enemigos dado que, al final, uno acaba pareci\u00e9ndose a ellos; pero Pedro S\u00e1nchez no quiere dejar pasar la ocasi\u00f3n de convertirse a los ojos del p\u00fablico en un superh\u00e9roe enfrentado a este individuo disfrazado de villano chusco que juega a ser el Joker de un Batman sesentero. Incomprensiblemente para alguien que ha sido un buen estratega pol\u00edtico, S\u00e1nchez se muestra decidido a asumir cualquier confrontaci\u00f3n que vaya surgiendo sin percatarse de que el excesivo victimismo tambi\u00e9n puede pasar factura. Sobre todo porque dentro de la ci\u00e9naga, revolc\u00e1ndose en el lodo y haciendo el rid\u00edculo, tiene a parte de sus huestes (\u00d3scar Puente es el ejemplo m\u00e1s logrado) en un momento hist\u00f3rico en el que alguien deb\u00eda haberse comportado como un adulto aplicando un poco de cordura y de serenidad. Y, dada la incomparecencia del contrario, esta vez nos tocaba a nosotros.<\/p>\n<p>&nbsp;<\/p>\n","protected":false},"excerpt":{"rendered":"<p>No acaba de entenderse por qu\u00e9 estos d\u00edas media Espa\u00f1a est\u00e1 confundiendo con un payaso&#8230;<\/p>\n","protected":false},"author":1,"featured_media":69560,"comment_status":"closed","ping_status":"closed","sticky":false,"template":"","format":"standard","meta":{"_coblocks_attr":"","_coblocks_dimensions":"","_coblocks_responsive_height":"","_coblocks_accordion_ie_support":"","jetpack_post_was_ever_published":false,"_jetpack_newsletter_access":"","_jetpack_dont_email_post_to_subs":false,"_jetpack_newsletter_tier_id":0,"_jetpack_memberships_contains_paywalled_content":false,"_jetpack_memberships_contains_paid_content":false,"footnotes":"","jetpack_publicize_message":"","jetpack_publicize_feature_enabled":true,"jetpack_social_post_already_shared":true,"jetpack_social_options":{"image_generator_settings":{"template":"highway","default_image_id":0,"enabled":false},"version":2}},"categories":[7671,6914,6937],"tags":[],"class_list":["post-69559","post","type-post","status-publish","format-standard","has-post-thumbnail","hentry","category-politica","category-opinion-de-reme-sanchez","category-sociedad"],"jetpack_publicize_connections":[],"jetpack_featured_media_url":"https:\/\/i0.wp.com\/miradordeatarfe.es\/wp-content\/uploads\/2024\/05\/th.jpeg?fit=320%2C180&ssl=1","jetpack_likes_enabled":true,"jetpack_sharing_enabled":true,"_links":{"self":[{"href":"https:\/\/miradordeatarfe.es\/index.php?rest_route=\/wp\/v2\/posts\/69559","targetHints":{"allow":["GET"]}}],"collection":[{"href":"https:\/\/miradordeatarfe.es\/index.php?rest_route=\/wp\/v2\/posts"}],"about":[{"href":"https:\/\/miradordeatarfe.es\/index.php?rest_route=\/wp\/v2\/types\/post"}],"author":[{"embeddable":true,"href":"https:\/\/miradordeatarfe.es\/index.php?rest_route=\/wp\/v2\/users\/1"}],"replies":[{"embeddable":true,"href":"https:\/\/miradordeatarfe.es\/index.php?rest_route=%2Fwp%2Fv2%2Fcomments&post=69559"}],"version-history":[{"count":1,"href":"https:\/\/miradordeatarfe.es\/index.php?rest_route=\/wp\/v2\/posts\/69559\/revisions"}],"predecessor-version":[{"id":69561,"href":"https:\/\/miradordeatarfe.es\/index.php?rest_route=\/wp\/v2\/posts\/69559\/revisions\/69561"}],"wp:featuredmedia":[{"embeddable":true,"href":"https:\/\/miradordeatarfe.es\/index.php?rest_route=\/wp\/v2\/media\/69560"}],"wp:attachment":[{"href":"https:\/\/miradordeatarfe.es\/index.php?rest_route=%2Fwp%2Fv2%2Fmedia&parent=69559"}],"wp:term":[{"taxonomy":"category","embeddable":true,"href":"https:\/\/miradordeatarfe.es\/index.php?rest_route=%2Fwp%2Fv2%2Fcategories&post=69559"},{"taxonomy":"post_tag","embeddable":true,"href":"https:\/\/miradordeatarfe.es\/index.php?rest_route=%2Fwp%2Fv2%2Ftags&post=69559"}],"curies":[{"name":"wp","href":"https:\/\/api.w.org\/{rel}","templated":true}]}}