{"id":69562,"date":"2024-05-30T14:17:30","date_gmt":"2024-05-30T12:17:30","guid":{"rendered":"https:\/\/miradordeatarfe.es\/?p=69562"},"modified":"2024-05-26T13:45:33","modified_gmt":"2024-05-26T11:45:33","slug":"big-band","status":"publish","type":"post","link":"https:\/\/miradordeatarfe.es\/?p=69562","title":{"rendered":"LA BIG BAND DE ATARFE en el  XXII Festival Internacional Jazz en el Lago 2024"},"content":{"rendered":"<h3 style=\"text-align: justify;\" data-reader-unique-id=\"1\">La Big Band de Atarfe nace en el seno de la Escuela de M\u00fasica Municipal en 2007, donde se estrena el mismo a\u00f1o en el Festival de Jazz del Lago, donde gracias a sus aceptables cr\u00edticas en el peridoco Ideal, comienza a atraer la admiraci\u00f3n de grandes m\u00fasicos de la ciudad, y llegando hoy d\u00eda a consolidarse como una agrupaci\u00f3n estable y con multitud de seguidores gracias a la variedad de repertorio y conciertos de que dispone la Big Band Atarfe.<br data-reader-unique-id=\"2\" \/><br \/>\n\u00a0<\/h3>\n<p style=\"text-align: justify;\" data-reader-unique-id=\"1\">La agrupaci\u00f3n est\u00e1 formada por componentes de la Escuela Municipal de M\u00fasica Ciudad Atarfe y por numerosos m\u00fasicos de prestigio de toda la provincia de Granada, que cada semana se re\u00fanen para fundir su sentimiento musical hacia los diferentes estilos de la m\u00fasica moderna (Swing, Funky, Blues, Latin\u2026).<\/p>\n<p style=\"text-align: justify;\" data-reader-unique-id=\"4\">Su director musical <strong>Roberto Nieto<\/strong>, es profesor de saxof\u00f3n y m\u00fasica moderna en la Escuela Municipal de M\u00fasica Ciudad Atarfe. Termin\u00f3 los estudios Superiores de M\u00fasica en el Conservatorio Victoria Eugenia de Granada y completa su formaci\u00f3n de m\u00fasica moderna con n\u00fameros seminarios y profesores como Ernesto Aurignac entre otros. En la actualidad adem\u00e1s de director, compositor y arreglista, compagina su actividad did\u00e1ctica con colaboraciones en discos de artistas nacionales del pop, as\u00ed como m\u00fasico en grupos de diversos g\u00e9neros que abarcan desde la m\u00fasica cl\u00e1sica hasta la m\u00fasica actual, pasando por el pop, latin, copla, etc.<\/p>\n<p style=\"text-align: justify;\" data-reader-unique-id=\"5\">En la actualidad la agrupaci\u00f3n realiza varios conciertos casi obligadas como son el \u201cFestival de Jazz en el Lago\u201d y el concierto de Navidad en el teatro \u201cMedina Elvira\u201d en lo que cada vez va ganado m\u00e1s adeptos, aunque son otros muchos los que se realizan a lo largo del a\u00f1o tanto en la localidad de Atarfe, como en pueblos colindantes o locales de Jazz de la Zona, aunque tambi\u00e9n ha tenido el placer de participar en el \u201cFestival de Jazz de Madrid\u201d y el \u201cJazz Tardor\u201d (Lleida), adem\u00e1s de acompa\u00f1ar a figuras de \u00e1mbito nacional como internacional como el organista Enrique Valdivieso, el trombonista Toni belenguer o el trompetista David Pastor.<\/p>\n<p style=\"text-align: justify;\" data-reader-unique-id=\"6\"><a href=\"https:\/\/i0.wp.com\/miradordeatarfe.es\/wp-content\/uploads\/2024\/05\/412406279_868146478646962_3013147489496763330_n.jpg?ssl=1\"><img data-recalc-dims=\"1\" loading=\"lazy\" decoding=\"async\" class=\"wp-image-69575  alignleft\" src=\"https:\/\/i0.wp.com\/miradordeatarfe.es\/wp-content\/uploads\/2024\/05\/412406279_868146478646962_3013147489496763330_n.jpg?resize=640%2C427&#038;ssl=1\" alt=\"\" width=\"640\" height=\"427\" srcset=\"https:\/\/i0.wp.com\/miradordeatarfe.es\/wp-content\/uploads\/2024\/05\/412406279_868146478646962_3013147489496763330_n.jpg?w=809&amp;ssl=1 809w, https:\/\/i0.wp.com\/miradordeatarfe.es\/wp-content\/uploads\/2024\/05\/412406279_868146478646962_3013147489496763330_n.jpg?resize=300%2C200&amp;ssl=1 300w, https:\/\/i0.wp.com\/miradordeatarfe.es\/wp-content\/uploads\/2024\/05\/412406279_868146478646962_3013147489496763330_n.jpg?resize=768%2C513&amp;ssl=1 768w\" sizes=\"auto, (max-width: 640px) 100vw, 640px\" \/><\/a><\/p>\n<p style=\"text-align: justify;\" data-reader-unique-id=\"6\">En sus conciertos es imprescindible hablar de la variedad ya que realizan desde el Swing de las bandas de Count Basie y Glenn Miller hasta el Rock&amp;Roll del incombustible Brian Setzer, pasando por los ritmos latinos de Arturo Sandoval y Paquito d\u00b4Rivera o incluso versiones adaptadas de los grandes del Rock como AC\/DC. Otra de las variedades es el de Jazz Vocal con la colaboraci\u00f3n de grandes cantantes de nuestro panorama musical, realizando versiones de los m\u00edticos Frank Sinatra, Ella Fitzgerald, Tina Turner y Louis Armstrong entre otros\u2026<\/p>\n<p style=\"text-align: justify;\">La Big Band Atarfe es un proyecto innovador con gran proyecci\u00f3n, nacida en el seno de la Escuela de M\u00fasica Ciudad de Atarfe, y que tiene como objetivo principal explorar un g\u00e9nero musical como es el jazz en sus diferentes vertientes. Para la Big Band Atarfe las grandes bandas cl\u00e1sicas americanas (The Duke Ellington, Count Basie, Dizzy Gillespie, Fletcher Henderson, etc.) han sido y son actualmente un referente, ya que es el lugar donde el jazz ha nacido y se ha convertido mas que en una forma de m\u00fasica, en un estilo de vida.<\/p>\n<p style=\"text-align: justify;\">La Big Band Atarfe irrumpe en la sociedad para convertirse en un proyecto de difusi\u00f3n del jazz y la m\u00fasica creativa sin precedentes en la provincia. Desde su fundaci\u00f3n en 2007, ha celebrado m\u00e1s de 150 actuaciones en festivales nacionales e internacionales, teatros, conciertos en ciudades, etc. En 2014 grabaron su primer disco titulado \u2018The Amazing Groove\u2019 producido por Quadrant Records, como homenaje a la trayectoria de esta agrupaci\u00f3n m\u00fasical y a sus fieles seguidores. Este disco fue presentado en el Auditorio Medina Elvira de la ciudad de Atarfe, catalogando la prensa a la Big Band Atarfe como una agrupaci\u00f3n polifac\u00e9tica y con gran solidez musical, particularmente en el panorama jazz\u00edstico auton\u00f3mico y nacional. Su repertorio presenta una gran variedad m\u00fasical, con posibilidad de sonoridades muy diversas: Jazz vocal, swing, latin jazz, blues, funky, jazz rock\u2026<\/p>\n<p>La actuaci\u00f3n de la Big Band Atarfe, bajo la direcci\u00f3n de Roberto Nieto y acompa\u00f1ados por el pianista Sergio Pamies, explorando diversos g\u00e9neros del Jazz y fusion\u00e1ndolos con el flameco. <strong>SERGIO PAMIES<\/strong> (Granada 1983), Primer pianista graduado en Jazz en Espa\u00f1a (Liceu de Barcelona). Master en North Texas University (con premio extraordinario). Su primer disco como l\u00edder con la formaci\u00f3n de fusi\u00f3n jazz-flamenco \u00abEntre amigos\u00bb fue finalista en los premios de Enderrock y de Revista de Jazz. Ha actuado en Mirajazz (Miranda de Ebro), Teatro Bret\u00f3n de los Herreros (Haro), Liceu , Jamboree, Palau de la M\u00fasica (Barcelona), Festival internacional de jazz y Festival Jazz en la Costa (Granada), Munijazz (La Rioja), Austria (auditorio Karl Orff, Viena), Colombia (Festivales de Bucaramanga, Medell\u00edn y Bogot\u00e1, Rep\u00fablica Checa (Praga, Brno, Boskovice, Olomouc, Rumberk), Eslovaquia (Bratislava), China (Shangai) y Polonia (Varsovia: Jazz Na Starowce).\u00a0<\/p>\n","protected":false},"excerpt":{"rendered":"<p>La Big Band de Atarfe nace en el seno de la Escuela de M\u00fasica Municipal&#8230;<\/p>\n","protected":false},"author":1,"featured_media":69574,"comment_status":"closed","ping_status":"closed","sticky":false,"template":"","format":"standard","meta":{"_coblocks_attr":"","_coblocks_dimensions":"","_coblocks_responsive_height":"","_coblocks_accordion_ie_support":"","jetpack_post_was_ever_published":false,"_jetpack_newsletter_access":"","_jetpack_dont_email_post_to_subs":false,"_jetpack_newsletter_tier_id":0,"_jetpack_memberships_contains_paywalled_content":false,"_jetpack_memberships_contains_paid_content":false,"footnotes":"","jetpack_publicize_message":"","jetpack_publicize_feature_enabled":true,"jetpack_social_post_already_shared":true,"jetpack_social_options":{"image_generator_settings":{"template":"highway","default_image_id":0,"enabled":false},"version":2}},"categories":[12,186,44],"tags":[],"class_list":["post-69562","post","type-post","status-publish","format-standard","has-post-thumbnail","hentry","category-cultura","category-instituciones","category-noticias-de-hoy"],"jetpack_publicize_connections":[],"jetpack_featured_media_url":"https:\/\/i0.wp.com\/miradordeatarfe.es\/wp-content\/uploads\/2024\/05\/Screenshot-2024-05-26-at-13-37-51-20140705-Sandra-Morales-con-Big-Band-Atarfe.png?fit=1024%2C680&ssl=1","jetpack_likes_enabled":true,"jetpack_sharing_enabled":true,"_links":{"self":[{"href":"https:\/\/miradordeatarfe.es\/index.php?rest_route=\/wp\/v2\/posts\/69562","targetHints":{"allow":["GET"]}}],"collection":[{"href":"https:\/\/miradordeatarfe.es\/index.php?rest_route=\/wp\/v2\/posts"}],"about":[{"href":"https:\/\/miradordeatarfe.es\/index.php?rest_route=\/wp\/v2\/types\/post"}],"author":[{"embeddable":true,"href":"https:\/\/miradordeatarfe.es\/index.php?rest_route=\/wp\/v2\/users\/1"}],"replies":[{"embeddable":true,"href":"https:\/\/miradordeatarfe.es\/index.php?rest_route=%2Fwp%2Fv2%2Fcomments&post=69562"}],"version-history":[{"count":3,"href":"https:\/\/miradordeatarfe.es\/index.php?rest_route=\/wp\/v2\/posts\/69562\/revisions"}],"predecessor-version":[{"id":69573,"href":"https:\/\/miradordeatarfe.es\/index.php?rest_route=\/wp\/v2\/posts\/69562\/revisions\/69573"}],"wp:featuredmedia":[{"embeddable":true,"href":"https:\/\/miradordeatarfe.es\/index.php?rest_route=\/wp\/v2\/media\/69574"}],"wp:attachment":[{"href":"https:\/\/miradordeatarfe.es\/index.php?rest_route=%2Fwp%2Fv2%2Fmedia&parent=69562"}],"wp:term":[{"taxonomy":"category","embeddable":true,"href":"https:\/\/miradordeatarfe.es\/index.php?rest_route=%2Fwp%2Fv2%2Fcategories&post=69562"},{"taxonomy":"post_tag","embeddable":true,"href":"https:\/\/miradordeatarfe.es\/index.php?rest_route=%2Fwp%2Fv2%2Ftags&post=69562"}],"curies":[{"name":"wp","href":"https:\/\/api.w.org\/{rel}","templated":true}]}}