{"id":69602,"date":"2024-05-31T11:28:52","date_gmt":"2024-05-31T09:28:52","guid":{"rendered":"https:\/\/miradordeatarfe.es\/?p=69602"},"modified":"2024-05-29T09:44:08","modified_gmt":"2024-05-29T07:44:08","slug":"la-atarfena-alba-sanchez-montalvo-en-la-prensa-internacional","status":"publish","type":"post","link":"https:\/\/miradordeatarfe.es\/?p=69602","title":{"rendered":"LA ATARFE\u00d1A ALBA S\u00c1NCHEZ MONTALVO EN LA PRENSA INTERNACIONAL"},"content":{"rendered":"<h3 class=\"article-headline left \" style=\"text-align: justify;\">Comida deshidratada, aislamiento y trajes espaciales: as\u00ed ha sido el \u2018viaje a Marte\u2019 de una cient\u00edfica espa\u00f1ola. Alba S\u00e1nchez Montalvo, biotecn\u00f3loga e investigadora granadina, ha participado en el proyecto \u2018Mars UCLouvain\u2019, en el que ocho cient\u00edficos han viajado al desierto de Utah, Estados Unidos, para recrear el ambiente del planeta rojo<\/h3>\n<p class=\"paragraph\" style=\"text-align: justify;\" data-mrf-recirculation=\"Links inline\">Desde peque\u00f1a, a <b>Alba S\u00e1nchez Montalvo<\/b> siempre le gust\u00f3 todo lo relacionado con el espacio exterior. Sent\u00eda curiosidad por saber qu\u00e9 hab\u00eda ah\u00ed fuera, por saber <b>c\u00f3mo eran la Luna, las galaxias o los viajes espaciales<\/b>. Pero pasados unos a\u00f1os, al llegar a Bachillerato, se top\u00f3 con la dura realidad: la f\u00edsica y las matem\u00e1ticas no eran lo suyo, as\u00ed que decidi\u00f3 dejar de lado el espacio y <a href=\"https:\/\/www.infobae.com\/espana\/2024\/05\/24\/espana-quiere-ser-pionera-en-la-limpieza-del-espacio-asi-es-el-sistema-que-captura-satelites-muertos-y-los-regresa-a-la-tierra\/\" target=\"_blank\" rel=\"noopener noreferrer\" data-mrf-link=\"https:\/\/www.infobae.com\/espana\/2024\/05\/24\/espana-quiere-ser-pionera-en-la-limpieza-del-espacio-asi-es-el-sistema-que-captura-satelites-muertos-y-los-regresa-a-la-tierra\/\">enfocarse en la investigaci\u00f3n<\/a>, concretamente en la biotecnolog\u00eda, que es la carrera que estudi\u00f3. Lo que no imaginaba es que a\u00f1os despu\u00e9s tendr\u00eda la oportunidad de enfundarse un <b>traje de astronauta <\/b>para hacer una simulaci\u00f3n de c\u00f3mo ser\u00eda una <b>misi\u00f3n espacial en Marte<\/b> gracias al proyecto<b> Mars UCLouvain,<\/b> en el que ocho investigadores han viajado al desierto de Utah, Estados Unidos, para recrear el ambiente del planeta rojo.<\/p>\n<p class=\"paragraph\" style=\"text-align: justify;\" data-mrf-recirculation=\"Links inline\">Se trata de un proyecto que se enmarca dentro de la <i>Mars Society,<\/i> una iniciativa sin \u00e1nimo de lucro que busca enviar investigadores y estudiantes de la Universidad cat\u00f3lica de Louvain, B\u00e9lgica, a la estaci\u00f3n espacial instalada en el desierto de Utah para hacer simulaciones y experimentos cient\u00edficos. En este lugar, elegido<b> por sus excepcionales condiciones geol\u00f3gicas y biol\u00f3gicas <\/b>en el estudio de zonas an\u00e1logas al planeta Marte, Alba ha pasado dos semanas (del 31 de marzo al 14 de abril) junto al resto de sus compa\u00f1eros. Una experiencia que, asegura, <b>le ha cambiado la vida,<\/b> porque le ha hecho replantearse su futuro m\u00e1s inmediato. Y aunque no se trata del espacio, al menos la simulaci\u00f3n le ha servido para sacarse esa espinita de la infancia.<\/p>\n<div class=\"inline ad-wrapper\" style=\"text-align: justify;\">\n<div class=\"dfpAd ad-inline\">\n<div id=\"infobae\/espana\/nota\/inline\" class=\"infobae\/espana\/nota\/inline arcad\" data-google-query-id=\"CN32zvnWrYYDFTdP9ggdfIEAdg\">\u00a0<\/div>\n<\/div>\n<\/div>\n<p class=\"paragraph\" style=\"text-align: justify;\" data-mrf-recirculation=\"Links inline\">\u201cHa sido un peque\u00f1o contacto con ese mundo, porque tambi\u00e9n he tenido la oportunidad de visitar centros de la ESA (Agencia Espacial Europea) de acudir a seminarios y conocer a otros investigadores. Ha sido una experiencia \u00fanica y me ha cambiado la vida a muchos niveles\u201d, cuenta esta <b>biotecn\u00f3loga e investigadora<\/b> granadina que acaba de cumplir 28 a\u00f1os.<\/p>\n<p class=\"paragraph\" style=\"text-align: justify;\" data-mrf-recirculation=\"Links inline\">En esas dos \u201cintensas semanas\u201d en las que<b> estuvieron incomunicados, sin acceso a redes sociales <\/b>y con apenas dos horas de internet al d\u00eda para enviar informes laborales, Alba asegura que tuvo tiempo para pensar tanto en su vida personal como profesional y, aunque a\u00fan le quedan unos meses en B\u00e9lgica para terminar el doctorado sobre la inmunoglobulina A y su impacto en los pacientes que sufren sinusitis cr\u00f3nica, se plantea trabajar en centros de investigaci\u00f3n para <b>estudiar el sistema inmunitario de los astronautas.<\/b><\/p>\n<div class=\"visual__image\" style=\"text-align: justify;\"><img loading=\"lazy\" decoding=\"async\" class=\"\" src=\"https:\/\/www.infobae.com\/new-resizer\/jtz9nffnyuxcQSm9VWOrwFInHnw=\/420x280\/filters:format(webp):quality(85)\/cloudfront-us-east-1.images.arcpublishing.com\/infobae\/GZ25YBAVORDPXLDAXUCYJBOVCE.jpeg 420w\" sizes=\"auto, (min-width: 1560px) 856px, (min-width: 1000px) calc(74.63vw - 293px), (min-width: 780px) calc(100vw - 376px), (min-width: 580px) calc(100vw - 32px), 100vw\" srcset=\"https:\/\/www.infobae.com\/new-resizer\/jtz9nffnyuxcQSm9VWOrwFInHnw=\/420x280\/filters:format(webp):quality(85)\/cloudfront-us-east-1.images.arcpublishing.com\/infobae\/GZ25YBAVORDPXLDAXUCYJBOVCE.jpeg 420w,https:\/\/www.infobae.com\/new-resizer\/sjL3k1e-f7KzeiJjG1KsGXEsasU=\/768x512\/filters:format(webp):quality(85)\/cloudfront-us-east-1.images.arcpublishing.com\/infobae\/GZ25YBAVORDPXLDAXUCYJBOVCE.jpeg 768w,https:\/\/www.infobae.com\/new-resizer\/mEDc0Mof4V29YIYs8tcBzHW0Xrg=\/992x661\/filters:format(webp):quality(85)\/cloudfront-us-east-1.images.arcpublishing.com\/infobae\/GZ25YBAVORDPXLDAXUCYJBOVCE.jpeg 992w,https:\/\/www.infobae.com\/new-resizer\/7IoJzVJhSJkhqxQNIJpv7fdY9Zg=\/1200x800\/filters:format(webp):quality(85)\/cloudfront-us-east-1.images.arcpublishing.com\/infobae\/GZ25YBAVORDPXLDAXUCYJBOVCE.jpeg 1200w,https:\/\/www.infobae.com\/new-resizer\/3dV-nrJKwrCYQqF4bAJeqI-Ezh8=\/1440x960\/filters:format(webp):quality(85)\/cloudfront-us-east-1.images.arcpublishing.com\/infobae\/GZ25YBAVORDPXLDAXUCYJBOVCE.jpeg 1440w\" alt=\"Una de las salidas del grupo de cient\u00edficos. (Maxime Foucart @maxtrophoto)\" width=\"1241\" height=\"835\" data-src=\"https:\/\/www.infobae.com\/new-resizer\/jtz9nffnyuxcQSm9VWOrwFInHnw=\/420x280\/filters:format(webp):quality(85)\/cloudfront-us-east-1.images.arcpublishing.com\/infobae\/GZ25YBAVORDPXLDAXUCYJBOVCE.jpeg 420w\" \/><\/div>\n<div class=\"visual__image\" style=\"text-align: justify;\">Una de las salidas del grupo de cient\u00edficos. (Maxime Foucart @maxtrophoto)<\/div>\n<div class=\"headline-wrapper\" style=\"text-align: justify;\">\n<h2 class=\"header headline-class-h2\">Estudiar la respuesta inflamatoria<\/h2>\n<\/div>\n<p class=\"paragraph\" style=\"text-align: justify;\" data-mrf-recirculation=\"Links inline\">Durante esa estancia en el desierto, se levantaban temprano, a las 7:00, para aprovechar la ma\u00f1ana y evitar el calor de las horas centrales, de forma que la actividad principal eran las salidas extravehiculares,<b> con traje y escafandra incluida, <\/b>simulando que la atm\u00f3sfera era irrespirable. Y aunque la comida tampoco era exactamente como la de los astronautas, s\u00ed <b>era liofilizada, <\/b>es decir, hab\u00eda pasado por un proceso de deshidrataci\u00f3n que permite conservar los alimentos durante largos periodos de tiempo sin que se altere el sabor.<\/p>\n<p class=\"paragraph\" style=\"text-align: justify;\" data-mrf-recirculation=\"Links inline\">Por las tardes, cada investigador se dedicaba a su proyecto cient\u00edfico. El de Alba, en concreto, consist\u00eda en tomar muestras de sangre y saliva a sus compa\u00f1eros para<b> estudiar la respuesta inflamatoria<\/b>,<b> <\/b>pues los astronautas <a href=\"https:\/\/www.infobae.com\/america\/mexico\/2022\/02\/27\/que-sintomas-presentan-los-astronautas-durante-sus-viajes-al-espacio\/\" target=\"_blank\" rel=\"noopener noreferrer\" data-mrf-link=\"https:\/\/www.infobae.com\/america\/mexico\/2022\/02\/27\/que-sintomas-presentan-los-astronautas-durante-sus-viajes-al-espacio\/\">suelen padecer ciertos dolores e inflamaciones durante los viajes espaciales,<\/a> sobre todo en la cabeza, por el exceso de sangre en el cr\u00e1neo, adem\u00e1s de los problemas de salud que sufren al regresar a la Tierra. Y aunque en el espacio influyen otros par\u00e1metros, como la<b> ausencia de gravedad o la radiaci\u00f3n,<\/b> la simulaci\u00f3n le sirvi\u00f3 para analizar c\u00f3mo impactan el aislamiento en grupo y el potencial estr\u00e9s de la misi\u00f3n, entre otros aspectos.<\/p>\n<p class=\"paragraph\" style=\"text-align: justify;\" data-mrf-recirculation=\"Links inline\">Te puede interesar:<i> <\/i><a href=\"https:\/\/www.infobae.com\/espana\/2024\/05\/24\/el-hospital-zendal-es-una-verguenza-la-familia-de-un-paciente-afectado-por-un-trastorno-neurologico-pide-un-cambio-de-centro-ante-los-escasos-medios\/\" target=\"_blank\" rel=\"noopener noreferrer\" data-mrf-link=\"https:\/\/www.infobae.com\/espana\/2024\/05\/24\/el-hospital-zendal-es-una-verguenza-la-familia-de-un-paciente-afectado-por-un-trastorno-neurologico-pide-un-cambio-de-centro-ante-los-escasos-medios\/\"><i>\u201cEl hospital Zendal es una verg\u00fcenza\u201d: la familia de un paciente con trastorno neurol\u00f3gico pide un cambio de centro ante los escasos medios<\/i><\/a><\/p>\n<div class=\"visual__image\" style=\"text-align: justify;\">\n<div id=\"standard_3\" class=\"st-placement standard_3 inImage\">\n<div class=\"st-adunit st-adunit-tagged st-reset st-show\">\n<div class=\"st-adunit-ad st-reset\">\u00a0<\/div>\n<\/div>\n<\/div>\n<p><img loading=\"lazy\" decoding=\"async\" class=\"\" src=\"https:\/\/www.infobae.com\/new-resizer\/eIzIXX6svRGOn1yspjZobcqNk-8=\/420x420\/filters:format(webp):quality(85)\/cloudfront-us-east-1.images.arcpublishing.com\/infobae\/STX2EQZKR5EBHENJ75PP6K7CBU.jpeg 420w\" sizes=\"auto, (min-width: 1560px) 856px, (min-width: 1000px) calc(74.63vw - 293px), (min-width: 780px) calc(100vw - 376px), (min-width: 580px) calc(100vw - 32px), 100vw\" srcset=\"https:\/\/www.infobae.com\/new-resizer\/eIzIXX6svRGOn1yspjZobcqNk-8=\/420x420\/filters:format(webp):quality(85)\/cloudfront-us-east-1.images.arcpublishing.com\/infobae\/STX2EQZKR5EBHENJ75PP6K7CBU.jpeg 420w,https:\/\/www.infobae.com\/new-resizer\/r0HlqdW3g0lbb1WDMarJmH3XkTw=\/768x768\/filters:format(webp):quality(85)\/cloudfront-us-east-1.images.arcpublishing.com\/infobae\/STX2EQZKR5EBHENJ75PP6K7CBU.jpeg 768w,https:\/\/www.infobae.com\/new-resizer\/FpmLlYDMlOI1AYJG-UvlgZ1o7ps=\/992x992\/filters:format(webp):quality(85)\/cloudfront-us-east-1.images.arcpublishing.com\/infobae\/STX2EQZKR5EBHENJ75PP6K7CBU.jpeg 992w,https:\/\/www.infobae.com\/new-resizer\/5BNNsThJfpuGLkeHVfzIDQSA8vo=\/1200x1200\/filters:format(webp):quality(85)\/cloudfront-us-east-1.images.arcpublishing.com\/infobae\/STX2EQZKR5EBHENJ75PP6K7CBU.jpeg 1200w,https:\/\/www.infobae.com\/new-resizer\/nzX00W1sHdh3mYGPvVqjz1QW15o=\/1440x1440\/filters:format(webp):quality(85)\/cloudfront-us-east-1.images.arcpublishing.com\/infobae\/STX2EQZKR5EBHENJ75PP6K7CBU.jpeg 1440w\" alt=\"Alba S\u00e1nchez Montalvo. (Cedida)\" width=\"3024\" height=\"2704\" data-src=\"https:\/\/www.infobae.com\/new-resizer\/eIzIXX6svRGOn1yspjZobcqNk-8=\/420x420\/filters:format(webp):quality(85)\/cloudfront-us-east-1.images.arcpublishing.com\/infobae\/STX2EQZKR5EBHENJ75PP6K7CBU.jpeg 420w\" \/>Alba S\u00e1nchez Montalvo. (Cedida)<\/p>\n<\/div>\n<div class=\"headline-wrapper\" style=\"text-align: justify;\">\n<h2 class=\"header headline-class-h2\">La importancia de que las mujeres puedan ser referentes<\/h2>\n<\/div>\n<p class=\"paragraph\" style=\"text-align: justify;\" data-mrf-recirculation=\"Links inline\">Alba reconoce que fue la <b>falta de oportunidades en Espa\u00f1a <\/b>lo que la empuj\u00f3 a estudiar fuera, por lo que reclama una mayor inversi\u00f3n en ciencia e investigaci\u00f3n. Tambi\u00e9n destaca <a href=\"https:\/\/www.infobae.com\/espana\/2023\/09\/22\/las-cientificas-espanolas-que-iran-a-la-antartida-ahora-podemos-ser-referentes-para-otras-generaciones\/\" target=\"_blank\" rel=\"noopener noreferrer\" data-mrf-link=\"https:\/\/www.infobae.com\/espana\/2023\/09\/22\/las-cientificas-espanolas-que-iran-a-la-antartida-ahora-podemos-ser-referentes-para-otras-generaciones\/\">la importancia del papel de las mujeres en la ciencia, <\/a>pues aunque en los \u00faltimos a\u00f1os se han producido avances importantes en materia de igualdad, tambi\u00e9n en este \u00e1mbito a\u00fan queda un largo camino que recorrer.<\/p>\n<div class=\"jwplayer-ctn\" style=\"text-align: justify;\">El Ministerio de Defensa se encuentra inmerso en un proyecto tecnol\u00f3gico para mejorar la capacidad satelital de las comunicaciones militares<\/div>\n<p class=\"paragraph\" style=\"text-align: justify;\" data-mrf-recirculation=\"Links inline\">Han sido precisamente<b> dos mujeres cient\u00edficas las que han marcado su trayectoria<\/b>: su tutora de pr\u00e1cticas de la carrera del CSIC y la presidenta del jurado de su doctorado. Por eso, tambi\u00e9n considera fundamental que las nuevas generaciones puedan tener como referentes a las mujeres \u201cpara que se sientan inspiradas y puedan admirar a otras investigadoras\u201d.<\/p>\n<p style=\"text-align: justify;\" data-mrf-recirculation=\"Links inline\"><a class=\"author-name\" href=\"https:\/\/www.infobae.com\/autor\/maria-garcia-arenales\/\" aria-label=\"Mar\u00eda Garc\u00eda Arenales\">Mar\u00eda Garc\u00eda Arenales<\/a><\/p>\n<p style=\"text-align: justify;\" data-mrf-recirculation=\"Links inline\">FOTO: Alba S\u00e1nchez Montalvo en el desierto de Utah, EEUU, donde est\u00e1 instalada la Estaci\u00f3n de Investigaci\u00f3n del Desierto de Marte. (Maxime Foucart @maxtrophoto)<\/p>\n<p style=\"text-align: justify;\">https:\/\/www.infobae.com\/espana\/2024\/05\/26\/comida-deshidratada-aislamiento-y-trajes-espaciales-asi-ha-sido-el-viaje-a-marte-de-una-cientifica-espanola\/?fbclid=PAZXh0bgNhZW0CMTEAAabCJFpROjJjI3WtVVLsbAYCFomsQF6oAeBlQVVrViB3Iieleahs3gnwHQI_aem_ATwBoNt3A0-jUt9if_RAnr-nL7cgZI8in5YBJdTT0dJ-oR5tB0BWxBja3wUEifvseJA_jdm5jC7FsSsDfL5zhqe2%23google_vignette<\/p>\n","protected":false},"excerpt":{"rendered":"<p>Comida deshidratada, aislamiento y trajes espaciales: as\u00ed ha sido el \u2018viaje a Marte\u2019 de una&#8230;<\/p>\n","protected":false},"author":1,"featured_media":69603,"comment_status":"closed","ping_status":"closed","sticky":false,"template":"","format":"standard","meta":{"_coblocks_attr":"","_coblocks_dimensions":"","_coblocks_responsive_height":"","_coblocks_accordion_ie_support":"","jetpack_post_was_ever_published":false,"_jetpack_newsletter_access":"","_jetpack_dont_email_post_to_subs":false,"_jetpack_newsletter_tier_id":0,"_jetpack_memberships_contains_paywalled_content":false,"_jetpack_memberships_contains_paid_content":false,"footnotes":"","jetpack_publicize_message":"","jetpack_publicize_feature_enabled":true,"jetpack_social_post_already_shared":true,"jetpack_social_options":{"image_generator_settings":{"template":"highway","default_image_id":0,"enabled":false},"version":2}},"categories":[186,44,6539],"tags":[],"class_list":["post-69602","post","type-post","status-publish","format-standard","has-post-thumbnail","hentry","category-instituciones","category-noticias-de-hoy","category-personajes-de-ataref"],"jetpack_publicize_connections":[],"jetpack_featured_media_url":"https:\/\/i0.wp.com\/miradordeatarfe.es\/wp-content\/uploads\/2024\/05\/Screenshot-2024-05-27-at-13-04-31-Comida-deshidratada-aislamiento-y-trajes-espaciales-asi-ha-sido-el-%E2%80%98viaje-a-Marte-de-una-cientifica-espanola.png?fit=690%2C528&ssl=1","jetpack_likes_enabled":true,"jetpack_sharing_enabled":true,"_links":{"self":[{"href":"https:\/\/miradordeatarfe.es\/index.php?rest_route=\/wp\/v2\/posts\/69602","targetHints":{"allow":["GET"]}}],"collection":[{"href":"https:\/\/miradordeatarfe.es\/index.php?rest_route=\/wp\/v2\/posts"}],"about":[{"href":"https:\/\/miradordeatarfe.es\/index.php?rest_route=\/wp\/v2\/types\/post"}],"author":[{"embeddable":true,"href":"https:\/\/miradordeatarfe.es\/index.php?rest_route=\/wp\/v2\/users\/1"}],"replies":[{"embeddable":true,"href":"https:\/\/miradordeatarfe.es\/index.php?rest_route=%2Fwp%2Fv2%2Fcomments&post=69602"}],"version-history":[{"count":2,"href":"https:\/\/miradordeatarfe.es\/index.php?rest_route=\/wp\/v2\/posts\/69602\/revisions"}],"predecessor-version":[{"id":69648,"href":"https:\/\/miradordeatarfe.es\/index.php?rest_route=\/wp\/v2\/posts\/69602\/revisions\/69648"}],"wp:featuredmedia":[{"embeddable":true,"href":"https:\/\/miradordeatarfe.es\/index.php?rest_route=\/wp\/v2\/media\/69603"}],"wp:attachment":[{"href":"https:\/\/miradordeatarfe.es\/index.php?rest_route=%2Fwp%2Fv2%2Fmedia&parent=69602"}],"wp:term":[{"taxonomy":"category","embeddable":true,"href":"https:\/\/miradordeatarfe.es\/index.php?rest_route=%2Fwp%2Fv2%2Fcategories&post=69602"},{"taxonomy":"post_tag","embeddable":true,"href":"https:\/\/miradordeatarfe.es\/index.php?rest_route=%2Fwp%2Fv2%2Ftags&post=69602"}],"curies":[{"name":"wp","href":"https:\/\/api.w.org\/{rel}","templated":true}]}}