{"id":69620,"date":"2024-05-29T09:00:27","date_gmt":"2024-05-29T07:00:27","guid":{"rendered":"https:\/\/miradordeatarfe.es\/?p=69620"},"modified":"2024-05-29T09:31:33","modified_gmt":"2024-05-29T07:31:33","slug":"nace-el-i-festival-ola-granada-dedicado-a-artistas-y-bandas-emergentes-de-la-capital","status":"publish","type":"post","link":"https:\/\/miradordeatarfe.es\/?p=69620","title":{"rendered":"Nace el I Festival Ola Granada dedicado a artistas y bandas emergentes de la capital"},"content":{"rendered":"<div class=\"cuerpo\">\n<h3 style=\"text-align: justify;\">El Ayuntamiento de Granada ha creado, en colaboraci\u00f3n con Cervezas Alhambra, el I Festival Ola Granada, \u2018La m\u00fasica que viene\u2019, dedicado a artistas y a bandas emergentes de la ciudad que en su primera edici\u00f3n, <strong>el pr\u00f3ximo 31 de mayo, a las 19:00h, en la explanada del Palacio de Congresos<\/strong>, contar\u00e1 con la participaci\u00f3n de los grupos de <strong>Arena Polar<\/strong>, <strong>Garc\u00eda Picasso<\/strong>, <strong>Colegas y tal<\/strong>, y <strong>Alonso<\/strong>.<\/h3>\n<p style=\"text-align: justify;\">Se trata de un evento musical, en palabras de la alcaldesa de Granada, Marifr\u00e1n Carazo, que nace para mantenerse en el tiempo y celebrarse anualmente, de la mano del patrocinio de Cervezas Alhambra.<\/p>\n<p style=\"text-align: justify;\">El cartel de la primera edici\u00f3n de Ola Granada \u2018La m\u00fasica que viene\u2019, est\u00e1 integrado por Colegas y tal, formaci\u00f3n que mezcla power pop y el punk-rock m\u00e1s canalla, finalistas del concurso Emergentes Planta Baja 2023, con canciones rabiosas y desenfadadas, como \u201cTe quiero a rabiar\u201d o \u201cF\u00fatbol Nacional\u201d. Aut\u00e9nticos torpedos en la l\u00ednea de flotaci\u00f3n. Arena Polar, ganadores del premio el a\u00f1o pasado, se han consolidado como una de las bandas noveles m\u00e1s solventes con un sonido que hace referencia al \u201cmejor pop facturado en la ciudad, marca Granada\u201d. Sus elaboradas composiciones trascienden con latigazos \u201cque se instalan en un minuto en el hipot\u00e1lamo y ya no se olvidan jam\u00e1s\u201d. Cuentan con un primer disco grabado, bajo la direcci\u00f3n de Carlos D\u00edaz, \u201csolo a falta de encontrar el apoyo de una discogr\u00e1fica\u201d.<\/p>\n<p style=\"text-align: justify;\">El cartel incluye al inclasificable artista granadino Garc\u00eda Picasso, hermano de Kid Simius, que ofrecer\u00e1 un directo divertido, perform\u00e1tico y orientado al baile, en el que sumar\u00e1 al cante y la percusi\u00f3n, momentos para la sensualidad y elementos de performance y folklore. Tras publicar los avances \u201cParty Time\u201d y \u201cLocom\u00eda\u201d en los que versiona a la formaci\u00f3n ibicenca, su \u00e1lbum debut est\u00e1 previsto para octubre de 2024.<\/p>\n<p style=\"text-align: justify;\">Alonso Carmona, integrante de Napole\u00f3n Solo y mil proyectos m\u00e1s, se cuela en la primera edici\u00f3n de Ola Granada como padrino de estas bandas y artistas emergentes tras publicar su primer \u00e1lbum en solitario \u201c\u00bfQu\u00e9 es querer?\u201d. Alonso, m\u00fasico de enorme formaci\u00f3n acad\u00e9mica y trayectoria, ha formado parte de muchas bandas importantes de la ciudad y ha adaptado a orquesta sinf\u00f3nica (junto a la OCG) discos de Los Planetas. Con Napole\u00f3n Solo alcanz\u00f3 cotas creativas inimaginables para muchos otros y ahora presenta un disco maravilloso, pura expresi\u00f3n de su concepto de la m\u00fasica con canciones brillantes como \u201cSoy un humano\u201d, \u201c\u00bfQu\u00e9 es querer?\u201d, \u201cGuerrero\u201d o \u201cLib\u00e9rala\u201d.\u00a0<\/p>\n<h4 style=\"text-align: justify;\">Liderazgo musical de Granada<\/h4>\n<p style=\"text-align: justify;\">Para Carazo, el Consistorio reivindica as\u00ed el liderazgo de Granada dentro de la escena musical espa\u00f1ola, tanto por la enorme tradici\u00f3n, repercusi\u00f3n y relevancia de bandas y artistas que \u201chacen m\u00fasica en nuestra ciudad\u201d, como por la \u201cconsolidada y fruct\u00edfera\u201d industria musical existente, \u201cque han convertido a Granada en el oasis musical del sur de Espa\u00f1a\u201d.<\/p>\n<p style=\"text-align: justify;\">As\u00ed lo ha destacado en la presentaci\u00f3n este mi\u00e9rcoles del Festival Ola Granada \u2018La m\u00fasica que viene\u2019, donde ha destacado que la promoci\u00f3n de los m\u00fasicos emergentes y la escena musical granadina \u00abes prioridad para este equipo de gobierno, por lo que hoy venimos a presentar un certamen que nace con vocaci\u00f3n de continuidad y con la intenci\u00f3n de respaldar y apoyar el enorme talento y vitalidad de los artistas j\u00f3venes granadinos que, sin lugar a dudas, es la cantera musical m\u00e1s importante de nuestro pa\u00eds\u201d.<\/p>\n<p style=\"text-align: justify;\">Seg\u00fan ha explicado, el festival cuenta con el apoyo de la Fundaci\u00f3n Miguel R\u00edos y la Sala Planta Baja, a los que se ha referido como \u201caut\u00e9nticas plataformas musicales y caladeros naturales\u201d en la aparici\u00f3n y consolidaci\u00f3n de las nuevas bandas y solistas granadinos mediante la programaci\u00f3n de ciclos, concursos y proyectos que \u201clogran proyectarlos en verdaderos referentes del pop, rock y m\u00fasica electr\u00f3nica\u201d.<\/p>\n<p style=\"text-align: justify;\">Para la alcaldesa, la repercusi\u00f3n cultural en el panorama nacional de la m\u00fasica granadina es incuestionable; prueba de ello, seg\u00fan ha dicho, son acontecimientos nacidos en la ciudad como el estreno de la pel\u00edcula \u201cSegundo Premio\u201d, dedicada a Los Planetas, coincidiendo con el 30\u00ba aniversario de su primer larga duraci\u00f3n \u20188P\u2019; el concierto aniversario del 8\u00ba0 aniversario de Miguel R\u00edos con cuatro bandas granadinas, previsto el pr\u00f3ximo 8 de junio; la repercusi\u00f3n nacional de la vuelta de 091 en 2016 o el efecto causado ante la despedida de la banda Ni\u00f1os Mutantes o el \u00e9xito de p\u00fablico que cosechan artistas como Dellafuente, Lola \u00cdndigo o Saiko.\u00a0<\/p>\n<p style=\"text-align: justify;\">Cervezas Alhambra, co-patrocinadora del evento, ser\u00e1 la encargada de servir la mejor cerveza desde la barra que se montar\u00e1 en la misma explanada para combinarla con la mejor m\u00fasica.<\/p>\n<p>&nbsp;<\/p>\n<\/div>\n","protected":false},"excerpt":{"rendered":"<p>El Ayuntamiento de Granada ha creado, en colaboraci\u00f3n con Cervezas Alhambra, el I Festival Ola&#8230;<\/p>\n","protected":false},"author":1,"featured_media":69621,"comment_status":"closed","ping_status":"closed","sticky":false,"template":"","format":"standard","meta":{"_coblocks_attr":"","_coblocks_dimensions":"","_coblocks_responsive_height":"","_coblocks_accordion_ie_support":"","jetpack_post_was_ever_published":false,"_jetpack_newsletter_access":"","_jetpack_dont_email_post_to_subs":false,"_jetpack_newsletter_tier_id":0,"_jetpack_memberships_contains_paywalled_content":false,"_jetpack_memberships_contains_paid_content":false,"footnotes":"","jetpack_publicize_message":"","jetpack_publicize_feature_enabled":true,"jetpack_social_post_already_shared":false,"jetpack_social_options":{"image_generator_settings":{"template":"highway","default_image_id":0,"enabled":false},"version":2}},"categories":[10781,44,6937],"tags":[],"class_list":["post-69620","post","type-post","status-publish","format-standard","has-post-thumbnail","hentry","category-granada","category-noticias-de-hoy","category-sociedad"],"jetpack_publicize_connections":[],"jetpack_featured_media_url":"https:\/\/i0.wp.com\/miradordeatarfe.es\/wp-content\/uploads\/2024\/05\/festival_ola_granada.jpeg?fit=685%2C396&ssl=1","jetpack_likes_enabled":true,"jetpack_sharing_enabled":true,"_links":{"self":[{"href":"https:\/\/miradordeatarfe.es\/index.php?rest_route=\/wp\/v2\/posts\/69620","targetHints":{"allow":["GET"]}}],"collection":[{"href":"https:\/\/miradordeatarfe.es\/index.php?rest_route=\/wp\/v2\/posts"}],"about":[{"href":"https:\/\/miradordeatarfe.es\/index.php?rest_route=\/wp\/v2\/types\/post"}],"author":[{"embeddable":true,"href":"https:\/\/miradordeatarfe.es\/index.php?rest_route=\/wp\/v2\/users\/1"}],"replies":[{"embeddable":true,"href":"https:\/\/miradordeatarfe.es\/index.php?rest_route=%2Fwp%2Fv2%2Fcomments&post=69620"}],"version-history":[{"count":1,"href":"https:\/\/miradordeatarfe.es\/index.php?rest_route=\/wp\/v2\/posts\/69620\/revisions"}],"predecessor-version":[{"id":69622,"href":"https:\/\/miradordeatarfe.es\/index.php?rest_route=\/wp\/v2\/posts\/69620\/revisions\/69622"}],"wp:featuredmedia":[{"embeddable":true,"href":"https:\/\/miradordeatarfe.es\/index.php?rest_route=\/wp\/v2\/media\/69621"}],"wp:attachment":[{"href":"https:\/\/miradordeatarfe.es\/index.php?rest_route=%2Fwp%2Fv2%2Fmedia&parent=69620"}],"wp:term":[{"taxonomy":"category","embeddable":true,"href":"https:\/\/miradordeatarfe.es\/index.php?rest_route=%2Fwp%2Fv2%2Fcategories&post=69620"},{"taxonomy":"post_tag","embeddable":true,"href":"https:\/\/miradordeatarfe.es\/index.php?rest_route=%2Fwp%2Fv2%2Ftags&post=69620"}],"curies":[{"name":"wp","href":"https:\/\/api.w.org\/{rel}","templated":true}]}}