{"id":69636,"date":"2024-05-30T08:11:10","date_gmt":"2024-05-30T06:11:10","guid":{"rendered":"https:\/\/miradordeatarfe.es\/?p=69636"},"modified":"2024-05-28T13:14:04","modified_gmt":"2024-05-28T11:14:04","slug":"mas-de-30-organizaciones-lanzan-la-campana-enciende-la-energia-comunitaria","status":"publish","type":"post","link":"https:\/\/miradordeatarfe.es\/?p=69636","title":{"rendered":"M\u00e1s de 30 organizaciones lanzan la campa\u00f1a Enciende la Energ\u00eda Comunitaria"},"content":{"rendered":"<ul>\n<li style=\"text-align: justify;\"><strong>La Coalici\u00f3n por la Energ\u00eda Comunitaria, de la que forma parte Ecologistas en Acci\u00f3n, lanza una campa\u00f1a ciudadana para reclamar al Gobierno el fomento de las comunidades energ\u00e9ticas<\/strong><\/li>\n<li style=\"text-align: justify;\"><strong>Con la petici\u00f3n de firmas buscan presionar a la administraci\u00f3n con el fin de aumentar la financiaci\u00f3n, el asesoramiento para la energ\u00eda comunitaria y eliminar los tr\u00e1mites burocr\u00e1ticos y las barreras a la distribuci\u00f3n<\/strong><\/li>\n<li style=\"text-align: justify;\"><strong>Gracias a las comunidades energ\u00e9ticas la ciudadan\u00eda puede producir, gestionar y consumir su propia energ\u00eda renovable y acelerar la urgente transici\u00f3n energ\u00e9tica<\/strong><\/li>\n<\/ul>\n<p style=\"text-align: justify;\"><strong>La Coalici\u00f3n por la Energ\u00eda Comunitaria lanza una campa\u00f1a con el objetivo de reclamar al Gobierno un impulso decidido a las comunidades energ\u00e9ticas. Bajo el lema \u201c<\/strong><a href=\"https:\/\/coalicionenergiacomunitaria.org\/enciende-la-energia-comunitaria-firma\/\" target=\"_blank\" rel=\"noopener noreferrer\"><strong><u>Enciende la Energ\u00eda Comunitaria<\/u><\/strong><\/a><strong>\u201d<\/strong>, m\u00e1s de 30 organizaciones, entre ellas comunidades energ\u00e9ticas, se dirigen a la ciudadan\u00eda para pedir su apoyo y presionar al Gobierno con el fin de avanzar hacia una transici\u00f3n energ\u00e9tica en manos de las personas.<\/p>\n<p style=\"text-align: justify;\">En el contexto actual en el que la transici\u00f3n ecol\u00f3gica desempe\u00f1a un papel central en las pol\u00edticas del Gobierno, <strong>las comunidades energ\u00e9ticas son una pieza clave para acelerar la descarbonizaci\u00f3n de la sociedad y la econom\u00eda y avanzar hacia un modelo energ\u00e9tico justo\u00a0<\/strong>basado en fuentes de energ\u00eda renovable.<\/p>\n<p style=\"text-align: justify;\">Con la campa\u00f1a Enciende la Energ\u00eda Comunitaria la\u00a0<a href=\"https:\/\/coalicionenergiacomunitaria.org\/\" target=\"_blank\" rel=\"noopener noreferrer\"><u>coalici\u00f3n<\/u><\/a>, de la que forma parte Ecologistas en Acci\u00f3n, busca concienciar a la ciudadan\u00eda sobre la urgencia de multiplicar las comunidades energ\u00e9ticas por toda la geograf\u00eda espa\u00f1ola. <strong>Para este fin est\u00e1n recabando firmas para exigir al Gobierno un mayor apoyo para la creaci\u00f3n de estas comunidades,<\/strong> tanto en su <strong>financiaci\u00f3n como en el asesoramiento<\/strong> necesario para que la ciudadan\u00eda las impulse. Asimismo, proponen <strong>eliminar las barreras en la distribuci\u00f3n y los tr\u00e1mites burocr\u00e1ticos\u00a0<\/strong>que, de facto, impiden el avance necesario de las comunidades energ\u00e9ticas.<\/p>\n<p style=\"text-align: justify;\">El modelo energ\u00e9tico actual, en manos de grandes empresas, no s\u00f3lo es injusto con las personas, sino que agrava la crisis clim\u00e1tica y energ\u00e9tica. <strong>La continua subida del precio de la energ\u00eda a lo largo de los \u00faltimos a\u00f1os es una de las principales causas de la pobreza energ\u00e9tica<\/strong>:<a href=\"https:\/\/www.elsaltodiario.com\/pobreza\/porcentaje-poblacion-no-puede-permitirse-mantener-vivienda-temperatura-adecuada\" target=\"_blank\" rel=\"noopener noreferrer\">\u00a0<u>ocho millones de hogares no pueden mantener<\/u><\/a>\u00a0sus casas a una temperatura adecuada. Con esto se demuestra que el acceso a la energ\u00eda, que deber\u00eda ser un derecho fundamental, sigue siendo un privilegio para unos pocos.<\/p>\n<p style=\"text-align: justify;\">Las comunidades energ\u00e9ticas permiten que la ciudadan\u00eda produzca, gestione y consuma su propia energ\u00eda renovable sin necesidad de depender de las multinacionales de la energ\u00eda. Esto se traduce en un beneficio incalculable para la ciudadan\u00eda: <strong>relocalizan el empleo, aumentan la resiliencia comunitaria frente a las crisis energ\u00e9tica y clim\u00e1tica<\/strong>, pueden llegar a ser herramientas de <strong>lucha contra la pobreza energ\u00e9tica<\/strong> y a su vez regeneran la <strong>econom\u00eda social y solidaria local.<\/strong><\/p>\n<p style=\"text-align: justify;\">\u201cAvanzar hacia una transici\u00f3n energ\u00e9tica basada en energ\u00eda limpia es un reto a todos los niveles y no podemos permitirnos dejar fuera a un agente clave como la ciudadan\u00eda. Fomentar la energ\u00eda renovable de forma descentralizada y democratizar el modelo energ\u00e9tico es una garant\u00eda para hacer frente a la crisis clim\u00e1tica y no depender de la especulaci\u00f3n del mercado energ\u00e9tico\u201d, se\u00f1alan desde la coalici\u00f3n.<\/p>\n<p style=\"text-align: justify;\">Seg\u00fan un estudio sobre<a href=\"https:\/\/www.tierra.org\/\/wp-content\/uploads\/2021\/05\/investigacion_comunidades_energeticas.pdf\" target=\"_blank\" rel=\"noopener noreferrer\">\u00a0<u>el potencial de la energ\u00eda comunitaria en Espa\u00f1a<\/u><\/a>, <strong>si se establecieran 8.000 comunidades energ\u00e9ticas,<\/strong> una por cada municipio y m\u00e1s en grandes ciudades, <strong>se podr\u00eda cubrir la demanda el\u00e9ctrica del sector dom\u00e9stico y terciario.<\/strong><\/p>\n<p style=\"text-align: justify;\">Las comunidades energ\u00e9ticas deben facilitar la plena participaci\u00f3n en igualdad de condiciones de la ciudadan\u00eda en el sector energ\u00e9tico. Desde la producci\u00f3n y comercializaci\u00f3n hasta incluso la distribuci\u00f3n.<\/p>\n<p style=\"text-align: justify;\">Por todo ello, <strong>la coalici\u00f3n insta al Gobierno a impulsar la creaci\u00f3n de comunidades energ\u00e9ticas<\/strong>, y priorizar a la ciudadan\u00eda frente a las grandes empresas, a trav\u00e9s de las siguientes medidas:<\/p>\n<p style=\"text-align: justify;\">1. El <strong>aumento de la financiaci\u00f3n<\/strong> para el impulso real de las comunidades energ\u00e9ticas de base ciudadana. Esta financiaci\u00f3n debe ser de f\u00e1cil acceso, con criterios de equidad \u00a0y cubrir el 100% del proyecto. Adem\u00e1s, debe establecer dos l\u00edneas prioritarias:<\/p>\n<ul style=\"text-align: justify;\">\n<li>El impulso a las <strong>figuras de asesoramiento<\/strong> para la creaci\u00f3n de comunidades energ\u00e9ticas como las Oficinas de Transformaci\u00f3n Comunitaria;<\/li>\n<li>La <strong>creaci\u00f3n de una comunidad energ\u00e9tica por cada municipio<\/strong>, involucrando a los ayuntamientos.<\/li>\n<\/ul>\n<p style=\"text-align: justify;\">2.\u00a0 <strong>La ruptura del oligopolio energ\u00e9tico y la regulaci\u00f3n<\/strong> para evitar situaciones similares a las actuales con un mercado el\u00e9ctrico dominado por un peque\u00f1o n\u00famero de empresas. Se necesitar\u00e1 una mayor protecci\u00f3n jur\u00eddica para la figura de las comunidades energ\u00e9ticas de base ciudadana a trav\u00e9s de<\/p>\n<ul style=\"text-align: justify;\">\n<li>\u00a0La prohibici\u00f3n de que una misma empresa o grupo empresarial, a partir de cierto tama\u00f1o, pueda estar integrado verticalmente en la cadena de valor al realizar actividades simult\u00e1neas de generaci\u00f3n, distribuci\u00f3n y comercializaci\u00f3n de energ\u00eda;<\/li>\n<li>La prohibici\u00f3n de la participaci\u00f3n de entidades que dispongan de una cuota de mercado de un 10% en cualquiera de los mercados o sistemas energ\u00e9ticos;<\/li>\n<li>Una auditor\u00eda ciudadana de todas las redes de distribuci\u00f3n, pudiendo recopilar todas las inversiones y proyectos realizados, que permita establecer necesidades de acceso y conexi\u00f3n de las comunidades.<\/li>\n<\/ul>\n<p style=\"text-align: justify;\">3.\u00a0 El cumplimiento delmandato de las Directivas Europeas a trav\u00e9s del cual se otorgan <strong>derechos a las comunidades energ\u00e9ticas para gestionar las redes de distribuci\u00f3n.<\/strong><\/p>\n<p>&nbsp;<\/p>\n<p><a href=\"https:\/\/i0.wp.com\/miradordeatarfe.es\/wp-content\/uploads\/2024\/05\/Screenshot-2024-05-28-at-13-09-48-Mas-de-30-organizaciones-lanzan-la-campana-Enciende-la-Energia-Comunitaria-%E2%80%A2-Ecologistas-en-Accion.png?ssl=1\"><img data-recalc-dims=\"1\" loading=\"lazy\" decoding=\"async\" class=\"wp-image-69638 size-full aligncenter\" src=\"https:\/\/i0.wp.com\/miradordeatarfe.es\/wp-content\/uploads\/2024\/05\/Screenshot-2024-05-28-at-13-09-48-Mas-de-30-organizaciones-lanzan-la-campana-Enciende-la-Energia-Comunitaria-%E2%80%A2-Ecologistas-en-Accion.png?resize=574%2C581&#038;ssl=1\" alt=\"\" width=\"574\" height=\"581\" srcset=\"https:\/\/i0.wp.com\/miradordeatarfe.es\/wp-content\/uploads\/2024\/05\/Screenshot-2024-05-28-at-13-09-48-Mas-de-30-organizaciones-lanzan-la-campana-Enciende-la-Energia-Comunitaria-%E2%80%A2-Ecologistas-en-Accion.png?w=574&amp;ssl=1 574w, https:\/\/i0.wp.com\/miradordeatarfe.es\/wp-content\/uploads\/2024\/05\/Screenshot-2024-05-28-at-13-09-48-Mas-de-30-organizaciones-lanzan-la-campana-Enciende-la-Energia-Comunitaria-%E2%80%A2-Ecologistas-en-Accion.png?resize=296%2C300&amp;ssl=1 296w\" sizes=\"auto, (max-width: 574px) 100vw, 574px\" \/><\/a><\/p>\n","protected":false},"excerpt":{"rendered":"<p>La Coalici\u00f3n por la Energ\u00eda Comunitaria, de la que forma parte Ecologistas en Acci\u00f3n, lanza&#8230;<\/p>\n","protected":false},"author":1,"featured_media":69637,"comment_status":"closed","ping_status":"closed","sticky":false,"template":"","format":"standard","meta":{"_coblocks_attr":"","_coblocks_dimensions":"","_coblocks_responsive_height":"","_coblocks_accordion_ie_support":"","jetpack_post_was_ever_published":false,"_jetpack_newsletter_access":"","_jetpack_dont_email_post_to_subs":false,"_jetpack_newsletter_tier_id":0,"_jetpack_memberships_contains_paywalled_content":false,"_jetpack_memberships_contains_paid_content":false,"footnotes":"","jetpack_publicize_message":"","jetpack_publicize_feature_enabled":true,"jetpack_social_post_already_shared":true,"jetpack_social_options":{"image_generator_settings":{"template":"highway","default_image_id":0,"enabled":false},"version":2}},"categories":[7725,1161,9,44],"tags":[],"class_list":["post-69636","post","type-post","status-publish","format-standard","has-post-thumbnail","hentry","category-atarfe-sostenible","category-ciudadania","category-medio-ambiente","category-noticias-de-hoy"],"jetpack_publicize_connections":[],"jetpack_featured_media_url":"https:\/\/i0.wp.com\/miradordeatarfe.es\/wp-content\/uploads\/2024\/05\/firma-encienda-la-energia-comunitara.png?fit=1090%2C629&ssl=1","jetpack_likes_enabled":true,"jetpack_sharing_enabled":true,"_links":{"self":[{"href":"https:\/\/miradordeatarfe.es\/index.php?rest_route=\/wp\/v2\/posts\/69636","targetHints":{"allow":["GET"]}}],"collection":[{"href":"https:\/\/miradordeatarfe.es\/index.php?rest_route=\/wp\/v2\/posts"}],"about":[{"href":"https:\/\/miradordeatarfe.es\/index.php?rest_route=\/wp\/v2\/types\/post"}],"author":[{"embeddable":true,"href":"https:\/\/miradordeatarfe.es\/index.php?rest_route=\/wp\/v2\/users\/1"}],"replies":[{"embeddable":true,"href":"https:\/\/miradordeatarfe.es\/index.php?rest_route=%2Fwp%2Fv2%2Fcomments&post=69636"}],"version-history":[{"count":1,"href":"https:\/\/miradordeatarfe.es\/index.php?rest_route=\/wp\/v2\/posts\/69636\/revisions"}],"predecessor-version":[{"id":69639,"href":"https:\/\/miradordeatarfe.es\/index.php?rest_route=\/wp\/v2\/posts\/69636\/revisions\/69639"}],"wp:featuredmedia":[{"embeddable":true,"href":"https:\/\/miradordeatarfe.es\/index.php?rest_route=\/wp\/v2\/media\/69637"}],"wp:attachment":[{"href":"https:\/\/miradordeatarfe.es\/index.php?rest_route=%2Fwp%2Fv2%2Fmedia&parent=69636"}],"wp:term":[{"taxonomy":"category","embeddable":true,"href":"https:\/\/miradordeatarfe.es\/index.php?rest_route=%2Fwp%2Fv2%2Fcategories&post=69636"},{"taxonomy":"post_tag","embeddable":true,"href":"https:\/\/miradordeatarfe.es\/index.php?rest_route=%2Fwp%2Fv2%2Ftags&post=69636"}],"curies":[{"name":"wp","href":"https:\/\/api.w.org\/{rel}","templated":true}]}}