{"id":69645,"date":"2024-05-29T11:00:43","date_gmt":"2024-05-29T09:00:43","guid":{"rendered":"https:\/\/miradordeatarfe.es\/?p=69645"},"modified":"2024-06-02T12:14:53","modified_gmt":"2024-06-02T10:14:53","slug":"la-fotillo-empresarial-por-juan-de-dios-villanueva-roa","status":"publish","type":"post","link":"https:\/\/miradordeatarfe.es\/?p=69645","title":{"rendered":"\u00abLA FOTILLO EMPRESARIAL\u00bb por Juan de Dios Villanueva Roa"},"content":{"rendered":"<h3 style=\"text-align: justify;\">Fue decisi\u00f3n de sus jefes que ellas no estuvieran, por si acaso, son pocas, minor\u00eda<\/h3>\n<p style=\"text-align: justify;\">Mientras la tarasca pasea las calles nazar\u00edes escoltada por gigantes y cabezudos, \u00a0(la vieja, el chino, paniolla, el cabez\u00f3n de Gabia, Don Quijote, el torero, el cubano, la gitana, el andar\u00edn de Colomera),\u00a0que aparentan golpear con sus vejigas a los ni\u00f1os, a\u00fan est\u00e1 en nuestra retina la foto de la embajada argentina en la que posan enhiestos, firmes, con manos cruzadas ante sus genitales junto al preboste bonaerernse y el hijo de Aznar, acompa\u00f1ados por el presidente nacional de los empresarios.<\/p>\n<p style=\"text-align: justify;\">No est\u00e1 Gerardo, afortunadamente para estas tierras nuestras. Todos machos, traje oscuro, corbata anudada a cuellos que se prolongan para favorecer sonrisas que, manadas de unos labios tersos de leche y miel, son muestra de que interesan m\u00e1s los dineros que lo que manifiestan.<\/p>\n<p style=\"text-align: justify;\">Las mujeres no acudieron, y no porque temieran que Milei las atacara, fue decisi\u00f3n de sus jefes que ellas no estuvieran, por si acaso, son pocas, minor\u00eda. Ah\u00ed esa ley de igualdad se incumple, ellos hacen lo que su voluntad les dicta, como acudir a respaldar a un individuo que propone encarcelar a quienes aborten, que las tacha de asesinas, que tacha de cobarde al presidente de este pa\u00eds y corrupta a su mujer mientras es aclamado por los l\u00edderes de la ultraderecha espa\u00f1ola y europea, que llama injusta a la justicia social, una muestra de que hoy se vota m\u00e1s el desenfreno verbal y genital, y los exabruptos, que las apuestas pol\u00edticas por mejorar la vida de la ciudadan\u00eda. Todo vale al parecer, y nos acercamos a un borde peligroso, la palabra antecede a los hechos, marca caminos. Ah\u00ed estaban los empresarios sonrientes, en la fotillo.<\/p>\n","protected":false},"excerpt":{"rendered":"<p>Fue decisi\u00f3n de sus jefes que ellas no estuvieran, por si acaso, son pocas, minor\u00eda&#8230;<\/p>\n","protected":false},"author":1,"featured_media":69446,"comment_status":"closed","ping_status":"closed","sticky":false,"template":"","format":"standard","meta":{"_coblocks_attr":"","_coblocks_dimensions":"","_coblocks_responsive_height":"","_coblocks_accordion_ie_support":"","jetpack_post_was_ever_published":false,"_jetpack_newsletter_access":"","_jetpack_dont_email_post_to_subs":false,"_jetpack_newsletter_tier_id":0,"_jetpack_memberships_contains_paywalled_content":false,"_jetpack_memberships_contains_paid_content":false,"footnotes":"","jetpack_publicize_message":"","jetpack_publicize_feature_enabled":true,"jetpack_social_post_already_shared":true,"jetpack_social_options":{"image_generator_settings":{"template":"highway","default_image_id":0,"enabled":false},"version":2}},"categories":[1161,14,9772],"tags":[],"class_list":["post-69645","post","type-post","status-publish","format-standard","has-post-thumbnail","hentry","category-ciudadania","category-feminismo","category-opinion-de-juan-de-dios-villanueva"],"jetpack_publicize_connections":[],"jetpack_featured_media_url":"https:\/\/i0.wp.com\/miradordeatarfe.es\/wp-content\/uploads\/2024\/05\/Screenshot-2024-05-20-at-17-59-53-Empresarios-antifascistas.png?fit=743%2C245&ssl=1","jetpack_likes_enabled":true,"jetpack_sharing_enabled":true,"_links":{"self":[{"href":"https:\/\/miradordeatarfe.es\/index.php?rest_route=\/wp\/v2\/posts\/69645","targetHints":{"allow":["GET"]}}],"collection":[{"href":"https:\/\/miradordeatarfe.es\/index.php?rest_route=\/wp\/v2\/posts"}],"about":[{"href":"https:\/\/miradordeatarfe.es\/index.php?rest_route=\/wp\/v2\/types\/post"}],"author":[{"embeddable":true,"href":"https:\/\/miradordeatarfe.es\/index.php?rest_route=\/wp\/v2\/users\/1"}],"replies":[{"embeddable":true,"href":"https:\/\/miradordeatarfe.es\/index.php?rest_route=%2Fwp%2Fv2%2Fcomments&post=69645"}],"version-history":[{"count":2,"href":"https:\/\/miradordeatarfe.es\/index.php?rest_route=\/wp\/v2\/posts\/69645\/revisions"}],"predecessor-version":[{"id":69647,"href":"https:\/\/miradordeatarfe.es\/index.php?rest_route=\/wp\/v2\/posts\/69645\/revisions\/69647"}],"wp:featuredmedia":[{"embeddable":true,"href":"https:\/\/miradordeatarfe.es\/index.php?rest_route=\/wp\/v2\/media\/69446"}],"wp:attachment":[{"href":"https:\/\/miradordeatarfe.es\/index.php?rest_route=%2Fwp%2Fv2%2Fmedia&parent=69645"}],"wp:term":[{"taxonomy":"category","embeddable":true,"href":"https:\/\/miradordeatarfe.es\/index.php?rest_route=%2Fwp%2Fv2%2Fcategories&post=69645"},{"taxonomy":"post_tag","embeddable":true,"href":"https:\/\/miradordeatarfe.es\/index.php?rest_route=%2Fwp%2Fv2%2Ftags&post=69645"}],"curies":[{"name":"wp","href":"https:\/\/api.w.org\/{rel}","templated":true}]}}