{"id":69663,"date":"2024-07-15T11:25:40","date_gmt":"2024-07-15T09:25:40","guid":{"rendered":"https:\/\/miradordeatarfe.es\/?p=69663"},"modified":"2024-07-14T12:11:30","modified_gmt":"2024-07-14T10:11:30","slug":"el-mirador-de-atarfe-descansa","status":"publish","type":"post","link":"https:\/\/miradordeatarfe.es\/?p=69663","title":{"rendered":"EL MIRADOR DE ATARFE DESCANSA"},"content":{"rendered":"<h3>A PARTIR DE MA\u00d1ANA 15 DE JULIO DE 2024 ( COMO TODOS LOS A\u00d1OS) EL MIRADOR DESCANSA HASTA EL 1 DE SEPTIEMBRE.<\/h3>\n<p style=\"text-align: justify;\">El Mirador de Atarfe agradece a sus colaboradores sus aportaciones, para que este medio digital tenga opini\u00f3n propia y sea una fuente de informaci\u00f3n ciudadana. Durante el descanso veraniego s\u00f3lo publicar\u00e1 aquellas aportaciones de los colaboradores que se publiquen, as\u00ed como aquellas noticias que sean de inter\u00e9s para todos los atarfe\u00f1os y atarfe\u00f1as que viven en nuestro municipio como en los diferentes\u00a0 lugares desde donde nos siguen.<\/p>\n<p>El periodismo digital, tambi\u00e9n llamado ciberperiodismo o periodismo web, es una <strong>modalidad del ejercicio period\u00edstico que utiliza <a href=\"https:\/\/humanidades.com\/internet\/\" data-type=\"post\" data-id=\"1596\">internet<\/a> para investigar, producir y difundir sus contenidos<\/strong>. Se trata de un conjunto de pr\u00e1cticas, herramientas y entornos digitales que se pueden utilizar con fines noticiosos y divulgativos, sacando el mayor provecho posible a las nuevas tecnolog\u00edas inform\u00e1ticas y cibern\u00e9ticas.<\/p>\n<h3 style=\"text-align: justify;\">Reproducimos el texto de nuestro colaborador Juan de Dios Villanueva Roa que escrib\u00eda en el n\u00famero 24 de Atarfe en Papel en 2003<\/h3>\n<h3 style=\"text-align: justify;\">EL PREGONERO por JUAN DE DIOS VILLANUEVA ROA<\/h3>\n<p style=\"text-align: justify;\"><em>Llega a mis manos el n\u00fa\u009cmero 23 del peri\u0097\u00f3dico informativo EL MIRADOR DE ATARFE. Cuanto menos se sorprende uno al comprobar los movimientos de la libertad en los \u0087\u00e1mbitos m\u00e1\u0087s insospechados.<\/em><\/p>\n<p style=\"text-align: justify;\"><em>Y es que periodismo y comunicaci\u0097\u00f3n han de ser sin\u00f3\u0097nimo de libertad. All\u00ed\u0087 donde se halle un peri\u0097\u00f3dico es, debe ser, m\u00e1\u0087s f\u0087\u00e1cil que la gente sea m\u0087\u00e1s libre, y no tanto por el n\u00fa\u009cmero de lectores a<\/em><br \/>\n<em>los que llegue la letra impresa del informador, que tambi\u00e9\u008en; m\u00e9\u0087s bien por la posibilidad de comunicar a la sociedad lo que ocurra y por el hecho de transmitirlo. Este ya es un paso hacia adelante.<\/em><br \/>\n<em>Y aqu\u00ed\u0092 no nos encontramos con una iniciativa que comienza, bien al contrario, el MIRADOR cuenta ya con una experiencia de tres a\u00f1\u0096os (HOY 23 A\u00d1OS)\u00a0 tras de s\u00cd\u0092, en gratuidad de los ejemplares, lo que supone adem\u0087\u00e1s una iniciativa desinteresada de todos cuantos participan en su redacci\u0097\u00f3n, con su colaboraci\u00f3\u0097n, en la distribuci\u0097\u00f3n, buscando la publicidad pertinente para que los costos sean cubiertos.( HOY LOS GASTOS SON MENORES AL SER DIGITAL).<\/em><\/p>\n<p style=\"text-align: justify;\"><em> Esto pone al descubierto una implicaci\u00f3n de empresas, de comercios importante. Y ello es indicativo de vigor en una sociedad, cual es la atarfe\u0096\u00f1a, que quiere participar en su futuro, y participar de manera activa, en el d\u0092\u00eda a d\u00ed\u0092a, en el momento preciso en el que el ma\u00f1\u0096ana comienza, aportando su grano de arena para estar ah\u0092 luego.<\/em><\/p>\n<p style=\"text-align: justify;\"><em>Los entresijos, el puerta a puerta, la implicaci\u0097\u00f3n personal, el volcar el tiempo propio hacia los dem\u00e1\u0087s a cambio exclusivamente del gozo por lo bien hecho, la cr\u00ed\u0092tica soterrada, los sinsabores,<\/em><br \/>\n<em>todo eso que se encuentra uno en cuanto rompe el molde preestablecido por el paso del tiempo son otros l\u0097\u00f3pez que so\u0097lo entender\u0087\u00e1n y conocer\u0087\u00e1n quienes est\u00e1\u0087n detr\u0087\u00e1s del proyecto.<\/em><\/p>\n<p style=\"text-align: justify;\"><em>Atarfe avanza, y con sus propios medios de comunicaci\u0097\u00f3n, tambi\u008e\u00e9n el peri\u0097\u00f3dico, llegar\u0087 m\u0087\u00e1s lejos. Sus gentes, vuestros hijos, y tambi\u00e9\u008en vosotros mismos, encontrar\u00e9\u008eis un mejor futuro si existe<\/em><br \/>\n<em>entre vosotros, por vuestras calles y plazas, ante vuestras puertas un pregonero que levante la voz para contaros lo que ocurre, para recordar vuestra historia, para opinar ante el d\u00ed\u0092a a d\u00ed\u0092a, para hacer la vida mejor, porque la vida es mejor de otras muchas formas, pero sobre todo cuando todos, tambi\u008e\u00e9n aquellos que tienen m\u0087\u00e1s dificultades para hacerse o\u0092\u00edr, pueden alzar su voz, encontrar el camino de comunicarse con todas y con todos.<\/em><\/p>\n<p>FOTO: https:\/\/humanidades.com\/periodismo-digital\/<\/p>\n","protected":false},"excerpt":{"rendered":"<p>A PARTIR DE MA\u00d1ANA 15 DE JULIO DE 2024 ( COMO TODOS LOS A\u00d1OS) EL&#8230;<\/p>\n","protected":false},"author":1,"featured_media":69664,"comment_status":"closed","ping_status":"closed","sticky":false,"template":"","format":"standard","meta":{"_coblocks_attr":"","_coblocks_dimensions":"","_coblocks_responsive_height":"","_coblocks_accordion_ie_support":"","jetpack_post_was_ever_published":false,"_jetpack_newsletter_access":"","_jetpack_dont_email_post_to_subs":false,"_jetpack_newsletter_tier_id":0,"_jetpack_memberships_contains_paywalled_content":false,"_jetpack_memberships_contains_paid_content":false,"footnotes":"","jetpack_publicize_message":"","jetpack_publicize_feature_enabled":true,"jetpack_social_post_already_shared":true,"jetpack_social_options":{"image_generator_settings":{"template":"highway","default_image_id":0,"enabled":false},"version":2}},"categories":[7511,6926,44],"tags":[],"class_list":["post-69663","post","type-post","status-publish","format-standard","has-post-thumbnail","hentry","category-atarfe-en-papel","category-mirador-de-atarfe-en-papel","category-noticias-de-hoy"],"jetpack_publicize_connections":[],"jetpack_featured_media_url":"https:\/\/i0.wp.com\/miradordeatarfe.es\/wp-content\/uploads\/2024\/05\/periodismo-digital-2-e1577152534236.jpg?fit=800%2C416&ssl=1","jetpack_likes_enabled":true,"jetpack_sharing_enabled":true,"_links":{"self":[{"href":"https:\/\/miradordeatarfe.es\/index.php?rest_route=\/wp\/v2\/posts\/69663","targetHints":{"allow":["GET"]}}],"collection":[{"href":"https:\/\/miradordeatarfe.es\/index.php?rest_route=\/wp\/v2\/posts"}],"about":[{"href":"https:\/\/miradordeatarfe.es\/index.php?rest_route=\/wp\/v2\/types\/post"}],"author":[{"embeddable":true,"href":"https:\/\/miradordeatarfe.es\/index.php?rest_route=\/wp\/v2\/users\/1"}],"replies":[{"embeddable":true,"href":"https:\/\/miradordeatarfe.es\/index.php?rest_route=%2Fwp%2Fv2%2Fcomments&post=69663"}],"version-history":[{"count":2,"href":"https:\/\/miradordeatarfe.es\/index.php?rest_route=\/wp\/v2\/posts\/69663\/revisions"}],"predecessor-version":[{"id":70674,"href":"https:\/\/miradordeatarfe.es\/index.php?rest_route=\/wp\/v2\/posts\/69663\/revisions\/70674"}],"wp:featuredmedia":[{"embeddable":true,"href":"https:\/\/miradordeatarfe.es\/index.php?rest_route=\/wp\/v2\/media\/69664"}],"wp:attachment":[{"href":"https:\/\/miradordeatarfe.es\/index.php?rest_route=%2Fwp%2Fv2%2Fmedia&parent=69663"}],"wp:term":[{"taxonomy":"category","embeddable":true,"href":"https:\/\/miradordeatarfe.es\/index.php?rest_route=%2Fwp%2Fv2%2Fcategories&post=69663"},{"taxonomy":"post_tag","embeddable":true,"href":"https:\/\/miradordeatarfe.es\/index.php?rest_route=%2Fwp%2Fv2%2Ftags&post=69663"}],"curies":[{"name":"wp","href":"https:\/\/api.w.org\/{rel}","templated":true}]}}