{"id":6967,"date":"2016-02-26T09:00:50","date_gmt":"2016-02-26T08:00:50","guid":{"rendered":"http:\/\/miradordeatarfe.es\/?p=6967"},"modified":"2019-12-28T12:58:07","modified_gmt":"2019-12-28T11:58:07","slug":"atarfe-y-la-plaza-por-jose-enrique-granados","status":"publish","type":"post","link":"https:\/\/miradordeatarfe.es\/?p=6967","title":{"rendered":"\u00abATARFE: Y LA PLAZA\u00bb por Jos\u00e9 Enrique Granados"},"content":{"rendered":"<p>lA REMODELACI\u00d3N DE LA PLAZA DELANTERA DE LA IGLESIA DE ATARFE<!--more--><\/p>\n<p>En el estudio social, econ\u00f3mico, pol\u00edtico y cultural del Atarfe de 1940, seg\u00fan el padr\u00f3n de habitantes, publicado por Fuencisla Moreno Rueda, en el especial de las fiestas de IDEAL de 1998, Atarfe se encontraba dividida en 11 secciones y estaba formado por 51 calles m\u00e1s una cantidad importante de cortijos diseminados por todo su extrarradio.<\/p>\n<p>Con una poblaci\u00f3n de 5.928 habitantes, su principal modo de vida estaba centrado en la agricultura. M\u00e1s del 30% se dedicaba al trabajo e<span class=\"text_exposed_show\">n el campo, en total 1.374 personas, la mayor\u00eda de ellos obreros agr\u00edcolas, seguidos de labradores propietarios, guardacampos (5), hortelano (1). Pese a que la industrializaci\u00f3n a\u00fan estaba sin consolidar, e incluso se pod\u00eda decir que ni siquiera se hab\u00edan puesto las bases para su fomento, en 1.940 ya hab\u00eda 77 personas que figuraban en el Padr\u00f3n de Habitantes como Obreros Industriales. Al comercio se dedicaban 44 personas: empleados (25) y comerciantes propietarios (19).<\/span><\/p>\n<p>&nbsp;<\/p>\n<div class=\"text_exposed_show\">\n<p>La fotograf\u00eda de este espacio datado de finales de los a\u00f1os cuarenta del siglo pasado, hoy retratamos este mismo lugar, pero cincuenta a\u00f1os m\u00e1s tarde, tras la remodelaci\u00f3n de este espacio en la d\u00e9cada de los noventa.<\/p>\n<p>Poco dur\u00f3 esta plaza con esta apariencia ya que al inicio del siglo XXI, vio de nuevo transformada su fisionom\u00eda adoptando el aspecto que conocemos hoy. Tras trasladar la cruz al camposanto, se instal\u00f3 una fu<span class=\"text_exposed_show\">ente de escaso valor est\u00e9tico adem\u00e1s de nulo valor funcional. \u00bfAlguien llego a ver la fontana en funcionamiento?. Adem\u00e1s los grafitis pronto aparecieron en ella, desluciendo aun m\u00e1s su atractivo ornamental.<a href=\"https:\/\/i0.wp.com\/miradordeatarfe.es\/wp-content\/uploads\/2016\/02\/12694961_961888937230455_9075813829391525916_o.jpg?ssl=1\" rel=\"attachment wp-att-6969\"><img data-recalc-dims=\"1\" loading=\"lazy\" decoding=\"async\" class=\"alignnone size-full wp-image-6969\" src=\"https:\/\/i0.wp.com\/miradordeatarfe.es\/wp-content\/uploads\/2016\/02\/12694961_961888937230455_9075813829391525916_o.jpg?resize=640%2C453&#038;ssl=1\" alt=\"12694961_961888937230455_9075813829391525916_o\" width=\"640\" height=\"453\" srcset=\"https:\/\/i0.wp.com\/miradordeatarfe.es\/wp-content\/uploads\/2016\/02\/12694961_961888937230455_9075813829391525916_o.jpg?w=1615&amp;ssl=1 1615w, https:\/\/i0.wp.com\/miradordeatarfe.es\/wp-content\/uploads\/2016\/02\/12694961_961888937230455_9075813829391525916_o.jpg?resize=300%2C212&amp;ssl=1 300w, https:\/\/i0.wp.com\/miradordeatarfe.es\/wp-content\/uploads\/2016\/02\/12694961_961888937230455_9075813829391525916_o.jpg?resize=768%2C543&amp;ssl=1 768w, https:\/\/i0.wp.com\/miradordeatarfe.es\/wp-content\/uploads\/2016\/02\/12694961_961888937230455_9075813829391525916_o.jpg?resize=1024%2C724&amp;ssl=1 1024w, https:\/\/i0.wp.com\/miradordeatarfe.es\/wp-content\/uploads\/2016\/02\/12694961_961888937230455_9075813829391525916_o.jpg?resize=600%2C424&amp;ssl=1 600w, https:\/\/i0.wp.com\/miradordeatarfe.es\/wp-content\/uploads\/2016\/02\/12694961_961888937230455_9075813829391525916_o.jpg?w=1280&amp;ssl=1 1280w\" sizes=\"auto, (max-width: 640px) 100vw, 640px\" \/><\/a><\/span><\/p>\n<div class=\"text_exposed_show\">\n<p>Los frondosos olmos fueron arrancados apareciendo en su lugar ex\u00f3ticas catalpas, de r\u00e1pido crecimiento y frondosidad pero a su vez inadecuadas para ese recoleto lugar.<\/p>\n<p>Se atisba parcialmente la marquesina horripilante, desacertada y antiest\u00e9tica que en esta reforma se instal\u00f3 en la plaza de la Iglesia, adem\u00e1s de escalinatas, barandas y otros artefactos que llenaron el espacio di\u00e1fano de la plaza. A\u00fan en el lateral de la calle San Jos\u00e9 se pueden ver las motocicletas del taller de Pedro y Francis Padial, toda una instituci\u00f3n en la calle. Aunque no hemos podido certificarlo con certeza, se cuenta que en el lugar que ocupaba el taller, hab\u00eda anteriormente una taberna que frecuentaba Garc\u00eda Lorca en su juventud.<\/p>\n<p>En la fotograf\u00eda QUE PRESIDE ESTE ARTICULO, archivo IDEAL, podemos ver la cruz de los Ca\u00eddos y el llamado Cancel de la Iglesia (entrada sur a la misma).<\/p>\n<p>Curiosidades elvirenses.<\/p>\n<p><a href=\"https:\/\/www.facebook.com\/Gacetilla-y-curiosidades-elvirenses-732817910137560\/?fref=ts\">https:\/\/www.facebook.com\/Gacetilla-y-curiosidades-elvirenses-732817910137560\/?fref=ts<\/a><\/p>\n<\/div>\n<\/div>\n","protected":false},"excerpt":{"rendered":"<p>lA REMODELACI\u00d3N DE LA PLAZA DELANTERA DE LA IGLESIA DE ATARFE<\/p>\n","protected":false},"author":1,"featured_media":6968,"comment_status":"closed","ping_status":"closed","sticky":false,"template":"","format":"standard","meta":{"_coblocks_attr":"","_coblocks_dimensions":"","_coblocks_responsive_height":"","_coblocks_accordion_ie_support":"","jetpack_post_was_ever_published":false,"_jetpack_newsletter_access":"","_jetpack_dont_email_post_to_subs":false,"_jetpack_newsletter_tier_id":0,"_jetpack_memberships_contains_paywalled_content":false,"_jetpack_memberships_contains_paid_content":false,"footnotes":"","jetpack_publicize_message":"","jetpack_publicize_feature_enabled":true,"jetpack_social_post_already_shared":false,"jetpack_social_options":{"image_generator_settings":{"template":"highway","default_image_id":0,"enabled":false},"version":2}},"categories":[1225,38,9,44,15],"tags":[81,1331,28,1284],"class_list":["post-6967","post","type-post","status-publish","format-standard","has-post-thumbnail","hentry","category-ha-de-atarfe","category-opinion-de-jose-enrique-granados","category-medio-ambiente","category-noticias-de-hoy","category-ultimas-noticias","tag-atarfe","tag-ha-de-atarfe","tag-iglesia","tag-plaza"],"jetpack_publicize_connections":[],"jetpack_featured_media_url":"https:\/\/i0.wp.com\/miradordeatarfe.es\/wp-content\/uploads\/2016\/02\/12687770_957481407671208_8208872543852114710_n.jpg?fit=339%2C395&ssl=1","jetpack_likes_enabled":true,"jetpack_sharing_enabled":true,"_links":{"self":[{"href":"https:\/\/miradordeatarfe.es\/index.php?rest_route=\/wp\/v2\/posts\/6967","targetHints":{"allow":["GET"]}}],"collection":[{"href":"https:\/\/miradordeatarfe.es\/index.php?rest_route=\/wp\/v2\/posts"}],"about":[{"href":"https:\/\/miradordeatarfe.es\/index.php?rest_route=\/wp\/v2\/types\/post"}],"author":[{"embeddable":true,"href":"https:\/\/miradordeatarfe.es\/index.php?rest_route=\/wp\/v2\/users\/1"}],"replies":[{"embeddable":true,"href":"https:\/\/miradordeatarfe.es\/index.php?rest_route=%2Fwp%2Fv2%2Fcomments&post=6967"}],"version-history":[{"count":5,"href":"https:\/\/miradordeatarfe.es\/index.php?rest_route=\/wp\/v2\/posts\/6967\/revisions"}],"predecessor-version":[{"id":36471,"href":"https:\/\/miradordeatarfe.es\/index.php?rest_route=\/wp\/v2\/posts\/6967\/revisions\/36471"}],"wp:featuredmedia":[{"embeddable":true,"href":"https:\/\/miradordeatarfe.es\/index.php?rest_route=\/wp\/v2\/media\/6968"}],"wp:attachment":[{"href":"https:\/\/miradordeatarfe.es\/index.php?rest_route=%2Fwp%2Fv2%2Fmedia&parent=6967"}],"wp:term":[{"taxonomy":"category","embeddable":true,"href":"https:\/\/miradordeatarfe.es\/index.php?rest_route=%2Fwp%2Fv2%2Fcategories&post=6967"},{"taxonomy":"post_tag","embeddable":true,"href":"https:\/\/miradordeatarfe.es\/index.php?rest_route=%2Fwp%2Fv2%2Ftags&post=6967"}],"curies":[{"name":"wp","href":"https:\/\/api.w.org\/{rel}","templated":true}]}}