{"id":69676,"date":"2024-11-14T10:40:00","date_gmt":"2024-11-14T09:40:00","guid":{"rendered":"https:\/\/miradordeatarfe.es\/?p=69676"},"modified":"2024-11-14T11:03:09","modified_gmt":"2024-11-14T10:03:09","slug":"sinfonia-en-el-lago-de-los-tres-juanes","status":"publish","type":"post","link":"https:\/\/miradordeatarfe.es\/?p=69676","title":{"rendered":"\u00abSINFON\u00cdA EN EL LAGO DE LOS TRES JUANES\u00bb Por SANTIAGO MART\u00cdN POMARES"},"content":{"rendered":"<h3>\u00abATARFE HA APOSTADO POR EL JAZZ\u00bb , EL MIRADOR DE ATARFE PUBLICA ESTE ART\u00cdCULO QUE VIO LA LUZ EN EL MIRADOR EN PAPEL DEL A\u00d1O 2003 N\u00daMERO 22 SIRVA ESTE ART\u00cdCULO\u00a0 PARA POTENCIAR AL M\u00c1XIMO DICHO FESTIVAL.<\/h3>\n<h3 style=\"text-align: justify;\">Quiz\u00e1 cuando el pasado viernes 4 de julio de 2003, en compa\u00f1\u00eda\u0092a de unos queridos amigos, me dirig\u00ed\u0092a hacia la Ermita de los Tres Juanes, al amparo del buen sabor de boca que nos dej\u00f3 la 1\u00aa Edici\u00f3n\u0097 del Festival de Jazz del Lago, con ilusi\u00f3n casi infantil, nunca pude imaginar que iba a ser testigo de la realidad de un sue\u0096\u00f1o.<\/h3>\n<p style=\"text-align: justify;\">Cuando se traspasa el umbral de la cancela de entrada al Lago de la Eremita de los Tres Juanes, se activan las sensaciones m\u00e1\u0087s all\u0087\u00e1 de la cotidiana rutina del mundo en que vivimos inmerso. El Cuerpo y la Mente se funden con la Naturaleza, en un climax casi paradis\u0092\u00edaco.<\/p>\n<p style=\"text-align: justify;\">En un escenario \u009c\u00fanico, tocado con el tel\u00f3\u0097n de fondo de la Vega, durante un fin de semana m\u00e1\u0087gico, hemos podido disfrutar de las actuaciones de m\u009c\u00fasicos\u00a0 virtuosos contagiados con los arm\u00f3\u0097nicos sonidos de la cascada y de la brisa bajo el manto de las estrellas. \u00a1Que maravilla! . Como anunci\u00f3 nuestra flamante Concejala de Cultura, M\u00bb Nieves, era la consolidaci\u00f3n del Festival de Jazz del<br \/>\nLago.<br \/>\nDurante los d\u0092as 4 y 5 de julio, en un escenario muy bien ubicado, provisto de dos pantallas de video, con una iluminaci\u00f3\u0097n sobria y muy buen sonido, hemos podido escuchar las distintas tendencias del Jazz, en una edici\u0097\u00f3n que ha superado con creces la anterior en cuanto a organizaci\u0097\u00f3n, asistencia de p\u009c\u00fablico y calidad de los actuantes. Enhorabuena al Excmo. Ayuntamiento de<br \/>\nAtarfe y a Radio Iliberis.<\/p>\n<p style=\"text-align: justify;\">El viernes d\u0092a 4 de julio actu\u00f3 \u0097 en primer lugar el joven pianista Albert Bover que demostr\u00f3 \u0097 con creces su maestr\u0092\u00eda y futuro prometedor en un concierto sobrio que quiz\u00e1\u0087s no tuvo el merecido reconocimiento entre los asistentes m\u0087\u00e1s ne\u0097\u00f3fitos. En segundo lugar actu\u00f3 Maria Romero Quinter, un quinteto compuesto por una vocalista, un guitarra, un contrabajo, un saxofonista y<br \/>\nun percusionista que durante su actuaci\u0097\u00f3n ofrecieron una arm\u0097\u00f3nica exhibici\u0097\u00f3n del sonido del m\u00e1\u0087s puro jazz. Escuchar la angelical voz de Maria Romero acompa\u0096\u00f1ada por maestros componentes de la Big Band de Granada fue para m\u00ed\u0092 una sensaci\u0097\u00f3n \u009c\u00fanica que tardar\u008e\u00e1 tiempo en olvidar.<\/p>\n<p style=\"text-align: justify;\">Mar\u00ed\u0092a posee una voz prodigiosa que en momentos me recordaba a la mism\u00ed\u0092sima Diana Krall. Fue fant\u0087\u00e1stico el entusiasmo que se cre\u0097a entre los asistentes cuando se uni\u00f3 a ellos Albert Bover.<\/p>\n<p style=\"text-align: justify;\">En la jornada del s\u00e1\u0087bado 5 inici\u00f3\u00a0 la sesi\u00f3\u0097n Pecos Beck &amp; Tito Poyatos Band, una formaci\u0097\u00f3n que bas\u0097\u00f3 su actuaci\u0097\u00f3n en versiones de temas m\u00ed\u0092ticos del Jazz y de The Beatles. La privilegiada voz de Tito Poyatos, a caballo entre la garganta arguardentosa de Louis Amstrong y el desgarro sutil de Ray Charles, acompa\u0096\u00f1ada por un trompetista magn\u00ed\u0092fico y envuelta con la sutileza de un pianista y percusionista magistrales, supuso una clara exaltaci\u00f3\u0097n al sonido Chicago de principios del siglo pasado. Sencillamente genial la versi\u0097\u00f3n del m\u00ed\u0092tico tema Oh Darling.<\/p>\n<p style=\"text-align: justify;\">El cierre de la pasada edici\u0097\u00f3n del II Festival de Jazz del Lago correspondi\u00f3\u0097 a la Big Band de Granada, que bajo la magistral direcci\u0097\u00f3n de Kilo Aguado, ofrecieron un concierto basado en la fusi\u0097\u00f3n de los sonidos de jazz y blues en el que presentaron algunos de los temas de su \u009c\u00faltima grabaci\u0097\u00f3n. Fue la actuaci\u0097\u00f3n de una gran banda, ya consolidada, de la que tenemos que estar orgullosos los granadinos. Su puesta en escena es un perfecto amalgama de magistrales sonidos de viento acompa\u0096\u00f1ados de un piano y contrabajo virtuosos, con el swin excepcional de su percusionista<br \/>\ny la magia de la guitarra de su directos. Al final, la aparente monoton\u00ed\u0092a, qued\u0097a rota por la sensual y c\u00e1lida voz de su vocalista Celia Munt, envolviendo la noche atarfe\u00f1\u0096a de esencia de jazz-fussion.<\/p>\n<p style=\"text-align: justify;\">Otra noche para el recuerdo. Las sensaciones que uno ha experimentado aumentan la ilusi\u00f3\u0097n para volver a compartir&#8230; <strong>Sinfon\u0092a en el Lago de los Sue\u0096\u00f1os<\/strong><\/p>\n<p style=\"text-align: justify;\">Cuando a\u00fa\u009cn saboreo la m\u0087\u00e1gica noche del pasado 10 de Junio, mis sentimientos se fusionan con las sensaciones que el 12 y 13 de julio del a\u00f1o pasado viv\u00ed\u0092 en el Lago de la Ermita de los Tres Juanes. En ese marco incomparable, en el Mirador m\u00e1\u0087s bello de la Vega, asistimos a la puesta de largo del 1er Festival de Jazz de Atarfe. Describir la experiencia va m\u0087\u00e1s alla de la palabrer\u00eda.<\/p>\n<p style=\"text-align: justify;\">Saborear un cubata envuelto por la m\u0087\u00e1gica armon\u00ed\u0092a de los sonidos de Seda Jazz, Cu-Bop, Full Raner y Kike Aguado Be Bop Band, contemplando las estrellas del cielo atarfe\u00f1\u0096o desde nuestro Cerro del Castillejo besado por esa sutil brisa transporta la mente m\u00e1\u0087s all\u0087\u00e1 de la rutina del cuerpo.<\/p>\n<p style=\"text-align: justify;\">Atarfe, el Lago,<strong> fueron Sutileza de Jazz.<\/strong><\/p>\n<p style=\"text-align: justify;\">Se hizo realidad el sue\u0096\u00f1o del m\u0092\u00edtico Jos\u00e9\u008e Luis de la Rosa, que con su legendario grupo Triana, a finales de los setenta, nos cantaba:<br \/>\n<em>\u00abAyer tarde al Lago fui, con la intenci\u00f3\u0097n de conocer, Algo Nuevo.<\/em><br \/>\n<em>Nos reunimos all\u0092\u00ed y todo comenz\u00f3 \u0097 a surgir como un Sue\u0096\u00f1o.<\/em><br \/>\n<em>Creo recordar que por la noche, el p\u00e1\u0087jaro blanco ech\u00f3\u0097 a volar, en<\/em><br \/>\n<em>nuestros corazones, en busca de una Estrella Fugaz.<\/em><br \/>\n<em>Vimos juntos el amanecer y el Lago reflejo Nuestros Sue\u0096\u00f1os.<\/em><br \/>\n<em>En silencio fuimos a caer junto<\/em><br \/>\n<em>al gran monte aquel que nos dio el Amor\u00bb<\/em><\/p>\n<p style=\"text-align: justify;\">\u00a1Enhorabuena \u00c1ngel! \u00a1Enhorabuena Ayuntamiento!. Gracias por hacer de la M\u009c\u00fasica, Cultura de la Fraternidad. Me imagino que podr\u0087\u00e1 ser esto, cuando adem\u00e1\u0087s del Lago tengamos el Centro de Ocio.<br \/>\n\u00a1Animo!, tenemos dos referentes para consolidar Atarfe&#8230;<strong> Ciudad de Encuentro: Esencia de Rock, Sutileza de Jazz.<\/strong><\/p>\n","protected":false},"excerpt":{"rendered":"<p>\u00abATARFE HA APOSTADO POR EL JAZZ\u00bb , EL MIRADOR DE ATARFE PUBLICA ESTE ART\u00cdCULO QUE&#8230;<\/p>\n","protected":false},"author":1,"featured_media":72698,"comment_status":"closed","ping_status":"closed","sticky":false,"template":"","format":"standard","meta":{"_coblocks_attr":"","_coblocks_dimensions":"","_coblocks_responsive_height":"","_coblocks_accordion_ie_support":"","jetpack_post_was_ever_published":false,"_jetpack_newsletter_access":"","_jetpack_dont_email_post_to_subs":false,"_jetpack_newsletter_tier_id":0,"_jetpack_memberships_contains_paywalled_content":false,"_jetpack_memberships_contains_paid_content":false,"footnotes":"","jetpack_publicize_message":"","jetpack_publicize_feature_enabled":true,"jetpack_social_post_already_shared":true,"jetpack_social_options":{"image_generator_settings":{"template":"highway","default_image_id":0,"enabled":false},"version":2}},"categories":[12,1225,186,44,1],"tags":[],"class_list":["post-69676","post","type-post","status-publish","format-standard","has-post-thumbnail","hentry","category-cultura","category-ha-de-atarfe","category-instituciones","category-noticias-de-hoy","category-uncategorized"],"jetpack_publicize_connections":[],"jetpack_featured_media_url":"https:\/\/i0.wp.com\/miradordeatarfe.es\/wp-content\/uploads\/2024\/11\/Captura20241114110129.png?fit=304%2C188&ssl=1","jetpack_likes_enabled":true,"jetpack_sharing_enabled":true,"_links":{"self":[{"href":"https:\/\/miradordeatarfe.es\/index.php?rest_route=\/wp\/v2\/posts\/69676","targetHints":{"allow":["GET"]}}],"collection":[{"href":"https:\/\/miradordeatarfe.es\/index.php?rest_route=\/wp\/v2\/posts"}],"about":[{"href":"https:\/\/miradordeatarfe.es\/index.php?rest_route=\/wp\/v2\/types\/post"}],"author":[{"embeddable":true,"href":"https:\/\/miradordeatarfe.es\/index.php?rest_route=\/wp\/v2\/users\/1"}],"replies":[{"embeddable":true,"href":"https:\/\/miradordeatarfe.es\/index.php?rest_route=%2Fwp%2Fv2%2Fcomments&post=69676"}],"version-history":[{"count":3,"href":"https:\/\/miradordeatarfe.es\/index.php?rest_route=\/wp\/v2\/posts\/69676\/revisions"}],"predecessor-version":[{"id":72697,"href":"https:\/\/miradordeatarfe.es\/index.php?rest_route=\/wp\/v2\/posts\/69676\/revisions\/72697"}],"wp:featuredmedia":[{"embeddable":true,"href":"https:\/\/miradordeatarfe.es\/index.php?rest_route=\/wp\/v2\/media\/72698"}],"wp:attachment":[{"href":"https:\/\/miradordeatarfe.es\/index.php?rest_route=%2Fwp%2Fv2%2Fmedia&parent=69676"}],"wp:term":[{"taxonomy":"category","embeddable":true,"href":"https:\/\/miradordeatarfe.es\/index.php?rest_route=%2Fwp%2Fv2%2Fcategories&post=69676"},{"taxonomy":"post_tag","embeddable":true,"href":"https:\/\/miradordeatarfe.es\/index.php?rest_route=%2Fwp%2Fv2%2Ftags&post=69676"}],"curies":[{"name":"wp","href":"https:\/\/api.w.org\/{rel}","templated":true}]}}