{"id":69684,"date":"2024-06-01T10:32:01","date_gmt":"2024-06-01T08:32:01","guid":{"rendered":"https:\/\/miradordeatarfe.es\/?p=69684"},"modified":"2024-05-31T11:20:34","modified_gmt":"2024-05-31T09:20:34","slug":"atarfe-la-feria-del-respeto","status":"publish","type":"post","link":"https:\/\/miradordeatarfe.es\/?p=69684","title":{"rendered":"ATARFE: \u00abLA FERIA DEL RESPETO\u00bb"},"content":{"rendered":"<h3 style=\"text-align: justify;\">El pasado viernes 17 de mayo el alumnado de la etapa de Secundaria del centro EEPP Sagrada Familia de Atarfe organiz\u00f3 un evento llamado \u201cLa Feria del Respeto\u201d, una representaci\u00f3n de los productos finales resultantes de los proyectos acad\u00e9micos que se han desarrollado durante este curso a trav\u00e9s de las nuevas metodolog\u00edas (PBL y Aprendizaje Basado en Proyectos).<\/h3>\n<p style=\"text-align: justify;\">La tem\u00e1tica com\u00fan para toda la etapa fue <strong><em>la igualdad, la tolerancia y el respeto a la diversidad<\/em><\/strong> y a trav\u00e9s de ella se han introducido los valores ignacianos propios de este centro, perteneciente a la Fundaci\u00f3n Safa, con centros escolares en toda Andaluc\u00eda. A este evento fueron invitados 120 alumnos\/as de los otros dos institutos de la localidad, aprovechando esta oportunidad para desarrollar una jornada de convivencia entre estos centros.<\/p>\n<p style=\"text-align: justify;\">La jornada se valor\u00f3 muy positivamente tanto por el alumnado participante como por el profesorado organizador y acompa\u00f1ante, que consideraron que esta feria se ha convertido \u201cen un gran evento digno de repetir anualmente en nuestro pueblo\u201d.<\/p>\n<p><a href=\"https:\/\/i0.wp.com\/miradordeatarfe.es\/wp-content\/uploads\/2024\/05\/Imagen-de-WhatsApp-2024-05-27-a-las-15.55.04_09f25484.jpg?ssl=1\"><img data-recalc-dims=\"1\" loading=\"lazy\" decoding=\"async\" class=\"alignnone wp-image-69685 size-large\" src=\"https:\/\/i0.wp.com\/miradordeatarfe.es\/wp-content\/uploads\/2024\/05\/Imagen-de-WhatsApp-2024-05-27-a-las-15.55.04_09f25484.jpg?resize=640%2C364&#038;ssl=1\" alt=\"\" width=\"640\" height=\"364\" srcset=\"https:\/\/i0.wp.com\/miradordeatarfe.es\/wp-content\/uploads\/2024\/05\/Imagen-de-WhatsApp-2024-05-27-a-las-15.55.04_09f25484.jpg?resize=1024%2C582&amp;ssl=1 1024w, https:\/\/i0.wp.com\/miradordeatarfe.es\/wp-content\/uploads\/2024\/05\/Imagen-de-WhatsApp-2024-05-27-a-las-15.55.04_09f25484.jpg?resize=300%2C171&amp;ssl=1 300w, https:\/\/i0.wp.com\/miradordeatarfe.es\/wp-content\/uploads\/2024\/05\/Imagen-de-WhatsApp-2024-05-27-a-las-15.55.04_09f25484.jpg?resize=768%2C437&amp;ssl=1 768w, https:\/\/i0.wp.com\/miradordeatarfe.es\/wp-content\/uploads\/2024\/05\/Imagen-de-WhatsApp-2024-05-27-a-las-15.55.04_09f25484.jpg?resize=1536%2C873&amp;ssl=1 1536w, https:\/\/i0.wp.com\/miradordeatarfe.es\/wp-content\/uploads\/2024\/05\/Imagen-de-WhatsApp-2024-05-27-a-las-15.55.04_09f25484.jpg?resize=1320%2C750&amp;ssl=1 1320w, https:\/\/i0.wp.com\/miradordeatarfe.es\/wp-content\/uploads\/2024\/05\/Imagen-de-WhatsApp-2024-05-27-a-las-15.55.04_09f25484.jpg?w=1738&amp;ssl=1 1738w\" sizes=\"auto, (max-width: 640px) 100vw, 640px\" \/><\/a> <a href=\"https:\/\/i0.wp.com\/miradordeatarfe.es\/wp-content\/uploads\/2024\/05\/Imagen-de-WhatsApp-2024-05-27-a-las-15.55.04_56a3e044.jpg?ssl=1\"><img data-recalc-dims=\"1\" loading=\"lazy\" decoding=\"async\" class=\"alignnone wp-image-69686 size-large\" src=\"https:\/\/i0.wp.com\/miradordeatarfe.es\/wp-content\/uploads\/2024\/05\/Imagen-de-WhatsApp-2024-05-27-a-las-15.55.04_56a3e044.jpg?resize=640%2C392&#038;ssl=1\" alt=\"\" width=\"640\" height=\"392\" srcset=\"https:\/\/i0.wp.com\/miradordeatarfe.es\/wp-content\/uploads\/2024\/05\/Imagen-de-WhatsApp-2024-05-27-a-las-15.55.04_56a3e044.jpg?resize=1024%2C627&amp;ssl=1 1024w, https:\/\/i0.wp.com\/miradordeatarfe.es\/wp-content\/uploads\/2024\/05\/Imagen-de-WhatsApp-2024-05-27-a-las-15.55.04_56a3e044.jpg?resize=300%2C184&amp;ssl=1 300w, https:\/\/i0.wp.com\/miradordeatarfe.es\/wp-content\/uploads\/2024\/05\/Imagen-de-WhatsApp-2024-05-27-a-las-15.55.04_56a3e044.jpg?resize=768%2C470&amp;ssl=1 768w, https:\/\/i0.wp.com\/miradordeatarfe.es\/wp-content\/uploads\/2024\/05\/Imagen-de-WhatsApp-2024-05-27-a-las-15.55.04_56a3e044.jpg?resize=1536%2C940&amp;ssl=1 1536w, https:\/\/i0.wp.com\/miradordeatarfe.es\/wp-content\/uploads\/2024\/05\/Imagen-de-WhatsApp-2024-05-27-a-las-15.55.04_56a3e044.jpg?resize=1320%2C808&amp;ssl=1 1320w, https:\/\/i0.wp.com\/miradordeatarfe.es\/wp-content\/uploads\/2024\/05\/Imagen-de-WhatsApp-2024-05-27-a-las-15.55.04_56a3e044.jpg?w=2048&amp;ssl=1 2048w, https:\/\/i0.wp.com\/miradordeatarfe.es\/wp-content\/uploads\/2024\/05\/Imagen-de-WhatsApp-2024-05-27-a-las-15.55.04_56a3e044.jpg?w=1920&amp;ssl=1 1920w\" sizes=\"auto, (max-width: 640px) 100vw, 640px\" \/><\/a> <a href=\"https:\/\/i0.wp.com\/miradordeatarfe.es\/wp-content\/uploads\/2024\/05\/Imagen-de-WhatsApp-2024-05-27-a-las-15.55.04_b0a4a16a.jpg?ssl=1\"><img data-recalc-dims=\"1\" loading=\"lazy\" decoding=\"async\" class=\"wp-image-69687 size-large aligncenter\" src=\"https:\/\/i0.wp.com\/miradordeatarfe.es\/wp-content\/uploads\/2024\/05\/Imagen-de-WhatsApp-2024-05-27-a-las-15.55.04_b0a4a16a.jpg?resize=640%2C490&#038;ssl=1\" alt=\"\" width=\"640\" height=\"490\" srcset=\"https:\/\/i0.wp.com\/miradordeatarfe.es\/wp-content\/uploads\/2024\/05\/Imagen-de-WhatsApp-2024-05-27-a-las-15.55.04_b0a4a16a.jpg?resize=1024%2C784&amp;ssl=1 1024w, https:\/\/i0.wp.com\/miradordeatarfe.es\/wp-content\/uploads\/2024\/05\/Imagen-de-WhatsApp-2024-05-27-a-las-15.55.04_b0a4a16a.jpg?resize=300%2C230&amp;ssl=1 300w, https:\/\/i0.wp.com\/miradordeatarfe.es\/wp-content\/uploads\/2024\/05\/Imagen-de-WhatsApp-2024-05-27-a-las-15.55.04_b0a4a16a.jpg?resize=768%2C588&amp;ssl=1 768w, https:\/\/i0.wp.com\/miradordeatarfe.es\/wp-content\/uploads\/2024\/05\/Imagen-de-WhatsApp-2024-05-27-a-las-15.55.04_b0a4a16a.jpg?resize=1536%2C1176&amp;ssl=1 1536w, https:\/\/i0.wp.com\/miradordeatarfe.es\/wp-content\/uploads\/2024\/05\/Imagen-de-WhatsApp-2024-05-27-a-las-15.55.04_b0a4a16a.jpg?resize=1320%2C1011&amp;ssl=1 1320w, https:\/\/i0.wp.com\/miradordeatarfe.es\/wp-content\/uploads\/2024\/05\/Imagen-de-WhatsApp-2024-05-27-a-las-15.55.04_b0a4a16a.jpg?w=2048&amp;ssl=1 2048w, https:\/\/i0.wp.com\/miradordeatarfe.es\/wp-content\/uploads\/2024\/05\/Imagen-de-WhatsApp-2024-05-27-a-las-15.55.04_b0a4a16a.jpg?w=1920&amp;ssl=1 1920w\" sizes=\"auto, (max-width: 640px) 100vw, 640px\" \/><\/a><\/p>\n","protected":false},"excerpt":{"rendered":"<p>El pasado viernes 17 de mayo el alumnado de la etapa de Secundaria del centro&#8230;<\/p>\n","protected":false},"author":1,"featured_media":69688,"comment_status":"closed","ping_status":"closed","sticky":false,"template":"","format":"standard","meta":{"_coblocks_attr":"","_coblocks_dimensions":"","_coblocks_responsive_height":"","_coblocks_accordion_ie_support":"","jetpack_post_was_ever_published":false,"_jetpack_newsletter_access":"","_jetpack_dont_email_post_to_subs":false,"_jetpack_newsletter_tier_id":0,"_jetpack_memberships_contains_paywalled_content":false,"_jetpack_memberships_contains_paid_content":false,"footnotes":"","jetpack_publicize_message":"","jetpack_publicize_feature_enabled":true,"jetpack_social_post_already_shared":true,"jetpack_social_options":{"image_generator_settings":{"template":"highway","default_image_id":0,"enabled":false},"version":2}},"categories":[187,186,44],"tags":[],"class_list":["post-69684","post","type-post","status-publish","format-standard","has-post-thumbnail","hentry","category-centros-educativos","category-instituciones","category-noticias-de-hoy"],"jetpack_publicize_connections":[],"jetpack_featured_media_url":"https:\/\/i0.wp.com\/miradordeatarfe.es\/wp-content\/uploads\/2024\/05\/Imagen-de-WhatsApp-2024-05-27-a-las-15.55.04_b210b8e6.jpg?fit=2013%2C874&ssl=1","jetpack_likes_enabled":true,"jetpack_sharing_enabled":true,"_links":{"self":[{"href":"https:\/\/miradordeatarfe.es\/index.php?rest_route=\/wp\/v2\/posts\/69684","targetHints":{"allow":["GET"]}}],"collection":[{"href":"https:\/\/miradordeatarfe.es\/index.php?rest_route=\/wp\/v2\/posts"}],"about":[{"href":"https:\/\/miradordeatarfe.es\/index.php?rest_route=\/wp\/v2\/types\/post"}],"author":[{"embeddable":true,"href":"https:\/\/miradordeatarfe.es\/index.php?rest_route=\/wp\/v2\/users\/1"}],"replies":[{"embeddable":true,"href":"https:\/\/miradordeatarfe.es\/index.php?rest_route=%2Fwp%2Fv2%2Fcomments&post=69684"}],"version-history":[{"count":1,"href":"https:\/\/miradordeatarfe.es\/index.php?rest_route=\/wp\/v2\/posts\/69684\/revisions"}],"predecessor-version":[{"id":69689,"href":"https:\/\/miradordeatarfe.es\/index.php?rest_route=\/wp\/v2\/posts\/69684\/revisions\/69689"}],"wp:featuredmedia":[{"embeddable":true,"href":"https:\/\/miradordeatarfe.es\/index.php?rest_route=\/wp\/v2\/media\/69688"}],"wp:attachment":[{"href":"https:\/\/miradordeatarfe.es\/index.php?rest_route=%2Fwp%2Fv2%2Fmedia&parent=69684"}],"wp:term":[{"taxonomy":"category","embeddable":true,"href":"https:\/\/miradordeatarfe.es\/index.php?rest_route=%2Fwp%2Fv2%2Fcategories&post=69684"},{"taxonomy":"post_tag","embeddable":true,"href":"https:\/\/miradordeatarfe.es\/index.php?rest_route=%2Fwp%2Fv2%2Ftags&post=69684"}],"curies":[{"name":"wp","href":"https:\/\/api.w.org\/{rel}","templated":true}]}}