{"id":69690,"date":"2024-06-04T11:13:00","date_gmt":"2024-06-04T09:13:00","guid":{"rendered":"https:\/\/miradordeatarfe.es\/?p=69690"},"modified":"2024-06-02T12:55:17","modified_gmt":"2024-06-02T10:55:17","slug":"atarfe-celebracion-de-los-25-anos-de-la-safa-en-nuestro-pueblo","status":"publish","type":"post","link":"https:\/\/miradordeatarfe.es\/?p=69690","title":{"rendered":"ATARFE: CELEBRACI\u00d3N DE LOS 25 A\u00d1OS DE LA SAFA EN NUESTRO PUEBLO"},"content":{"rendered":"<h3 style=\"text-align: justify;\">EL \u00daNICO CENTRO CONCERTADO DENTRO DE NUESTRAS CALLES ES EL COLEGIO SAFA\u00a0 QUE ESTE CURSO ESCOLAR HA CELEBRADO SU 25 CUMPLEA\u00d1OS EN UN ACTO MUY EMOTIVO E INTIMO.<\/h3>\n<div class=\"gdlr-core-pbf-column gdlr-core-column-20 gdlr-core-column-first\" style=\"text-align: justify;\">\n<div class=\"gdlr-core-pbf-column-content-margin gdlr-core-js \">\n<div class=\"gdlr-core-pbf-column-content clearfix gdlr-core-js \">\n<div class=\"gdlr-core-pbf-element\">\n<div class=\"gdlr-core-column-service-item gdlr-core-item-pdb  gdlr-core-left-align gdlr-core-column-service-icon-left-title gdlr-core-no-caption gdlr-core-item-pdlr\">\n<div class=\"gdlr-core-column-service-content-wrapper\">\n<div class=\"gdlr-core-column-service-content\">\n<p>Este centro atarfe\u00f1o ofrece<b> una l\u00ednea con tres etapas<\/b>\u00a0(INFANTIL, PRIMARIA, SECUNDARIA), as\u00ed como una unidad de\u00a0<b>educaci\u00f3n especia<\/b>l que facilita la atenci\u00f3n a la diversidad. Adem\u00e1s, tiene implantados <strong><em>programas de tr\u00e1nsito entre etapas<\/em><\/strong>, para facilitar el cambio de nivel a su alumnado.El centro cuenta con <b>aula matinal<\/b> y <b>comedor<\/b>. Tambi\u00e9n ofrece <b>actividades extraescolares<\/b> que complementan la formaci\u00f3n integral del alumnado y que ayudan en la conciliaci\u00f3n familiar.\u00a0<\/p>\n<\/div>\n<\/div>\n<\/div>\n<\/div>\n<\/div>\n<\/div>\n<\/div>\n<p style=\"text-align: justify;\">El pasado lunes 22 de abril, este centro celebr\u00f3 sus 25 a\u00f1os de presencia en la localidad de Atarfe. Fue una celebraci\u00f3n sencilla, humilde en la que pudimos contar con la presencia de nuestros anteriores directores, <strong>D. Constantino Sol\u00ed Fern\u00e1ndez y D. Jos\u00e9 Angel Campos Cruz<\/strong>. Al acto, nos acompa\u00f1aron profesores que impartieron sus clases en este colegio, as\u00ed como personas que han colaborado en otras funciones.<\/p>\n<p style=\"text-align: justify;\">Fue un momento emotivo volver a unir a estas personas que han sido las protagonistas de la historia de estos 25 a\u00f1os implicados en la misi\u00f3n de ense\u00f1ar y formar personas para los dem\u00e1s. Agradecieron enormemente la presencia en este acto de nuestra alcaldesa, Yolanda Fern\u00e1ndez Morales, y su representaci\u00f3n del Ayuntamiento integrados por dos antiguos alumnos de SAFA.<\/p>\n<p style=\"text-align: justify;\">Tambi\u00e9n agradecieron la asistencia de los compa\u00f1eros representantes de los centros educativos de Atarfe as\u00ed como a todas las familias que tambi\u00e9n se liberaron para disfrutar junto a nosotros de este acontecimiento.A trav\u00e9s de las intervenciones, se rememoraron los inicios de este\u00a0 colegio y las distintas fases transformadoras que nos han conducido hoy a ser un centro de referencia en innovaci\u00f3n educativa.<\/p>\n<p style=\"text-align: justify;\"><em>\u00abGracias de coraz\u00f3n a todos y todas por darle vida a este colegio que es m\u00e1s que un centro educativo. Es una gran familia donde aprender, crecer y prepararse para los retos del futuro.\u00bb<\/em><\/p>\n<p>Felicidades, SAFA ATARFE y a por otros 25 a\u00f1os m\u00e1s.<\/p>\n<p><a href=\"https:\/\/i0.wp.com\/miradordeatarfe.es\/wp-content\/uploads\/2024\/05\/Screenshot-2024-05-31-at-10-26-38-CELEBRACION-25-ANIVERSARIO.png?ssl=1\"><img data-recalc-dims=\"1\" loading=\"lazy\" decoding=\"async\" class=\"alignnone wp-image-69692 size-full\" src=\"https:\/\/i0.wp.com\/miradordeatarfe.es\/wp-content\/uploads\/2024\/05\/Screenshot-2024-05-31-at-10-26-38-CELEBRACION-25-ANIVERSARIO.png?resize=640%2C346&#038;ssl=1\" alt=\"\" width=\"640\" height=\"346\" srcset=\"https:\/\/i0.wp.com\/miradordeatarfe.es\/wp-content\/uploads\/2024\/05\/Screenshot-2024-05-31-at-10-26-38-CELEBRACION-25-ANIVERSARIO.png?w=898&amp;ssl=1 898w, https:\/\/i0.wp.com\/miradordeatarfe.es\/wp-content\/uploads\/2024\/05\/Screenshot-2024-05-31-at-10-26-38-CELEBRACION-25-ANIVERSARIO.png?resize=300%2C162&amp;ssl=1 300w, https:\/\/i0.wp.com\/miradordeatarfe.es\/wp-content\/uploads\/2024\/05\/Screenshot-2024-05-31-at-10-26-38-CELEBRACION-25-ANIVERSARIO.png?resize=768%2C415&amp;ssl=1 768w\" sizes=\"auto, (max-width: 640px) 100vw, 640px\" \/><\/a><\/p>\n<p><a href=\"https:\/\/i0.wp.com\/miradordeatarfe.es\/wp-content\/uploads\/2024\/05\/Screenshot-2024-05-31-at-10-28-20-CELEBRACION-25-ANIVERSARIO.png?ssl=1\"><img data-recalc-dims=\"1\" loading=\"lazy\" decoding=\"async\" class=\"alignnone wp-image-69693 size-full\" src=\"https:\/\/i0.wp.com\/miradordeatarfe.es\/wp-content\/uploads\/2024\/05\/Screenshot-2024-05-31-at-10-28-20-CELEBRACION-25-ANIVERSARIO.png?resize=640%2C332&#038;ssl=1\" alt=\"\" width=\"640\" height=\"332\" srcset=\"https:\/\/i0.wp.com\/miradordeatarfe.es\/wp-content\/uploads\/2024\/05\/Screenshot-2024-05-31-at-10-28-20-CELEBRACION-25-ANIVERSARIO.png?w=1111&amp;ssl=1 1111w, https:\/\/i0.wp.com\/miradordeatarfe.es\/wp-content\/uploads\/2024\/05\/Screenshot-2024-05-31-at-10-28-20-CELEBRACION-25-ANIVERSARIO.png?resize=300%2C156&amp;ssl=1 300w, https:\/\/i0.wp.com\/miradordeatarfe.es\/wp-content\/uploads\/2024\/05\/Screenshot-2024-05-31-at-10-28-20-CELEBRACION-25-ANIVERSARIO.png?resize=1024%2C531&amp;ssl=1 1024w, https:\/\/i0.wp.com\/miradordeatarfe.es\/wp-content\/uploads\/2024\/05\/Screenshot-2024-05-31-at-10-28-20-CELEBRACION-25-ANIVERSARIO.png?resize=768%2C398&amp;ssl=1 768w\" sizes=\"auto, (max-width: 640px) 100vw, 640px\" \/><\/a><\/p>\n<p>&nbsp;<\/p>\n<p><div class=\"jetpack-video-wrapper\"><iframe loading=\"lazy\" title=\"CELEBRACI\u00d3N 25 ANIVERSARIO\" width=\"640\" height=\"360\" src=\"https:\/\/www.youtube.com\/embed\/tQIhwW-UAOI?feature=oembed\" frameborder=\"0\" allow=\"accelerometer; autoplay; clipboard-write; encrypted-media; gyroscope; picture-in-picture; web-share\" referrerpolicy=\"strict-origin-when-cross-origin\" allowfullscreen><\/iframe><\/div><\/p>\n","protected":false},"excerpt":{"rendered":"<p>EL \u00daNICO CENTRO CONCERTADO DENTRO DE NUESTRAS CALLES ES EL COLEGIO SAFA\u00a0 QUE ESTE CURSO&#8230;<\/p>\n","protected":false},"author":1,"featured_media":69691,"comment_status":"closed","ping_status":"closed","sticky":false,"template":"","format":"standard","meta":{"_coblocks_attr":"","_coblocks_dimensions":"","_coblocks_responsive_height":"","_coblocks_accordion_ie_support":"","jetpack_post_was_ever_published":false,"_jetpack_newsletter_access":"","_jetpack_dont_email_post_to_subs":false,"_jetpack_newsletter_tier_id":0,"_jetpack_memberships_contains_paywalled_content":false,"_jetpack_memberships_contains_paid_content":false,"footnotes":"","jetpack_publicize_message":"","jetpack_publicize_feature_enabled":true,"jetpack_social_post_already_shared":true,"jetpack_social_options":{"image_generator_settings":{"template":"highway","default_image_id":0,"enabled":false},"version":2}},"categories":[187,186,44],"tags":[],"class_list":["post-69690","post","type-post","status-publish","format-standard","has-post-thumbnail","hentry","category-centros-educativos","category-instituciones","category-noticias-de-hoy"],"jetpack_publicize_connections":[],"jetpack_featured_media_url":"https:\/\/i0.wp.com\/miradordeatarfe.es\/wp-content\/uploads\/2024\/05\/Screenshot-2024-05-31-at-10-26-09-CELEBRACION-25-ANIVERSARIO.png?fit=485%2C283&ssl=1","jetpack_likes_enabled":true,"jetpack_sharing_enabled":true,"_links":{"self":[{"href":"https:\/\/miradordeatarfe.es\/index.php?rest_route=\/wp\/v2\/posts\/69690","targetHints":{"allow":["GET"]}}],"collection":[{"href":"https:\/\/miradordeatarfe.es\/index.php?rest_route=\/wp\/v2\/posts"}],"about":[{"href":"https:\/\/miradordeatarfe.es\/index.php?rest_route=\/wp\/v2\/types\/post"}],"author":[{"embeddable":true,"href":"https:\/\/miradordeatarfe.es\/index.php?rest_route=\/wp\/v2\/users\/1"}],"replies":[{"embeddable":true,"href":"https:\/\/miradordeatarfe.es\/index.php?rest_route=%2Fwp%2Fv2%2Fcomments&post=69690"}],"version-history":[{"count":2,"href":"https:\/\/miradordeatarfe.es\/index.php?rest_route=\/wp\/v2\/posts\/69690\/revisions"}],"predecessor-version":[{"id":69695,"href":"https:\/\/miradordeatarfe.es\/index.php?rest_route=\/wp\/v2\/posts\/69690\/revisions\/69695"}],"wp:featuredmedia":[{"embeddable":true,"href":"https:\/\/miradordeatarfe.es\/index.php?rest_route=\/wp\/v2\/media\/69691"}],"wp:attachment":[{"href":"https:\/\/miradordeatarfe.es\/index.php?rest_route=%2Fwp%2Fv2%2Fmedia&parent=69690"}],"wp:term":[{"taxonomy":"category","embeddable":true,"href":"https:\/\/miradordeatarfe.es\/index.php?rest_route=%2Fwp%2Fv2%2Fcategories&post=69690"},{"taxonomy":"post_tag","embeddable":true,"href":"https:\/\/miradordeatarfe.es\/index.php?rest_route=%2Fwp%2Fv2%2Ftags&post=69690"}],"curies":[{"name":"wp","href":"https:\/\/api.w.org\/{rel}","templated":true}]}}