{"id":69707,"date":"2024-06-05T11:15:51","date_gmt":"2024-06-05T09:15:51","guid":{"rendered":"https:\/\/miradordeatarfe.es\/?p=69707"},"modified":"2024-06-05T12:38:05","modified_gmt":"2024-06-05T10:38:05","slug":"la-fabrica-de-cemento-nuestra-senora-de-los-dolores-de-atarfe-por-jose-enrique-gramnados","status":"publish","type":"post","link":"https:\/\/miradordeatarfe.es\/?p=69707","title":{"rendered":"\u00abLA FABRICA DE CEMENTO NUESTRA SE\u00d1ORA DE LOS DOLORES DE ATARFE\u00bb por Jos\u00e9 Enrique Granados"},"content":{"rendered":"<div class=\"html-div xe8uvvx xdj266r x11i5rnm xat24cr x1mh8g0r xexx8yu x4uap5 x18d9i69 xkhd6sd\" dir=\"auto\">\n<div id=\":rii:\" class=\"x1iorvi4 x1pi30zi x1l90r2v x1swvt13\" data-ad-comet-preview=\"message\" data-ad-preview=\"message\">\n<div class=\"x78zum5 xdt5ytf xz62fqu x16ldp7u\">\n<div class=\"xu06os2 x1ok221b\">\n<div class=\"xdj266r x11i5rnm xat24cr x1mh8g0r x1vvkbs x126k92a\">\n<h3 dir=\"auto\" style=\"text-align: justify;\">Hispania Nostra, asociaci\u00f3n cuyo objetivo principal es la defensa y promoci\u00f3n del patrimonio incluy\u00f3 en 2022, la f\u00e1brica de cementos \u2018Nuestra Se\u00f1ora de los Dolores\u2019 en la \u2018Lista Roja del Patrimonio\u2019, lo que implica que sus valores patrimoniales est\u00e1n m\u00e1s que demostrados, as\u00ed como que su deterioro es m\u00e1s que preocupante.<\/h3>\n<\/div>\n<div class=\"x11i5rnm xat24cr x1mh8g0r x1vvkbs xtlvy1s x126k92a\" style=\"text-align: justify;\">\n<div dir=\"auto\">Construido a principios del siglo XX, el edificio puede considerarse como una de las f\u00e1bricas de cemento m\u00e1s importantes de Espa\u00f1a. Fue una de las primeras de este tipo que se construyeron en Andaluc\u00eda, junto con la f\u00e1brica de La Ara\u00f1a, en M\u00e1laga, de 1918. Su construcci\u00f3n se inici\u00f3 en 1903 por Inocencio Romero de la Cruz y en 1923 empez\u00f3 a comercializar sus productos bajo la marca de Cementos Centauro. Durante esta \u00e9poca se produjo un gran auge debido a las infraestructuras impulsadas en los primeros a\u00f1os de la Dictadura de Primo de Rivera (1923-1930).<\/div>\n<div dir=\"auto\">La f\u00e1brica estuvo en propiedad de la compa\u00f1\u00eda Cementos Centauro hasta finales de 1968, cuando fue absorbida por la compa\u00f1\u00eda \u201cCementos Alba S.A\u201d. Al poco tiempo de ser adquirida por la misma, fue cerrada y desde entonces sus instalaciones permanecen sin actividad.<\/div>\n<div dir=\"auto\">\u00a0<\/div>\n<\/div>\n<div class=\"x11i5rnm xat24cr x1mh8g0r x1vvkbs xtlvy1s x126k92a\" style=\"text-align: justify;\">\n<div dir=\"auto\">En casi toda la instalaci\u00f3n se aprecian grandes tolvas y dep\u00f3sitos para el proceso del mineral. El estado general del sitio es bastante malo. Adem\u00e1s de los estragos producidos por el tiempo y el descuido se pueden observar restos de grandes quemas de neum\u00e1ticos, e incluso un par de coches totalmente desguazados. La mayor\u00eda de las estructuras met\u00e1licas han desaparecido y no queda resto alguno de maquinaria de ning\u00fan tipo. La mayor\u00eda de los techos se han desplomado, al igual que la mayor\u00eda de los suelos de los pisos superiores. Las zonas de hormig\u00f3n armado se mantienen razonablemente bien, al igual que los muros y los dep\u00f3sitos y tolvas de cemento, sin embargo, todo el metal ha desaparecido o se encuentra en un alarmante estado de oxidaci\u00f3n.<\/div>\n<\/div>\n<div class=\"x11i5rnm xat24cr x1mh8g0r x1vvkbs xtlvy1s x126k92a\" style=\"text-align: justify;\">\n<div dir=\"auto\">Los edificios laterales que debieron contener los almacenes del producto procesado se encuentran en mejores condiciones. Los accesos a los pisos superiores se dan a trav\u00e9s de una oxidada escalera met\u00e1lica de mano, o atravesando varias vigas que son lo que queda del suelo en uno de los pisos.<\/div>\n<div dir=\"auto\">\u00a0<\/div>\n<\/div>\n<div class=\"x11i5rnm xat24cr x1mh8g0r x1vvkbs xtlvy1s x126k92a\" style=\"text-align: justify;\">\n<div dir=\"auto\">En la zona m\u00e1s alejada de la entrada se encuentran varias casas que debieron servir de comedor en el caso de una y de vivienda u oficinas en el caso de la otra. Su interior est\u00e1 totalmente devastado, aunque a\u00fan se conservan restos de suelos decorados y algo de parqu\u00e9.<\/div>\n<div dir=\"auto\">\u00a0<\/div>\n<\/div>\n<div class=\"x11i5rnm xat24cr x1mh8g0r x1vvkbs xtlvy1s x126k92a\">\n<div dir=\"auto\" style=\"text-align: justify;\">Todav\u00eda podemos hacer algo para su recuperaci\u00f3n y puesta en valor.<\/div>\n<div dir=\"auto\" style=\"text-align: justify;\">\u00a0<\/div>\n<\/div>\n<div class=\"x11i5rnm xat24cr x1mh8g0r x1vvkbs xtlvy1s x126k92a\">\n<div dir=\"auto\">En la imagen cuadro ganador del segundo premio del certamen de pintura al aire libre, ciudad de Atarfe 2024.<\/div>\n<\/div>\n<div class=\"x11i5rnm xat24cr x1mh8g0r x1vvkbs xtlvy1s x126k92a\">\n<div dir=\"auto\">\u00a0<\/div>\n<div dir=\"auto\"><a href=\"https:\/\/www.facebook.com\/profile.php?id=100063704734064\">Gacetilla y curiosidades elvirenses<\/a><\/div>\n<\/div>\n<\/div>\n<\/div>\n<\/div>\n<\/div>\n","protected":false},"excerpt":{"rendered":"<p>Hispania Nostra, asociaci\u00f3n cuyo objetivo principal es la defensa y promoci\u00f3n del patrimonio incluy\u00f3 en&#8230;<\/p>\n","protected":false},"author":1,"featured_media":69708,"comment_status":"closed","ping_status":"closed","sticky":false,"template":"","format":"standard","meta":{"_coblocks_attr":"","_coblocks_dimensions":"","_coblocks_responsive_height":"","_coblocks_accordion_ie_support":"","jetpack_post_was_ever_published":false,"_jetpack_newsletter_access":"","_jetpack_dont_email_post_to_subs":false,"_jetpack_newsletter_tier_id":0,"_jetpack_memberships_contains_paywalled_content":false,"_jetpack_memberships_contains_paid_content":false,"footnotes":"","jetpack_publicize_message":"","jetpack_publicize_feature_enabled":true,"jetpack_social_post_already_shared":true,"jetpack_social_options":{"image_generator_settings":{"template":"highway","default_image_id":0,"enabled":false},"version":2}},"categories":[12,186,38,44],"tags":[],"class_list":["post-69707","post","type-post","status-publish","format-standard","has-post-thumbnail","hentry","category-cultura","category-instituciones","category-opinion-de-jose-enrique-granados","category-noticias-de-hoy"],"jetpack_publicize_connections":[],"jetpack_featured_media_url":"https:\/\/i0.wp.com\/miradordeatarfe.es\/wp-content\/uploads\/2024\/06\/cuadro-ganador-pintura-al-aire-libre-2024.jpg?fit=640%2C524&ssl=1","jetpack_likes_enabled":true,"jetpack_sharing_enabled":true,"_links":{"self":[{"href":"https:\/\/miradordeatarfe.es\/index.php?rest_route=\/wp\/v2\/posts\/69707","targetHints":{"allow":["GET"]}}],"collection":[{"href":"https:\/\/miradordeatarfe.es\/index.php?rest_route=\/wp\/v2\/posts"}],"about":[{"href":"https:\/\/miradordeatarfe.es\/index.php?rest_route=\/wp\/v2\/types\/post"}],"author":[{"embeddable":true,"href":"https:\/\/miradordeatarfe.es\/index.php?rest_route=\/wp\/v2\/users\/1"}],"replies":[{"embeddable":true,"href":"https:\/\/miradordeatarfe.es\/index.php?rest_route=%2Fwp%2Fv2%2Fcomments&post=69707"}],"version-history":[{"count":2,"href":"https:\/\/miradordeatarfe.es\/index.php?rest_route=\/wp\/v2\/posts\/69707\/revisions"}],"predecessor-version":[{"id":69819,"href":"https:\/\/miradordeatarfe.es\/index.php?rest_route=\/wp\/v2\/posts\/69707\/revisions\/69819"}],"wp:featuredmedia":[{"embeddable":true,"href":"https:\/\/miradordeatarfe.es\/index.php?rest_route=\/wp\/v2\/media\/69708"}],"wp:attachment":[{"href":"https:\/\/miradordeatarfe.es\/index.php?rest_route=%2Fwp%2Fv2%2Fmedia&parent=69707"}],"wp:term":[{"taxonomy":"category","embeddable":true,"href":"https:\/\/miradordeatarfe.es\/index.php?rest_route=%2Fwp%2Fv2%2Fcategories&post=69707"},{"taxonomy":"post_tag","embeddable":true,"href":"https:\/\/miradordeatarfe.es\/index.php?rest_route=%2Fwp%2Fv2%2Ftags&post=69707"}],"curies":[{"name":"wp","href":"https:\/\/api.w.org\/{rel}","templated":true}]}}