{"id":69732,"date":"2024-06-05T10:00:04","date_gmt":"2024-06-05T08:00:04","guid":{"rendered":"https:\/\/miradordeatarfe.es\/?p=69732"},"modified":"2024-06-03T11:45:13","modified_gmt":"2024-06-03T09:45:13","slug":"la-calle-mejora-la-salud-mental-de-los-ninos","status":"publish","type":"post","link":"https:\/\/miradordeatarfe.es\/?p=69732","title":{"rendered":"La calle mejora la salud mental de los ni\u00f1os"},"content":{"rendered":"<h3 class=\"a_t\" style=\"text-align: justify;\">\u201cTe falta calle\u201d: \u00bfy si el problema no es el exceso de pantallas, sino el escaso tiempo al aire libre? Distintos estudios cuestionan la idea de que los m\u00f3viles est\u00e9n minando la salud mental de los j\u00f3venes y ponen el foco en la falta de contacto social f\u00edsico.<\/h3>\n<p class=\"\" style=\"text-align: justify;\">Algo se empez\u00f3 a torcer a partir de 2010. Las tasas de depresi\u00f3n y ansiedad entre adolescentes <a href=\"https:\/\/elpais.com\/tecnologia\/2023-06-11\/la-epidemia-de-mala-salud-mental-que-crece-entre-las-adolescentes-las-redes-sociales-me-quitaron-calidad-de-vida.html#:~:text=Entre%202011%20y%202021%20se,muchachos%20sufr%C3%ADan%20de%20depresi%C3%B3n%20cl%C3%ADnica.\" data-link-track-dtm=\"\" data-mrf-link=\"https:\/\/elpais.com\/tecnologia\/2023-06-11\/la-epidemia-de-mala-salud-mental-que-crece-entre-las-adolescentes-las-redes-sociales-me-quitaron-calidad-de-vida.html\">se dispararon un 50%<\/a>. Las de suicidio<a href=\"https:\/\/elpais.com\/salud-y-bienestar\/2023-07-20\/las-adolescentes-igualan-a-los-chicos-en-tasa-de-suicidio.html\" data-link-track-dtm=\"\" data-mrf-link=\"https:\/\/elpais.com\/salud-y-bienestar\/2023-07-20\/las-adolescentes-igualan-a-los-chicos-en-tasa-de-suicidio.html\"> lo hicieron en un 32%<\/a>. Los miembros de la generaci\u00f3n Z \u2014nacidos a partir de 1996\u2014 empezaron a padecer ansiedad, depresi\u00f3n y otros trastornos mentales, alcanzando niveles m\u00e1s altos que cualquier otra generaci\u00f3n en la historia. Uno de cada 10 ni\u00f1os y j\u00f3venes \u2014o lo que es lo mismo, 293 millones en todo el mundo\u2014 empezaron a desarrollar un trastorno mental, seg\u00fan <a href=\"https:\/\/elpais.com\/salud-y-bienestar\/2024-02-01\/asi-influye-la-edad-en-la-salud-mental-los-ninos-son-mas-ansiosos-y-los-adolescentes-mas-depresivos.html\" data-link-track-dtm=\"\" data-mrf-link=\"https:\/\/elpais.com\/salud-y-bienestar\/2024-02-01\/asi-influye-la-edad-en-la-salud-mental-los-ninos-son-mas-ansiosos-y-los-adolescentes-mas-depresivos.html\">un estudio publicado en la revista<i> JAMA Psychiatry<\/i><\/a><i>.<\/i> Los datos son claros, los motivos no tanto.<\/p>\n<p class=\"\" style=\"text-align: justify;\">La d\u00e9cada de los diez fue aquella en la que los adolescentes de los pa\u00edses desarrollados cambiaron sus tel\u00e9fonos por <i>smartphones<\/i> y trasladaron gran parte de su vida social a internet. La coincidencia de ambos fen\u00f3menos hizo que muchos autores los relacionaran. Diversos estudios han refrendado esta idea, acusando a las redes sociales de empeorar la salud mental de la poblaci\u00f3n, fomentando un debate social y cierta desconfianza hacia la tecnolog\u00eda. El \u00faltimo autor en hacerlo ha sido Jonathan Haidt en su libro <a href=\"https:\/\/elpais.com\/ideas\/2024-04-28\/jonathan-haidt-psicologo-social-ninguna-tecnologica-quiere-perder-a-su-objetivo-mas-valioso-los-preadolescentes.html\" target=\"_blank\" rel=\"noopener\" data-link-track-dtm=\"\" data-mrf-link=\"https:\/\/elpais.com\/ideas\/2024-04-28\/jonathan-haidt-psicologo-social-ninguna-tecnologica-quiere-perder-a-su-objetivo-mas-valioso-los-preadolescentes.html\"><i>La generaci\u00f3n ansiosa<\/i><\/a><i> <\/i>(Editorial Deusto). Pero su \u00e9xito ha despertado a la vez un debate, <a href=\"https:\/\/elpais.com\/tecnologia\/2024-04-06\/los-adolescentes-son-una-generacion-ansiosa-llega-el-debate-definitivo-sobre-moviles-y-jovenes.html\" target=\"_blank\" rel=\"noopener\" data-link-track-dtm=\"\" data-mrf-link=\"https:\/\/elpais.com\/tecnologia\/2024-04-06\/los-adolescentes-son-una-generacion-ansiosa-llega-el-debate-definitivo-sobre-moviles-y-jovenes.html\">acad\u00e9mico y social<\/a>, de quienes ponen en tela de juicio una idea que se hab\u00eda convertido en mantra.<\/p>\n<p class=\"\" style=\"text-align: justify;\">Candice L. Odgers, profesora de psicolog\u00eda de la Universidad de California, public\u00f3 <a href=\"https:\/\/www.nature.com\/articles\/d41586-024-00902-2\" target=\"_blank\" rel=\"noopener\" data-link-track-dtm=\"\" data-mrf-link=\"https:\/\/www.nature.com\/articles\/d41586-024-00902-2\">una cr\u00edtica en <i>Nature<\/i><\/a> el pasado marzo, argumentando que culpar \u00fanicamente a los tel\u00e9fonos es una idea muy sugerente, pero que \u201cno est\u00e1 respaldada por la ciencia. Peor a\u00fan, (&#8230;) esta creciente histeria podr\u00eda distraernos y hacer que no abord\u00e1ramos las causas reales de la actual crisis de salud mental entre los j\u00f3venes\u201d, explicaba. <a href=\"https:\/\/www.sciencedirect.com\/science\/article\/pii\/S0747563223002108?via%3Dihub#sec2\" data-link-track-dtm=\"\" data-mrf-link=\"https:\/\/www.sciencedirect.com\/science\/article\/pii\/S0747563223002108?via%3Dihub#sec2\">Un estudio de la universidad Dragvoll de Noruega<\/a>, realizado en 800 menores de 10 a 16 a\u00f1os, se\u00f1alaba en la misma direcci\u00f3n. \u201cLa prevalencia de la ansiedad y la depresi\u00f3n ha aumentado. Tambi\u00e9n lo ha hecho el uso de las redes sociales. Por eso mucha gente cree que tiene que haber una correlaci\u00f3n. Pero este estudio indica que no es as\u00ed\u201d, afirmaba su autora principal, Silje Steinsbekk.<\/p>\n<p class=\"\" style=\"text-align: justify;\">Tambi\u00e9n hay <a href=\"https:\/\/elpais.com\/mamas-papas\/familia\/2022-05-27\/deficit-de-atencion-ansiedad-o-depresion-los-efectos-en-los-ninos-del-uso-inadecuado-de-dispositivos-electronicos.html\" target=\"_blank\" rel=\"noopener\" data-link-track-dtm=\"\" data-mrf-link=\"https:\/\/elpais.com\/mamas-papas\/familia\/2022-05-27\/deficit-de-atencion-ansiedad-o-depresion-los-efectos-en-los-ninos-del-uso-inadecuado-de-dispositivos-electronicos.html\">mucha literatura cient\u00edfica<\/a> que sugiere justo lo contrario. Las evidencias de un lado y de otro parecen multiplicarse, y solo hay un punto en el que toda la comunidad cient\u00edfica parece ponerse de acuerdo: la tecnolog\u00eda y las redes sociales tienen un efecto negativo cuando sustituyen al juego y las actividades al aire libre. No es el exceso de m\u00f3vil, es la falta de calle.<\/p>\n<p class=\"\" style=\"text-align: justify;\">Seg\u00fan<a href=\"https:\/\/www.savethechildren.org.uk\/news\/media-centre\/press-releases\/children-today-62-percent-less-likely-to-play-outside-than-their\" data-link-track-dtm=\"\" data-mrf-link=\"https:\/\/www.savethechildren.org.uk\/news\/media-centre\/press-releases\/children-today-62-percent-less-likely-to-play-outside-than-their\"> un estudio de OnePoll<\/a>, solo el 27% de los ni\u00f1os juegan regularmente en la calle. El dato es llamativo, pero cobra otra dimensi\u00f3n al compararlo con el de sus padres y sus abuelos. El 71% de los<i> babyboomers<\/i> (las personas nacidas entre 1946 y 1964) jugaban en la calle regularmente cuando ten\u00edan su edad. Adem\u00e1s, los adultos que aseguraron haber jugado en la calle en su infancia ten\u00edan una salud mental autopercibida considerablemente mejor, seg\u00fan el estudio. \u201cEn la actualidad hay una sensaci\u00f3n de peligro que, aunque no sea real, hace que los ni\u00f1os utilicen poco la calle. Hemos retirado a los ni\u00f1os de la ciudad para meterlos en las casas o en urbanizaciones cerradas\u201d, explica <a href=\"https:\/\/www.immamarin.com\/\" data-link-track-dtm=\"\" data-mrf-link=\"https:\/\/www.immamarin.com\/\">Inma Marin<\/a>, licenciada en magisterio y autora del libro <i>Jugar <\/i>(editorial Paidos). As\u00ed, los padres que en su momento jugaron al aire libre, proh\u00edben ahora a sus hijos hacerlo sin supervisi\u00f3n. Las cosas han cambiado, argumentan, y tienen raz\u00f3n.<\/p>\n<p class=\"\" style=\"text-align: justify;\">Las calles son mucho m\u00e1s seguras hoy en Espa\u00f1a que hace 30 a\u00f1os. Los asesinatos y homicidios han descendido un 30% (son cerca de 300 al a\u00f1o), la mortalidad vial se ha desplomado un 80% <a href=\"https:\/\/elpais.com\/espana\/2023-01-09\/1145-personas-murieron-en-las-carreteras-en-2022-un-4-mas-que-antes-de-la-pandemia.html\" target=\"_blank\" rel=\"noopener\" data-link-track-dtm=\"\" data-mrf-link=\"https:\/\/elpais.com\/espana\/2023-01-09\/1145-personas-murieron-en-las-carreteras-en-2022-un-4-mas-que-antes-de-la-pandemia.html\">(1145 fallecidos en 2023)<\/a> y los secuestros de menores permanecen como un fen\u00f3meno muy raro. En 2021, seg\u00fan la asociaci\u00f3n ANAR, especializada en estos casos, hubo 18 en toda Espa\u00f1a. El a\u00f1o anterior fueron ocho. Pero la percepci\u00f3n es diferente. Un <a href=\"https:\/\/elpais.com\/ideas\/2024-01-24\/confiar-en-uno-mismo-es-importante-confiar-en-los-demas-fundamental.html\" target=\"_blank\" rel=\"noopener\" data-link-track-dtm=\"\" data-mrf-link=\"https:\/\/elpais.com\/ideas\/2024-01-24\/confiar-en-uno-mismo-es-importante-confiar-en-los-demas-fundamental.html\">declive del capital social<\/a> \u2014el grado en que la gente conoce y conf\u00eda en sus vecinos e instituciones\u2014 ha exacerbado los temores de los padres. Las redes sociales virtuales han ido cogiendo fuerza a medida que las redes sociales reales, las que nos vinculaban con el barrio y la ciudad, la perd\u00edan. La calle se ha empezado a ver como un lugar peligroso y se ha vaciado de ni\u00f1os.<\/p>\n<p class=\"\" style=\"text-align: justify;\">Las nuevas urbanizaciones se construyeron con esta idea en mente, a\u00f1adiendo un espacio de juego acotado y cerrado. Empezaron a popularizarse las actividades extraescolares para proporcionar un ocio productivo y seguro a los ni\u00f1os. En la d\u00e9cada de 1990, los padres empezaron a meter a sus hijos en casa o en el polideportivo. Un informe del Ministerio de Cultura ya estableci\u00f3<a href=\"https:\/\/elpais.com\/mamas-papas\/actualidad\/2022-09-05\/recuerde-las-actividades-extraescolares-no-son-obligatorias.html\" data-link-track-dtm=\"\" data-mrf-link=\"https:\/\/elpais.com\/mamas-papas\/actualidad\/2022-09-05\/recuerde-las-actividades-extraescolares-no-son-obligatorias.html\"> en 2009 que el 90% de los alumnos de primaria (6-12 a\u00f1os) dedicaba sus tardes a actividades deportivas, idiomas, m\u00fasica o baile<\/a>.<\/p>\n<figure class=\"a_m a_m-h \" style=\"text-align: justify;\"><span class=\"_db a_m_w _pr lb_btn\"><img data-recalc-dims=\"1\" loading=\"lazy\" decoding=\"async\" class=\"_re lazyload a_m-h alignright\" src=\"https:\/\/i0.wp.com\/imagenes.elpais.com\/resizer\/v2\/3ICGO36SMBHSDC6V6RW5TRAKQM.jpg?resize=414%2C270&#038;ssl=1\" sizes=\"auto, (min-width:1199px) 1155px,(min-width:1001px) calc(100vw - 44px),(min-width:768px) 767px, 100vw\" srcset=\"https:\/\/imagenes.elpais.com\/resizer\/v2\/3ICGO36SMBHSDC6V6RW5TRAKQM.jpg?auth=8d5625d7f3e9d1fce3530276734af3e81d041e7c3054162c7c04070867722996&amp;width=414 414w,https:\/\/imagenes.elpais.com\/resizer\/v2\/3ICGO36SMBHSDC6V6RW5TRAKQM.jpg?auth=8d5625d7f3e9d1fce3530276734af3e81d041e7c3054162c7c04070867722996&amp;width=828 640w,https:\/\/imagenes.elpais.com\/resizer\/v2\/3ICGO36SMBHSDC6V6RW5TRAKQM.jpg?auth=8d5625d7f3e9d1fce3530276734af3e81d041e7c3054162c7c04070867722996&amp;width=980 1000w,https:\/\/imagenes.elpais.com\/resizer\/v2\/3ICGO36SMBHSDC6V6RW5TRAKQM.jpg?auth=8d5625d7f3e9d1fce3530276734af3e81d041e7c3054162c7c04070867722996&amp;width=1960 1960w\" alt=\"Un grupo de seis ni\u00f1os saltan a la comba en una foto de archivo de Chicago en los a\u00f1os sesenta\" width=\"414\" height=\"270\" \/><\/span><figcaption class=\"a_m_p\"><em>Un grupo de seis ni\u00f1os saltan a la comba en una foto de archivo de Chicago en los a\u00f1os sesenta<span class=\"a_m_m\">Robert Natkin (Getty Images)<\/span><\/em><\/figcaption><\/figure>\n<p class=\"\" style=\"text-align: justify;\">No fue un cambio positivo. \u201cLa privatizaci\u00f3n de los espacios no favorece tanto los v\u00ednculos y las relaciones\u201d, explica Mar\u00edn sobre esta nueva realidad. Las amistades son m\u00e1s homog\u00e9neas y la posibilidad de hacer nuevos amigos es mucho m\u00e1s limitada que en un espacio p\u00fablico. Las clases extraescolares pueden ser divertidas y positivas para el desarrollo del ni\u00f1o, pero en ning\u00fan caso son un sustituto del juego. \u201cEste tiene que ser libre. Puede haber reglas, los adultos podemos proponerlas, pero los ni\u00f1os deber\u00edan someterse libremente a ellas, el juego no puede ser una imposici\u00f3n\u201d, se\u00f1ala la experta.<\/p>\n<p class=\"\" style=\"text-align: justify;\">La sobreprotecci\u00f3n a la infancia hace que se perciba como una rareza ver a ni\u00f1os jugando solos en la calle, cuando no una imprudencia. En 2015, <a href=\"https:\/\/www.pewresearch.org\/social-trends\/2015\/12\/17\/3-parenting-approaches-and-concerns\/\" data-link-track-dtm=\"\" data-mrf-link=\"https:\/\/www.pewresearch.org\/social-trends\/2015\/12\/17\/3-parenting-approaches-and-concerns\/\">el Pew Research Center<\/a> de EE UU se\u00f1al\u00f3 que los padres, de media, cre\u00edan que los ni\u00f1os deb\u00edan tener al menos 10 a\u00f1os para jugar sin supervisi\u00f3n delante de su casa, y que no deber\u00edan hacerlo en un parque p\u00fablico hasta los 14 a\u00f1os. Es decir, hasta que ya no tienen edad de ir al parque.<\/p>\n<p class=\"\" style=\"text-align: justify;\">En todo este proceso, la tecnolog\u00eda ha jugado un papel relevante, convirti\u00e9ndose en el sustituto perfecto de unas calles cada vez m\u00e1s vac\u00edas. La televisi\u00f3n hace 30 a\u00f1os ofrec\u00eda un tiempo limitado de programaci\u00f3n infantil, pero eso fue cambiando con la TDT, el <i>streaming<\/i>, los v\u00eddeos y DVDs. Internet se hizo ubicuo y los videojuegos, cada vez m\u00e1s populares. La alternativa a las calles se hizo m\u00e1s atractiva, pues parec\u00eda m\u00e1s segura. Pero era una falsa percepci\u00f3n.<\/p>\n<p class=\"\" style=\"text-align: justify;\">\u201cSomos muy miedosos en la calle, pero no tanto en el espacio digital, que es donde los menores necesitan m\u00e1s acompa\u00f1amiento. Da la sensaci\u00f3n de que el ni\u00f1o est\u00e1 quieto delante de la pantalla y parece por ello que est\u00e1 controlando, pero tiene muchos m\u00e1s est\u00edmulos ah\u00ed que en el mundo real\u201d, opina <a href=\"https:\/\/educacion.ucm.es\/silvia-sanchez-serrano\" target=\"_blank\" rel=\"noopener\" data-link-track-dtm=\"\" data-mrf-link=\"https:\/\/educacion.ucm.es\/silvia-sanchez-serrano\">Silvia S\u00e1nchez Serrano<\/a>, profesora en la Universidad Complutense de Madrid en el departamento de estudios educativos y miembro del grupo de investigaci\u00f3n Cultura C\u00edvica.<\/p>\n<h3 class=\"\" style=\"text-align: justify;\">De la calle a experiencias virtuales<\/h3>\n<p class=\"\" style=\"text-align: justify;\">S\u00e1nchez no estigmatiza las pantallas, como tampoco lo hace Mar\u00edn. Ambas creen que los videojuegos son formas de juego <a href=\"https:\/\/elpais.com\/babelia\/2022-09-24\/la-gran-partida-del-siglo-xxi-los-videojuegos-se-convierten-en-la-obra-de-arte-total.html\" target=\"_blank\" rel=\"noopener\" data-link-track-dtm=\"\" data-mrf-link=\"https:\/\/elpais.com\/babelia\/2022-09-24\/la-gran-partida-del-siglo-xxi-los-videojuegos-se-convierten-en-la-obra-de-arte-total.html\">l\u00edcitas, enriquecedoras y divertidas<\/a>. Pero advierten del peligro que supone que estos sustituyan al juego f\u00edsico. \u201cHay que hacer cierta pedagog\u00eda digital\u201d, explica S\u00e1nchez. \u201cNo se les tiene que prohibir el uso de la pantalla, se les tiene que ofrecer alternativas, porque ese impulso del juego es innato, lo van a querer\u201d.<\/p>\n<p class=\"\" style=\"text-align: justify;\">Pero no es eso lo que ha venido pasando en los \u00faltimos a\u00f1os. \u201cYo crec\u00ed jugando en la calle y no en casa, a menos que el tiempo fuera realmente horrible\u201d, explica Jennifer, profesora de ingl\u00e9s de 50 a\u00f1os. \u201cPero mis chicos [tiene dos hijos, de 14 y 20] siempre est\u00e1n dentro a menos que tengan un partido o algo as\u00ed\u201d. Jennifer da clase a chavales de secundaria y sabe por eso que lo que pasa en su casa no es una excepci\u00f3n. \u201cCreo que todo el mundo puede ver esta tendencia con los ni\u00f1os. Nunca se aburren, nunca est\u00e1n fuera, a menos que sea en unas clases extraescolares. Se pasan el d\u00eda con las pantallas\u201d. Ella obligaba a sus hijos a pasar tiempo en el parque cuando eran m\u00e1s peque\u00f1os, pero al final, tambi\u00e9n a ella, le costaba un esfuerzo extra. Cuando sus hijos tuvieron 12 o 13 a\u00f1os claudic\u00f3.<\/p>\n<p class=\"\" style=\"text-align: justify;\">No es solo que los padres hayan limitado el acceso a la calle. Es que a sus hijos, por otro lado, cada vez les resulta m\u00e1s f\u00e1cil y atractivo pasar la tarde en casa, encerrados y solos en sus habitaciones. Con el tiempo, las empresas tecnol\u00f3gicas han conseguido acceso a los ni\u00f1os y adolescentes casi en todo momento. Han desarrollado emocionantes actividades virtuales, dise\u00f1adas para liberar dopamina en grandes cantidades y crear adicci\u00f3n.<\/p>\n<p class=\"\" style=\"text-align: justify;\">Las experiencias virtuales se han ido diferenciando cada vez m\u00e1s de las reales. Y esto ha tenido un impacto en los j\u00f3venes cerebros de los menores: \u201cLos a\u00f1os de infancia y adolescencia son aquellos en los que el cerebro est\u00e1 m\u00e1s pendiente de adquirir los conocimientos, sobre todo de tipo socioemocional. Esto implica el imitar lo que ven, el experimentar junto con los dem\u00e1s. Y eso significa presencia f\u00edsica\u201d, explica <a href=\"https:\/\/elpais.com\/mamas-papas\/expertos\/2023-04-10\/david-bueno-biologo-los-adolescentes-son-quienes-mas-estres-cronico-y-ansiedad-sufren-su-cerebro-esta-mas-agotado-que-el-de-ninos-y-adultos.html\" target=\"_blank\" rel=\"noopener\" data-link-track-dtm=\"\" data-mrf-link=\"https:\/\/elpais.com\/mamas-papas\/expertos\/2023-04-10\/david-bueno-biologo-los-adolescentes-son-quienes-mas-estres-cronico-y-ansiedad-sufren-su-cerebro-esta-mas-agotado-que-el-de-ninos-y-adultos.html\">David Bueno<\/a>, profesor de biolog\u00eda en la Universidad de Barcelona especializado en la gen\u00e9tica del desarrollo.<\/p>\n<p class=\"\" style=\"text-align: justify;\">Bueno explica que el cerebro del ni\u00f1o sufre ciertos cambios para convertirse en adulto. Que las conexiones que se crean en esta \u00e9poca determinan el tipo de persona que ser\u00e1. Y se\u00f1ala como una parte de estas conexiones vienen determinadas por la biolog\u00eda y la gen\u00e9tica, pero no todas: \u201cEl ambiente es lo que termina de favorecer unas conexiones u otras. Y este ambiente lo conforman las experiencias que tienen en su d\u00eda a d\u00eda. El sistema educativo. C\u00f3mo se relacionan con sus padres, entre ellos y con su entorno. Y esto es lo que conecta con la importancia de salir a la calle\u201d.<\/p>\n<figure class=\"a_m a_m-h \" style=\"text-align: justify;\"><span class=\"_db a_m_w _pr lb_btn\"><img data-recalc-dims=\"1\" loading=\"lazy\" decoding=\"async\" class=\"_re lazyload a_m-h alignleft\" src=\"https:\/\/i0.wp.com\/imagenes.elpais.com\/resizer\/v2\/SWOPPRDWQFDTVGTZ5OVBRJBIJ4.jpg?resize=414%2C276&#038;ssl=1\" sizes=\"auto, (min-width:1199px) 1155px,(min-width:1001px) calc(100vw - 44px),(min-width:768px) 767px, 100vw\" srcset=\"https:\/\/imagenes.elpais.com\/resizer\/v2\/SWOPPRDWQFDTVGTZ5OVBRJBIJ4.jpg?auth=7dd035132a922606e33aac70947f249a68b9598c1e74212628617bb259ccc3fb&amp;width=414 414w,https:\/\/imagenes.elpais.com\/resizer\/v2\/SWOPPRDWQFDTVGTZ5OVBRJBIJ4.jpg?auth=7dd035132a922606e33aac70947f249a68b9598c1e74212628617bb259ccc3fb&amp;width=828 640w,https:\/\/imagenes.elpais.com\/resizer\/v2\/SWOPPRDWQFDTVGTZ5OVBRJBIJ4.jpg?auth=7dd035132a922606e33aac70947f249a68b9598c1e74212628617bb259ccc3fb&amp;width=980 1000w,https:\/\/imagenes.elpais.com\/resizer\/v2\/SWOPPRDWQFDTVGTZ5OVBRJBIJ4.jpg?auth=7dd035132a922606e33aac70947f249a68b9598c1e74212628617bb259ccc3fb&amp;width=1960 1960w\" alt=\"Un grupo de adolescentes usando el m\u00f3vil\" width=\"414\" height=\"276\" \/><\/span><figcaption class=\"a_m_p\"><em>Un grupo de adolescentes usando el m\u00f3vil<\/em><span class=\"a_m_m\"><em>SANTI BURGOS<\/em> <\/span><\/figcaption><\/figure>\n<p class=\"\" style=\"text-align: justify;\">El juego es el trabajo de la infancia, y todos los mam\u00edferos j\u00f3venes trabajan a destajo: de esta forma conectan sus cerebros jugando, practicando los movimientos y habilidades que necesitar\u00e1n de adultos. Los gatos ara\u00f1an y trepan. Los perros persiguen la pelota como si fuera una presa. Los leones se pelean entre ellos. Esto no es muy diferente en los humanos. Los ni\u00f1os juegan para practicar sus habilidades f\u00edsicas, los adolescentes lo hacen mediante el deporte, aumentando la competitividad e introduciendo interacciones sociales: flirtean, son muy f\u00edsicos y desarrollan chistes internos que unen a los amigos. Muchos estudios demuestran c\u00f3mo los mam\u00edferos \u2014<a href=\"https:\/\/elpais.com\/salud-y-bienestar\/2023-07-29\/tienen-sentido-del-humor-los-animales-este-cientifico-lleva-anos-haciendo-cosquillas-a-las-ratas-para-comprobarlo.html\" target=\"_blank\" rel=\"noopener\" data-link-track-dtm=\"\" data-mrf-link=\"https:\/\/elpais.com\/salud-y-bienestar\/2023-07-29\/tienen-sentido-del-humor-los-animales-este-cientifico-lleva-anos-haciendo-cosquillas-a-las-ratas-para-comprobarlo.html\">desde los ratones<\/a> hasta los monos\u2014 se deprimen cuando se les priva del juego. Nada hace pensar que esto sea diferente en los humanos.<\/p>\n<p class=\"\" style=\"text-align: justify;\">Sustituir el juego f\u00edsico por un juego virtual, y quedar con los amigos en la calle por chatear con ellos e interactuar en redes sociales no parece la mejor de las opciones. Pero es exactamente lo que est\u00e1 sucediendo. Seg\u00fan un informe de <a href=\"https:\/\/www.api-play.org\/wp-content\/uploads\/sites\/4\/2019\/01\/API-Report-A-Movement-for-Movement-A4FINALWEB.pdf\" data-link-track-dtm=\"\" data-mrf-link=\"https:\/\/www.api-play.org\/wp-content\/uploads\/sites\/4\/2019\/01\/API-Report-A-Movement-for-Movement-A4FINALWEB.pdf\">API Report<\/a> en menos de una d\u00e9cada ha aumentado en un 50% el tiempo que los ni\u00f1os pasan frente a una pantalla, vinculando este fen\u00f3meno con la inactividad de los menores. Su autor, Aric Sigman, afirma en un editorial asociado que este informe \u201cconfirma lo que la mayor\u00eda de los padres ya saben: que el tiempo de pantalla (&#8230;) recreativo est\u00e1 ocupando horas de su d\u00eda, y ha sustituido al juego al aire libre\u201d. Este ser\u00eda el principal problema. Tal y como reflexiona Bueno, \u201cel juego f\u00edsico, el real, implica la activaci\u00f3n simult\u00e1nea de todos los sentidos, mientras que el mundo virtual solo se usan dos, la vista y el o\u00eddo. Adem\u00e1s, en las relaciones f\u00edsicas tratamos con personas reales que tienen virtudes y defectos. La pantalla solo nos muestra las virtudes de los dem\u00e1s\u201d.<\/p>\n<p class=\"\" style=\"text-align: justify;\">Crecer encerrado en casa y socializando menos en la calle puede tener sus consecuencias, advierten los expertos. Y estas se empiezan a reflejar en multitud de estudios. Las encuestas muestran que los miembros de la generaci\u00f3n Z son <a href=\"https:\/\/journals.sagepub.com\/doi\/abs\/10.1177\/09567976231163877\" data-link-track-dtm=\"\" data-mrf-link=\"https:\/\/journals.sagepub.com\/doi\/abs\/10.1177\/09567976231163877\">m\u00e1s t\u00edmidos<\/a> y tienen <a href=\"https:\/\/bookshop.org\/p\/books\/the-generations-jean-m-twenge\/18698850?ean=9781982181611\" data-link-track-dtm=\"\" data-mrf-link=\"https:\/\/bookshop.org\/p\/books\/the-generations-jean-m-twenge\/18698850?ean=9781982181611\">m\u00e1s aversi\u00f3n al riesgo<\/a> que las generaciones anteriores. Son un grupo serio, menos dado a trasnochar, <a href=\"https:\/\/elpais.com\/salud-y-bienestar\/2022-11-05\/el-inesperado-encanto-de-ser-abstemio-o-parecerlo-por-que-la-generacion-z-es-la-mas-sobria-de-la-historia.html\" target=\"_blank\" rel=\"noopener\" data-link-track-dtm=\"\" data-mrf-link=\"https:\/\/elpais.com\/salud-y-bienestar\/2022-11-05\/el-inesperado-encanto-de-ser-abstemio-o-parecerlo-por-que-la-generacion-z-es-la-mas-sobria-de-la-historia.html\">a las borracheras<\/a> y <a href=\"https:\/\/elpais.com\/sociedad\/2023-05-28\/por-que-cada-vez-tenemos-menos-sexo-entre-las-series-el-trabajo-pornhub-y-lo-que-me-cruzo-en-tinder-que-pereza.html\" target=\"_blank\" rel=\"noopener\" data-link-track-dtm=\"\" data-mrf-link=\"https:\/\/elpais.com\/sociedad\/2023-05-28\/por-que-cada-vez-tenemos-menos-sexo-entre-las-series-el-trabajo-pornhub-y-lo-que-me-cruzo-en-tinder-que-pereza.html\">a la promiscuidad<\/a> que sus mayores. Socializan menos en persona y son m\u00e1s propensos a sentirse solos. <a href=\"https:\/\/elpais.com\/proyecto-tendencias\/2024-05-29\/se-habla-demasiado-de-salud-mental.html\" target=\"_blank\" rel=\"noopener\" data-link-track-dtm=\"\" data-mrf-link=\"https:\/\/elpais.com\/proyecto-tendencias\/2024-05-29\/se-habla-demasiado-de-salud-mental.html\">Est\u00e1n m\u00e1s concienciados, pero tienen m\u00e1s problemas de salud mental<\/a>.<\/p>\n<p class=\"\" style=\"text-align: justify;\">Hay estudios que refrendan estas ideas, pero es arriesgado convertirlas en un mantra. Para cada generaci\u00f3n existe una narrativa sencilla y reduccionista. Para los miembros de esta, los <i>centennials<\/i>, la opini\u00f3n popular es que los tel\u00e9fonos inteligentes les han hecho desgraciados y fr\u00e1giles, que las redes sociales han exacerbado sus problemas de autoestima. Pero distintos estudios empiezan a poner en tela de juicio estas ideas. O a matizarlas. Es f\u00e1cil y tentador echar la culpa a un factor externo y malvado. Demonizar a <a href=\"https:\/\/elpais.com\/gente\/2024-05-14\/mark-zuckerberg-cumple-los-40-tratando-de-deshacerse-de-todas-sus-etiquetas.html\" target=\"_blank\" rel=\"noopener\" data-link-track-dtm=\"\" data-mrf-link=\"https:\/\/elpais.com\/gente\/2024-05-14\/mark-zuckerberg-cumple-los-40-tratando-de-deshacerse-de-todas-sus-etiquetas.html\">Mark Zuckerberg<\/a>, a Silicon Valley o a los excesos del capitalismo tecnol\u00f3gico y convertirlos en \u00fanicos responsables de la pandemia de ansiedad y depresi\u00f3n que afecta a los m\u00e1s j\u00f3venes. Pero puede que esto sea solo parte de un problema m\u00e1s complejo que empieza en casa. Y se soluciona en la calle.<\/p>\n<p style=\"text-align: justify;\"><a class=\"a_md_a_n\" title=\"Ver todas las noticias de Enrique Alpa\u00f1\u00e9s\" href=\"https:\/\/elpais.com\/autor\/enrique-alpanes-buesa\/#?rel=author_top\" data-mrf-link=\"https:\/\/elpais.com\/autor\/enrique-alpanes-buesa\/\"><strong>Enrique Alpa\u00f1\u00e9s<\/strong><\/a><\/p>\n<p style=\"text-align: justify;\">FOTO: Ni\u00f1os juegan a las chapas en Legan\u00e9s (Madrid), en 1978.<span class=\"a_m_m\">Bernardo P\u00e9rez<\/span><\/p>\n<p style=\"text-align: justify;\">https:\/\/elpais.com\/salud-y-bienestar\/2024-06-02\/te-falta-calle-y-si-el-problema-no-es-el-exceso-de-pantallas-sino-el-escaso-tiempo-al-aire-libre.html<\/p>\n<div class=\"a_md _g _g-xs \" style=\"text-align: justify;\">\n<figure class=\"a_md_i a_m-h c_m--nf\"><span class=\"a_m_w _db\">\u00a0<\/span><\/figure>\n<div class=\"a_md_txt\">\n<div class=\"a_md_a\" data-dtm-region=\"articulo_firma\">\u00a0<\/div>\n<\/div>\n<\/div>\n<div class=\"a_e_m\">\n<figure class=\"a_m a_m-h \" style=\"text-align: justify;\"><span class=\"a_m_w _db\">\u00a0<\/span><\/figure>\n<\/div>\n","protected":false},"excerpt":{"rendered":"<p>\u201cTe falta calle\u201d: \u00bfy si el problema no es el exceso de pantallas, sino el&#8230;<\/p>\n","protected":false},"author":1,"featured_media":69733,"comment_status":"closed","ping_status":"closed","sticky":false,"template":"","format":"standard","meta":{"_coblocks_attr":"","_coblocks_dimensions":"","_coblocks_responsive_height":"","_coblocks_accordion_ie_support":"","jetpack_post_was_ever_published":false,"_jetpack_newsletter_access":"","_jetpack_dont_email_post_to_subs":false,"_jetpack_newsletter_tier_id":0,"_jetpack_memberships_contains_paywalled_content":false,"_jetpack_memberships_contains_paid_content":false,"footnotes":"","jetpack_publicize_message":"","jetpack_publicize_feature_enabled":true,"jetpack_social_post_already_shared":true,"jetpack_social_options":{"image_generator_settings":{"template":"highway","default_image_id":0,"enabled":false},"version":2}},"categories":[187,1161,44,6920],"tags":[],"class_list":["post-69732","post","type-post","status-publish","format-standard","has-post-thumbnail","hentry","category-centros-educativos","category-ciudadania","category-noticias-de-hoy","category-tecnologia"],"jetpack_publicize_connections":[],"jetpack_featured_media_url":"https:\/\/i0.wp.com\/miradordeatarfe.es\/wp-content\/uploads\/2024\/06\/Screenshot-2024-06-03-at-11-41-32-Te-falta-calle-%C2%BFy-si-el-problema-no-es-el-exceso-de-pantallas-sino-el-escaso-tiempo-al-aire-libre.png?fit=566%2C501&ssl=1","jetpack_likes_enabled":true,"jetpack_sharing_enabled":true,"_links":{"self":[{"href":"https:\/\/miradordeatarfe.es\/index.php?rest_route=\/wp\/v2\/posts\/69732","targetHints":{"allow":["GET"]}}],"collection":[{"href":"https:\/\/miradordeatarfe.es\/index.php?rest_route=\/wp\/v2\/posts"}],"about":[{"href":"https:\/\/miradordeatarfe.es\/index.php?rest_route=\/wp\/v2\/types\/post"}],"author":[{"embeddable":true,"href":"https:\/\/miradordeatarfe.es\/index.php?rest_route=\/wp\/v2\/users\/1"}],"replies":[{"embeddable":true,"href":"https:\/\/miradordeatarfe.es\/index.php?rest_route=%2Fwp%2Fv2%2Fcomments&post=69732"}],"version-history":[{"count":1,"href":"https:\/\/miradordeatarfe.es\/index.php?rest_route=\/wp\/v2\/posts\/69732\/revisions"}],"predecessor-version":[{"id":69734,"href":"https:\/\/miradordeatarfe.es\/index.php?rest_route=\/wp\/v2\/posts\/69732\/revisions\/69734"}],"wp:featuredmedia":[{"embeddable":true,"href":"https:\/\/miradordeatarfe.es\/index.php?rest_route=\/wp\/v2\/media\/69733"}],"wp:attachment":[{"href":"https:\/\/miradordeatarfe.es\/index.php?rest_route=%2Fwp%2Fv2%2Fmedia&parent=69732"}],"wp:term":[{"taxonomy":"category","embeddable":true,"href":"https:\/\/miradordeatarfe.es\/index.php?rest_route=%2Fwp%2Fv2%2Fcategories&post=69732"},{"taxonomy":"post_tag","embeddable":true,"href":"https:\/\/miradordeatarfe.es\/index.php?rest_route=%2Fwp%2Fv2%2Ftags&post=69732"}],"curies":[{"name":"wp","href":"https:\/\/api.w.org\/{rel}","templated":true}]}}