{"id":6974,"date":"2016-03-01T09:03:42","date_gmt":"2016-03-01T08:03:42","guid":{"rendered":"http:\/\/miradordeatarfe.es\/?p=6974"},"modified":"2019-12-28T13:03:38","modified_gmt":"2019-12-28T12:03:38","slug":"algunos-bares-de-atarfe-por-jose-enriquer-granados","status":"publish","type":"post","link":"https:\/\/miradordeatarfe.es\/?p=6974","title":{"rendered":"\u00abALGUNOS BARES DE ATARFE\u00bb por Jos\u00e9 Enrique Granados"},"content":{"rendered":"<p>EL CAFET\u00cdN , EL BAR PE\u00d1A Y EL BAR CHICOTE EN GACETILLA Y CURIOSIDADES ELVIRENSES<\/p>\n<p><!--more--><\/p>\n<p>Y si el otro d\u00eda alud\u00edamos a Eduardo Ortiz en su paseo por Atarfe, este mismo autor dice lo siguiente de este edificio:<br \/>\nLa casa del Cafet\u00edn, todav\u00eda en la Plaza del Ayuntamiento, tiene torre\u00f3n de orden cuasi palladiano, con columnillas reviradas y un balc\u00f3n vuelto en la esquina. Todo ello ricamente moldurado con alg\u00fan aditamento de Sierra Elvira que lo dignifica. Y con m\u00faltiples agresiones de las monopol\u00edsticas suministradoras y retro-tecnolog\u00edas de pago: telef\u00f3nica, chispas,<span class=\"text_exposed_show\"> alarmas&#8230; y esperen ustedes el gas, que viene retomando los usos de hace \u201csu\u201d par de siglos.<\/span><\/p>\n<p><a href=\"https:\/\/i0.wp.com\/miradordeatarfe.es\/wp-content\/uploads\/2016\/02\/12119022_896952220390794_7084343571961911332_n.jpg?ssl=1\" rel=\"attachment wp-att-6978\"><img data-recalc-dims=\"1\" loading=\"lazy\" decoding=\"async\" class=\"alignnone size-full wp-image-6978\" src=\"https:\/\/i0.wp.com\/miradordeatarfe.es\/wp-content\/uploads\/2016\/02\/12119022_896952220390794_7084343571961911332_n.jpg?resize=317%2C395&#038;ssl=1\" alt=\"12119022_896952220390794_7084343571961911332_n\" width=\"317\" height=\"395\" srcset=\"https:\/\/i0.wp.com\/miradordeatarfe.es\/wp-content\/uploads\/2016\/02\/12119022_896952220390794_7084343571961911332_n.jpg?w=317&amp;ssl=1 317w, https:\/\/i0.wp.com\/miradordeatarfe.es\/wp-content\/uploads\/2016\/02\/12119022_896952220390794_7084343571961911332_n.jpg?resize=241%2C300&amp;ssl=1 241w\" sizes=\"auto, (max-width: 317px) 100vw, 317px\" \/><\/a><\/p>\n<div class=\"text_exposed_show\">\n<p>La pintura es obra de Paquita Cort\u00e9s, una de mis vecinas de la calle Real y madre de mis \u201cCalleja\u201d.<\/p>\n<p><strong>\u00a0<\/strong><\/p>\n<\/div>\n<div class=\"text_exposed_show\">\n<p><strong>Curiosidades elvirenses.<\/strong><\/p>\n<p>Quiero felicitar a la direcci\u00f3n del Bar Pe\u00f1a, por el detalle de gran gusto que ha tenido recientemente, al instalar una placa de piedra de Sierra Elvira, con el nombre del local y la fecha de la inauguraci\u00f3n del mismo, en la fachada del establecimiento.<\/p>\n<p>Particularmente creo que estos gestos son de agradecer por muchos motivos pero sobre todo por aportar datos sobre nuestra historia, para que quede como legado para generaciones venideras, por engrandecernos como sociedad. Es a<span class=\"text_exposed_show\">lgo nimio pero muy significativo.<\/span><\/p>\n<div class=\"text_exposed_show\">\n<p>Buscando m\u00e1s informaci\u00f3n al respecto he podido recuperar la publicidad efectuada por dicho bar en uno de los programas de fiestas de los a\u00f1os cuarenta, cuando su propietario era Pepe el del Pe\u00f1a.<\/p>\n<p><a href=\"https:\/\/i0.wp.com\/miradordeatarfe.es\/wp-content\/uploads\/2016\/02\/12733465_961340707285278_1584551727604301724_n.jpg?ssl=1\" rel=\"attachment wp-att-6977\"><img data-recalc-dims=\"1\" loading=\"lazy\" decoding=\"async\" class=\"alignnone size-full wp-image-6977\" src=\"https:\/\/i0.wp.com\/miradordeatarfe.es\/wp-content\/uploads\/2016\/02\/12733465_961340707285278_1584551727604301724_n.jpg?resize=478%2C315&#038;ssl=1\" alt=\"12733465_961340707285278_1584551727604301724_n\" width=\"478\" height=\"315\" srcset=\"https:\/\/i0.wp.com\/miradordeatarfe.es\/wp-content\/uploads\/2016\/02\/12733465_961340707285278_1584551727604301724_n.jpg?w=478&amp;ssl=1 478w, https:\/\/i0.wp.com\/miradordeatarfe.es\/wp-content\/uploads\/2016\/02\/12733465_961340707285278_1584551727604301724_n.jpg?resize=300%2C198&amp;ssl=1 300w\" sizes=\"auto, (max-width: 478px) 100vw, 478px\" \/><\/a><\/p>\n<p>Me he permitido la licencia de componer un montaje con una fotograf\u00eda reciente y dicha publicidad.+<\/p>\n<p><strong>Curiosidades elvirenses<\/strong><\/p>\n<\/div>\n<div id=\"js_3g\" class=\"_5pbx userContent\" data-ft=\"{&quot;tn&quot;:&quot;K&quot;}\">\n<p>Ahora que se encuentra cerrado para unas pertinentes reformas, traemos a las p\u00e1ginas de la Gacetilla una fotograf\u00eda que tiene casi 50 a\u00f1os. En ella podemos contemplar el interior y la plantilla de profesionales que trabajaban en el Bar Gran Chicote Bar, el Chicote, as\u00ed como a algunos clientes. La fotograf\u00eda, cortes\u00eda de Alberto Castillo, al que podemos ver en la misma junto a su hermano Juan de Dios, est\u00e1 fechada en julio de 1966.<\/p>\n<p>Excepto la barra que por aquellos a\u00f1os era de madera, el mobiliario que contemplamos as\u00ed como los azulejos de la pared y el frontal acristalado de la cocina, han permanecido desde entonces hasta nuestros d\u00edas.<\/p>\n<div class=\"_5wpt\"><\/div>\n<\/div>\n<div class=\"_3x-2\">\n<div data-ft=\"{&quot;tn&quot;:&quot;H&quot;}\">\n<div class=\"mtm\">\n<div class=\"_5cq3\" data-ft=\"{&quot;tn&quot;:&quot;E&quot;}\">\n<div id=\"u_1a_l\" class=\"uiScaledImageContainer _4-ep\"><img loading=\"lazy\" decoding=\"async\" class=\"scaledImageFitWidth img\" src=\"https:\/\/scontent-mad1-1.xx.fbcdn.net\/hphotos-xtl1\/v\/t1.0-0\/s480x480\/12717806_961290357290313_9121910385093338561_n.jpg?oh=20608fa92d8433f39da218a73a0a52fc&amp;oe=5761E764\" alt=\"Foto de Gacetilla y curiosidades elvirenses.\" width=\"470\" height=\"337\" \/><\/div>\n<div class=\"uiScaledImageContainer _4-ep\"><strong>Curiosidades elvirenses<\/strong>. <a href=\"https:\/\/www.facebook.com\/Gacetilla-y-curiosidades-elvirenses-732817910137560\/?fref=ts\">https:\/\/www.facebook.com\/Gacetilla-y-curiosidades-elvirenses-732817910137560\/?fref=ts<\/a><\/div>\n<\/div>\n<\/div>\n<\/div>\n<\/div>\n<\/div>\n","protected":false},"excerpt":{"rendered":"<p>EL CAFET\u00cdN , EL BAR PE\u00d1A Y EL BAR CHICOTE EN GACETILLA Y CURIOSIDADES ELVIRENSES<\/p>\n","protected":false},"author":1,"featured_media":6985,"comment_status":"closed","ping_status":"closed","sticky":false,"template":"","format":"standard","meta":{"_coblocks_attr":"","_coblocks_dimensions":"","_coblocks_responsive_height":"","_coblocks_accordion_ie_support":"","jetpack_post_was_ever_published":false,"_jetpack_newsletter_access":"","_jetpack_dont_email_post_to_subs":false,"_jetpack_newsletter_tier_id":0,"_jetpack_memberships_contains_paywalled_content":false,"_jetpack_memberships_contains_paid_content":false,"footnotes":"","jetpack_publicize_message":"","jetpack_publicize_feature_enabled":true,"jetpack_social_post_already_shared":false,"jetpack_social_options":{"image_generator_settings":{"template":"highway","default_image_id":0,"enabled":false},"version":2}},"categories":[2,1225,38,44,15],"tags":[2239,2238],"class_list":["post-6974","post","type-post","status-publish","format-standard","has-post-thumbnail","hentry","category-atarfe","category-ha-de-atarfe","category-opinion-de-jose-enrique-granados","category-noticias-de-hoy","category-ultimas-noticias","tag-bar-chicote","tag-bar-pena"],"jetpack_publicize_connections":[],"jetpack_featured_media_url":"https:\/\/i0.wp.com\/miradordeatarfe.es\/wp-content\/uploads\/2016\/03\/meat-569073_1280.jpg?fit=750%2C500&ssl=1","jetpack_likes_enabled":true,"jetpack_sharing_enabled":true,"_links":{"self":[{"href":"https:\/\/miradordeatarfe.es\/index.php?rest_route=\/wp\/v2\/posts\/6974","targetHints":{"allow":["GET"]}}],"collection":[{"href":"https:\/\/miradordeatarfe.es\/index.php?rest_route=\/wp\/v2\/posts"}],"about":[{"href":"https:\/\/miradordeatarfe.es\/index.php?rest_route=\/wp\/v2\/types\/post"}],"author":[{"embeddable":true,"href":"https:\/\/miradordeatarfe.es\/index.php?rest_route=\/wp\/v2\/users\/1"}],"replies":[{"embeddable":true,"href":"https:\/\/miradordeatarfe.es\/index.php?rest_route=%2Fwp%2Fv2%2Fcomments&post=6974"}],"version-history":[{"count":6,"href":"https:\/\/miradordeatarfe.es\/index.php?rest_route=\/wp\/v2\/posts\/6974\/revisions"}],"predecessor-version":[{"id":36491,"href":"https:\/\/miradordeatarfe.es\/index.php?rest_route=\/wp\/v2\/posts\/6974\/revisions\/36491"}],"wp:featuredmedia":[{"embeddable":true,"href":"https:\/\/miradordeatarfe.es\/index.php?rest_route=\/wp\/v2\/media\/6985"}],"wp:attachment":[{"href":"https:\/\/miradordeatarfe.es\/index.php?rest_route=%2Fwp%2Fv2%2Fmedia&parent=6974"}],"wp:term":[{"taxonomy":"category","embeddable":true,"href":"https:\/\/miradordeatarfe.es\/index.php?rest_route=%2Fwp%2Fv2%2Fcategories&post=6974"},{"taxonomy":"post_tag","embeddable":true,"href":"https:\/\/miradordeatarfe.es\/index.php?rest_route=%2Fwp%2Fv2%2Ftags&post=6974"}],"curies":[{"name":"wp","href":"https:\/\/api.w.org\/{rel}","templated":true}]}}