{"id":69764,"date":"2024-06-13T11:00:16","date_gmt":"2024-06-13T09:00:16","guid":{"rendered":"https:\/\/miradordeatarfe.es\/?p=69764"},"modified":"2024-06-10T09:41:16","modified_gmt":"2024-06-10T07:41:16","slug":"atarfe-pilar-en-la-plaza-de-la-iglesia","status":"publish","type":"post","link":"https:\/\/miradordeatarfe.es\/?p=69764","title":{"rendered":"ATARFE: Pilar en la plaza de la Iglesia"},"content":{"rendered":"<h3 style=\"text-align: justify;\">Localizaci\u00f3n:\u00a0 Plaza de la iglesia<\/h3>\n<p style=\"text-align: justify;\">Se trata de un pilar con dos figuras de bronce, las cuales representan una mujer con dos c\u00e1ntaros de agua y un ni\u00f1o bebiendo del grifo.<\/p>\n<h3 style=\"text-align: justify;\">Rese\u00f1a Hist\u00f3rica<\/h3>\n<p style=\"text-align: justify;\">Dos pilares se instalaron, a principios del siglo XX, para abastecer de agua a la poblaci\u00f3n en las dos plazas principales de nuestro pueblo: plaza del Ayuntamiento y plaza de la Iglesia. Este segundo estaba situado inicialmente frente al Casino de Labradores, el cual fue trasladado a la plaza de San Miguel (donde hab\u00eda un gran \u00e1lamo que casi alcanzaba la altura de la Iglesia) y en la d\u00e9cada de los ochenta del siglo pasado se destruy\u00f3. Recientemente se ha instalado una copia del mismo en la plaza de la Iglesia, siendo obra de Miguel Barranco, aunque en el nuevo aparecen dos figuras.<\/p>\n<p style=\"text-align: justify;\">Los pilares se costearon con fondos de los vecinos siendo alcalde Francisco Gim\u00e9nez Abril.<\/p>\n<p style=\"text-align: justify;\"><strong>Bibliograf\u00eda y documentaci\u00f3n<\/strong><\/p>\n<p style=\"text-align: justify;\">&#8211; GRANADOS TORRES, Jos\u00e9 Enrique (coord.). Atarfe en papel. Ayuntamiento de Atarfe y Corporaci\u00f3n de Medios de Andaluc\u00eda (IDEAL). 2007<\/p>\n<h3>PUBLICADO EN EL LIBRO \u00bb ATARFE PATRIMONIO CULTURAL Y NATURAL\u00bb (2015) FRANCISCA L\u00d3PEZ, I\u00d1AKI NIEVA Y MANUEL GUERRERO<\/h3>\n","protected":false},"excerpt":{"rendered":"<p>Localizaci\u00f3n:\u00a0 Plaza de la iglesia Se trata de un pilar con dos figuras de bronce,&#8230;<\/p>\n","protected":false},"author":1,"featured_media":69765,"comment_status":"closed","ping_status":"closed","sticky":false,"template":"","format":"standard","meta":{"_coblocks_attr":"","_coblocks_dimensions":"","_coblocks_responsive_height":"","_coblocks_accordion_ie_support":"","jetpack_post_was_ever_published":false,"_jetpack_newsletter_access":"","_jetpack_dont_email_post_to_subs":false,"_jetpack_newsletter_tier_id":0,"_jetpack_memberships_contains_paywalled_content":false,"_jetpack_memberships_contains_paid_content":false,"footnotes":"","jetpack_publicize_message":"","jetpack_publicize_feature_enabled":true,"jetpack_social_post_already_shared":true,"jetpack_social_options":{"image_generator_settings":{"template":"highway","default_image_id":0,"enabled":false},"version":2}},"categories":[2,1225,186,44],"tags":[],"class_list":["post-69764","post","type-post","status-publish","format-standard","has-post-thumbnail","hentry","category-atarfe","category-ha-de-atarfe","category-instituciones","category-noticias-de-hoy"],"jetpack_publicize_connections":[],"jetpack_featured_media_url":"https:\/\/i0.wp.com\/miradordeatarfe.es\/wp-content\/uploads\/2024\/06\/MONUMENTO-PLAZA-DE-LA-IGLESIA.png?fit=297%2C345&ssl=1","jetpack_likes_enabled":true,"jetpack_sharing_enabled":true,"_links":{"self":[{"href":"https:\/\/miradordeatarfe.es\/index.php?rest_route=\/wp\/v2\/posts\/69764","targetHints":{"allow":["GET"]}}],"collection":[{"href":"https:\/\/miradordeatarfe.es\/index.php?rest_route=\/wp\/v2\/posts"}],"about":[{"href":"https:\/\/miradordeatarfe.es\/index.php?rest_route=\/wp\/v2\/types\/post"}],"author":[{"embeddable":true,"href":"https:\/\/miradordeatarfe.es\/index.php?rest_route=\/wp\/v2\/users\/1"}],"replies":[{"embeddable":true,"href":"https:\/\/miradordeatarfe.es\/index.php?rest_route=%2Fwp%2Fv2%2Fcomments&post=69764"}],"version-history":[{"count":2,"href":"https:\/\/miradordeatarfe.es\/index.php?rest_route=\/wp\/v2\/posts\/69764\/revisions"}],"predecessor-version":[{"id":69768,"href":"https:\/\/miradordeatarfe.es\/index.php?rest_route=\/wp\/v2\/posts\/69764\/revisions\/69768"}],"wp:featuredmedia":[{"embeddable":true,"href":"https:\/\/miradordeatarfe.es\/index.php?rest_route=\/wp\/v2\/media\/69765"}],"wp:attachment":[{"href":"https:\/\/miradordeatarfe.es\/index.php?rest_route=%2Fwp%2Fv2%2Fmedia&parent=69764"}],"wp:term":[{"taxonomy":"category","embeddable":true,"href":"https:\/\/miradordeatarfe.es\/index.php?rest_route=%2Fwp%2Fv2%2Fcategories&post=69764"},{"taxonomy":"post_tag","embeddable":true,"href":"https:\/\/miradordeatarfe.es\/index.php?rest_route=%2Fwp%2Fv2%2Ftags&post=69764"}],"curies":[{"name":"wp","href":"https:\/\/api.w.org\/{rel}","templated":true}]}}