{"id":69773,"date":"2024-06-08T10:14:58","date_gmt":"2024-06-08T08:14:58","guid":{"rendered":"https:\/\/miradordeatarfe.es\/?p=69773"},"modified":"2024-06-08T10:35:50","modified_gmt":"2024-06-08T08:35:50","slug":"patrimonio-de-atarfe-san-antonio-de-padua-2","status":"publish","type":"post","link":"https:\/\/miradordeatarfe.es\/?p=69773","title":{"rendered":"PATRIMONIO DE ATARFE: SAN ANTONIO DE PADUA."},"content":{"rendered":"<h3 align=\"JUSTIFY\"><span style=\"color: #000000; font-size: 14pt;\"><span style=\"font-family: Times New Roman, serif;\">Ubicado en la nave central, arco toral en el lado del evangelio se encuentra una escultura de talla completa que representa a San Antonio de Padua.<\/span><\/span><\/h3>\n<p align=\"JUSTIFY\"><span style=\"font-size: 14pt;\"><span style=\"color: #000000;\"><span style=\"font-family: Times New Roman, serif;\">Como las anteriores es de autor desconocido y pertenece a la escuela granadina del Baroco. Su realizaci\u00f3n es en el siglo XVIII y el material utilizado es madera tallada estuco y policrom\u00eda.<\/span><\/span><span style=\"color: #000000;\"><span style=\"font-family: Times New Roman, serif;\">La pieza mide 1,65 m por 0,53m por 0,37 m, representando la imagen al santo, de pie, vestido con el h\u00e1bito mar\u00f3n franciscano que recoge en la cintura con un cord\u00f3n. En sus manos sobre un pa\u00f1o blanco, sostiene al Ni\u00f1o Jes\u00fas desnudo.<\/span><\/span><\/span><\/p>\n<p align=\"JUSTIFY\"><span style=\"font-size: 14pt;\"><span style=\"color: #000000;\"><span style=\"font-family: Times New Roman, serif;\">Esta pieza aparece inventariada en el libro de inventario del Archivo Parroquial del a\u00f1o 1799, y aunque su conservaci\u00f3n es buena, tiene p\u00e9rdida del conjunto pict\u00f3rico en un 3% de su superficie.<\/span><\/span><span style=\"color: #000000;\"><span style=\"font-family: Times New Roman, serif;\">Tanto la talla del Santo como la del ni\u00f1o Jes\u00fas tienen una gran calidad est\u00e9tica.<\/span><\/span><\/span><\/p>\n<h1 class=\"western\" align=\"LEFT\"><span style=\"font-size: 14pt;\"><u>FISONOM\u00cdA<\/u><\/span><\/h1>\n<p align=\"JUSTIFY\"><span style=\"color: #000000; font-size: 14pt;\"><span style=\"font-family: Times New Roman, serif;\">Nacido en 1195 en Lisboa de familia guerrera con ascendientes cruzados, fue bautizado con el nombre de Femando de Bullo\u00eas y Taveira de Azevedo. Entr\u00f3 primero en la colegiata de los can\u00f3nigos regulares de San Agust\u00edn en Lisboa; luego, despu\u00e9s de dos a\u00f1os, pemaneci\u00f3 entre los Agustinos de Coimbra por un per\u00edodo de nueve a\u00f1os. Impresionado por la vista de los cuerpos de los cinco protom\u00e1rtires franciscanos llegados de una misi\u00f3n entre los moros de Marruecos, sinti\u00f3 gran deseo de sufrir el martirio. Por ello entr\u00f3 en el convento franciscano de San Antonio de Coimbra, asumiendo el nombre del patrono y santo abad.<\/span><\/span><\/p>\n<p align=\"JUSTIFY\"><span style=\"font-size: 14pt;\"><span style=\"color: #000000;\"><span style=\"font-family: Times New Roman, serif;\">Se embarc\u00f3 algunas semanas m\u00e1s tarde para \u00c1ti\u00e5ea, pero hubo de volver a causa de una enfermedad, anclando, tras un viaje azaroso, en Sicilia. Admitido en la provincia franciscana de Romagna, recibi\u00f3 la ordenaci\u00f3n presbiteral y sus superiores descubrieron en \u00e9l grandes dotes de <\/span><\/span><span style=\"color: #000000; font-family: times new roman, times, serif;\">predicadorv Predic\u00f3 en Italia, Bolonia, Francia y en Padua durante la cuaresma del a\u00f1o 1231. <\/span><\/span><span style=\"color: #000000; font-family: times new roman, times, serif; font-size: 14pt;\">Fue el primero que ense\u00f1\u00f3 teolog\u00eda entre los franciscanos en Bolonia. El mismo san Francisco le nombr\u00f3 lector de teolog\u00eda.<\/span><\/p>\n<p align=\"LEFT\"><span style=\"color: #000000; font-family: times new roman, times, serif; font-size: 14pt;\">En sus discursos revela Antonio un esp\u00edritu aut\u00e9nticamente franciscano, es decir, de fidelidad al evangelio. Sus predicaciones suscitaban profundos movimientos de conversi\u00f3n. <\/span><span style=\"color: #000000; font-family: times new roman, times, serif; font-size: 14pt;\">La piedad popular le dio a Antonio el titulo de protector y amigo de los oprimidos.<\/span><\/p>\n<p align=\"JUSTIFY\"><span style=\"color: #000000; font-family: times new roman, times, serif; font-size: 14pt;\">La iconogafia lo representa de tres formas: con un libro, haciendo referencia a su conocimiento de la Escritura; con una llama y el coraz\u00f3n que son los s\u00edmbolos de su ardor al predicar; y como est\u00e1 en nuestra parroquia, llevando en brazos a Jes\u00fas Ni\u00f1o para recordar la divina visita acaecida en uno de sus frecuentes \u00e9xtasis.<\/span><\/p>\n<p align=\"JUSTIFY\"><span style=\"color: #000000; font-family: times new roman, times, serif; font-size: 14pt;\">La vida de este santo nos invita a imitar su fidelidad evang\u00e9lica y su celo en el di\u00e1logo con los descarriados que el desarroll\u00f3 a lo largo de su breve vida. <\/span><span style=\"color: #000000; font-family: times new roman, times, serif; font-size: 14pt;\">Muere el 13 de Junio de 1231 en Padua a la temprana edad de 36 a\u00f1os, y fue canonizado en Pentecost\u00e9s del a\u00f1os siguiente por Gregorio IX.<\/span><\/p>\n<p align=\"JUSTIFY\"><span style=\"color: #000000; font-family: times new roman, times, serif; font-size: 14pt;\">La iglesia celebra su festividad el 13 de Junio.<\/span><\/p>\n<h3>Comision de Liturgia de la Parroquia<\/h3>\n","protected":false},"excerpt":{"rendered":"<p>Ubicado en la nave central, arco toral en el lado del evangelio se encuentra una&#8230;<\/p>\n","protected":false},"author":1,"featured_media":69774,"comment_status":"closed","ping_status":"closed","sticky":false,"template":"","format":"standard","meta":{"_coblocks_attr":"","_coblocks_dimensions":"","_coblocks_responsive_height":"","_coblocks_accordion_ie_support":"","jetpack_post_was_ever_published":false,"_jetpack_newsletter_access":"","_jetpack_dont_email_post_to_subs":false,"_jetpack_newsletter_tier_id":0,"_jetpack_memberships_contains_paywalled_content":false,"_jetpack_memberships_contains_paid_content":false,"footnotes":"","jetpack_publicize_message":"","jetpack_publicize_feature_enabled":true,"jetpack_social_post_already_shared":false,"jetpack_social_options":{"image_generator_settings":{"template":"highway","default_image_id":0,"enabled":false},"version":2}},"categories":[1225,186,44],"tags":[],"class_list":["post-69773","post","type-post","status-publish","format-standard","has-post-thumbnail","hentry","category-ha-de-atarfe","category-instituciones","category-noticias-de-hoy"],"jetpack_publicize_connections":[],"jetpack_featured_media_url":"https:\/\/i0.wp.com\/miradordeatarfe.es\/wp-content\/uploads\/2024\/06\/san-antonio-de-padua.png?fit=191%2C343&ssl=1","jetpack_likes_enabled":true,"jetpack_sharing_enabled":true,"_links":{"self":[{"href":"https:\/\/miradordeatarfe.es\/index.php?rest_route=\/wp\/v2\/posts\/69773","targetHints":{"allow":["GET"]}}],"collection":[{"href":"https:\/\/miradordeatarfe.es\/index.php?rest_route=\/wp\/v2\/posts"}],"about":[{"href":"https:\/\/miradordeatarfe.es\/index.php?rest_route=\/wp\/v2\/types\/post"}],"author":[{"embeddable":true,"href":"https:\/\/miradordeatarfe.es\/index.php?rest_route=\/wp\/v2\/users\/1"}],"replies":[{"embeddable":true,"href":"https:\/\/miradordeatarfe.es\/index.php?rest_route=%2Fwp%2Fv2%2Fcomments&post=69773"}],"version-history":[{"count":3,"href":"https:\/\/miradordeatarfe.es\/index.php?rest_route=\/wp\/v2\/posts\/69773\/revisions"}],"predecessor-version":[{"id":69779,"href":"https:\/\/miradordeatarfe.es\/index.php?rest_route=\/wp\/v2\/posts\/69773\/revisions\/69779"}],"wp:featuredmedia":[{"embeddable":true,"href":"https:\/\/miradordeatarfe.es\/index.php?rest_route=\/wp\/v2\/media\/69774"}],"wp:attachment":[{"href":"https:\/\/miradordeatarfe.es\/index.php?rest_route=%2Fwp%2Fv2%2Fmedia&parent=69773"}],"wp:term":[{"taxonomy":"category","embeddable":true,"href":"https:\/\/miradordeatarfe.es\/index.php?rest_route=%2Fwp%2Fv2%2Fcategories&post=69773"},{"taxonomy":"post_tag","embeddable":true,"href":"https:\/\/miradordeatarfe.es\/index.php?rest_route=%2Fwp%2Fv2%2Ftags&post=69773"}],"curies":[{"name":"wp","href":"https:\/\/api.w.org\/{rel}","templated":true}]}}