{"id":69780,"date":"2024-06-12T11:00:31","date_gmt":"2024-06-12T09:00:31","guid":{"rendered":"https:\/\/miradordeatarfe.es\/?p=69780"},"modified":"2024-06-12T10:52:06","modified_gmt":"2024-06-12T08:52:06","slug":"medina-elvira-la-lapida-de-cipriano","status":"publish","type":"post","link":"https:\/\/miradordeatarfe.es\/?p=69780","title":{"rendered":"PATRIMONIO DE MEDINA ELVIRA: LA L\u00c1PIDA DE CIPRIANO"},"content":{"rendered":"<h3 style=\"text-align: justify;\">Placa de piedra de forma casi cuadrangular. El campo epigr\u00e1fico est\u00e1 bordeado por una orla de tallos ondulantes de tipo bizantino. Su conservaci\u00f3n es mediana. Est\u00e1 partida diagonalmente, de izquierda a derecha, en dos grandes fragmentos. Adem\u00e1sle falta el \u00e1ngulo superior izquierdo, con p\u00e9rdida de las primeras palabras de la l\u00ednea primera, y el trozo correspondiente a las finales de las tres \u00faltima l\u00edneas del texto epigr\u00e1fico.<\/h3>\n<p style=\"text-align: justify;\">Inscripciones\/Leyendas Cara externa, Incisi\u00f3n, capital may\u00fascula, Lat\u00edn, Funerario<\/p>\n<p style=\"text-align: justify;\"><em>\u00abIS CIPRIANS IN CELESTIBS ALMIS \/ IS NOBILIS MVNDOQDVRS ET NAT ELIANIS \/ PACIFICS DLCIS GENITS PARENTIBS ALTIS \/ RORE CELI<\/em><em>TINCTS, XPI LATICIBS AMNIS \/ IOVIS ENEMIQDIE HIC SIVIT CORPORA ARVIS \/ ATER QINQIANIDIEB QVOQ MENSE DIC \/ NAM QVADRAGENI <\/em><em>IN MILLENI TEMPOR \/ IS MVNDO VIXIT TER DENIS BIS QVATER ANNIS \u00ab<\/em><\/p>\n<p style=\"text-align: justify;\"><em>(\u00b4Yace ahora Cipriano en los felices campos celestes. Nombre e inmaculado en el mundo, nacido para el cielo, pac\u00edfico, amable, de padres <\/em><em>insignes, empapado en el roc\u00edo celeste, en las ondas de los r\u00edos de Cristo. Abandon\u00f3 su cuerpo en dichos campos, el negro jueves, cinco d\u00edas <\/em><em>del mes de enero, en la era de mil cuarenta (1002). Vivi\u00f3 en el mundo tres veces diez a\u00f1os, dos veces cuatro\u00b4.)<\/em><\/p>\n<p style=\"text-align: justify;\">La altura de las letras es de 3 cm. El texto est\u00e1 distribuido en ocho l\u00edneas. El texto epigr\u00e1fico est\u00e1 grabado con letras capitales may\u00fasculas, agrupadas en ocho versos acr\u00f3sticos que riman todos a final de l\u00ednea en IS. Las letras adoptan formast\u00edpicas moz\u00e1rabes a las que, a veces,se imprimen nuevas flexiones y tratamientos que indican una gran maestr\u00eda en su autor. A con el extremo superior izquierdo curvil\u00edneo (vers\u00edculo 2);<\/p>\n<p style=\"text-align: justify;\">B con el tramo vertical dotado de un inusitado arqueamiento; (vers. 6 y 8); D completamenteovaladas en su forma baja (v. 3); N dotada de rasgo vertical arqueado y simplificada as\u00ed mismo la cabecera con otro rasgo arqueado que dan por resultado una N desconocida hasta el entonces(vs. 2 y 4);<\/p>\n<p style=\"text-align: justify;\">O y Q puntiagudas en su parte inferior. La Q presenta la cola siempre por debajo de la l\u00ednea del texto; X ramificada y dotada de m\u00faltiples adornos (v. 4 y 8).<\/p>\n<p style=\"text-align: justify;\">Los nexos son muy abundantes: AN (v. 1\u00ba); AR (v. 3\u00ba y 5\u00ba); NC (v. 4\u00ba); TE, ME (v. 6\u00ba); AM, VA, TE (v. 7\u00ba); VN, TE, DE, ANNI (v. 8\u00ba). Se emplean mucho las letras peque\u00f1as intercaladas o metidas en el espacio libre de otras. S\u00f3lo se utilizan con recuerdo cl\u00e1sico la P y la V.]<\/p>\n<p style=\"text-align: justify;\">Objeto de m\u00e1rmol blanco de Macael (Almer\u00eda), tallado realizado con cincel y martillo, desbastado y pulido.<\/p>\n<p style=\"text-align: justify;\">Altura = 44 cm Anchura = 44 cm Profundidad = 4,50 cm<\/p>\n<p style=\"text-align: justify;\"><b>Estilo\u00a0 <\/b>Califal. Moz\u00e1rabe<\/p>\n<p style=\"text-align: justify;\"><b>Cr<\/b><b>onolo<\/b><b>g<\/b><b>\u00eda <\/b>1002<\/p>\n<h3 style=\"text-align: justify;\"><b>Rese\u00f1a hist\u00f3rica <\/b><\/h3>\n<p style=\"text-align: justify;\">Se trata de la inscripci\u00f3n funeraria moz\u00e1rabe m\u00e1simportante de todas las halladas hasta ahora en la provincia de Granada. Demuestra que su autor ten\u00eda un conocimiento perfecto de las \u00faltimas consecuencias a las que hab\u00edan llegado los caracteres moz\u00e1rabes en su evoluci\u00f3n, pero tambi\u00e9n una habilidad y un sentido est\u00e9tico que le hacen escoger, en cada momento, las formas m\u00e1s apropiadas al espacio disponible e imprimir a \u00e9stas nuevas inflexiones que acusan su maestr\u00eda. Tanto la decoraci\u00f3n en s\u00ed, como el sentido decorativo en extremo de los caracteres, el trazado magistral del texto, la distribuci\u00f3n equilibrada del mismo, el ductus (marca en forma acanalada de la cincelada en la piedra) regular y firme, los perfiles y adornos de que est\u00e1n dotadas las letras e incluso la belleza del contenido de esta inscripci\u00f3n, la convierten en una perfecta obra de arte, que, al mismo tiempo, contiene, resume y expresa claramente la afirmaci\u00f3n y esplendor a que llegan todos los elementos que han ido apareciendo en la epigraf\u00eda moz\u00e1rabe y el grado de perfecci\u00f3n y elegancia a que hab\u00eda llegado la decoraci\u00f3n en el siglo X. Por \u00faltimo tambi\u00e9n la personalidad granadina dentro de la corriente art\u00edstica cordobesa. La fecha de la inscripci\u00f3n debi\u00f3 ser, aproximadamente, la del fallecimiento de la persona a la que se dedica este epitafio, a\u00f1o 1002 de nuestra Era<\/p>\n<p style=\"text-align: justify;\"><b>BIBLIOGRAF\u00cdA <\/b><b>Y DOCUMENTACI\u00d3N <\/b><\/p>\n<p style=\"text-align: justify;\">&#8211; G\u00d3MEZ-MORENO MART\u00cdNEZ, M. Iglesias moz\u00e1rabes. 1919. p. 367 \/ L\u00e1m. CXXXI; Arte espa\u00f1ol de los siglos IX a XI. Centro de Estudios Hist\u00f3ricos, Madrid.<\/p>\n<p style=\"text-align: justify;\">&#8211; G\u00d3MEZ-MORENO, M. Cosas granadinas de Arte y Arqueolog\u00eda. Medina Elvira. p. 192.<\/p>\n<p style=\"text-align: justify;\">&#8211; H\u00dcBNER, E. Inscriptiones Hispaniae Christianae. 1895. n\u00ba 456.<\/p>\n<p style=\"text-align: justify;\">&#8211; NAVASCUES, E. Nueva inscripci\u00f3n moz\u00e1rabe de la Alhambra. 1952. p. 276; Archivo Espa\u00f1ol de Arqueolog\u00eda, 25.<\/p>\n<p style=\"text-align: justify;\">&#8211; OLIVER HURTADO, M.; G\u00d3MEZ-MORENO, M. Informe sobre varias antig\u00fcedades descubiertas en la Vega de esta ciudad. 1870. p. 2 y ss; Comisi\u00f3n Provincial de Monumentos, Granada:<\/p>\n<p style=\"text-align: justify;\">Imprenta de Indalecio Ventura..<\/p>\n<p style=\"text-align: justify;\">&#8211; PASTOR MU\u00d1OZ, M. Corpus de inscripci\u00f3nes latinas de Andaluc\u00eda. Volumen IV: Granada. 2002. p. 82-83, fig. 34.<\/p>\n<p style=\"text-align: justify;\">&#8211; PASTOR MU\u00d1OZ, M.; MENDOZA EGUARAS, A.. Inscripciones latinas de la provincia de Granada. 1987. n\u00ba 149 p. 287-289; Granada: Universidad.<\/p>\n<p style=\"text-align: justify;\">&#8211; Red Digital de Colecciones de Museos de Espa\u00f1a del Ministerio de Educaci\u00f3n, Cultura y Deporte.<\/p>\n<h3 style=\"text-align: justify;\">PUBLICADO EN EL LIBRO \u00bb ATARFE PATRIMONIO CULTURAL Y NATURAL\u00bb (2015) FRANCISCA L\u00d3PEZ, I\u00d1AKI NIEVA Y MANUEL GUERRERO<\/h3>\n<p>FOTO: Inmaculada de la Torre Castellano<\/p>\n","protected":false},"excerpt":{"rendered":"<p>Placa de piedra de forma casi cuadrangular. El campo epigr\u00e1fico est\u00e1 bordeado por una orla&#8230;<\/p>\n","protected":false},"author":1,"featured_media":69781,"comment_status":"closed","ping_status":"closed","sticky":false,"template":"","format":"standard","meta":{"_coblocks_attr":"","_coblocks_dimensions":"","_coblocks_responsive_height":"","_coblocks_accordion_ie_support":"","jetpack_post_was_ever_published":false,"_jetpack_newsletter_access":"","_jetpack_dont_email_post_to_subs":false,"_jetpack_newsletter_tier_id":0,"_jetpack_memberships_contains_paywalled_content":false,"_jetpack_memberships_contains_paid_content":false,"footnotes":"","jetpack_publicize_message":"","jetpack_publicize_feature_enabled":true,"jetpack_social_post_already_shared":true,"jetpack_social_options":{"image_generator_settings":{"template":"highway","default_image_id":0,"enabled":false},"version":2}},"categories":[1225,186,5359,10431,44],"tags":[],"class_list":["post-69780","post","type-post","status-publish","format-standard","has-post-thumbnail","hentry","category-ha-de-atarfe","category-instituciones","category-madinat-ilbira","category-medina-elvira-2","category-noticias-de-hoy"],"jetpack_publicize_connections":[],"jetpack_featured_media_url":"https:\/\/i0.wp.com\/miradordeatarfe.es\/wp-content\/uploads\/2024\/06\/LAPIDA-DE-CIPRIANO.png?fit=220%2C225&ssl=1","jetpack_likes_enabled":true,"jetpack_sharing_enabled":true,"_links":{"self":[{"href":"https:\/\/miradordeatarfe.es\/index.php?rest_route=\/wp\/v2\/posts\/69780","targetHints":{"allow":["GET"]}}],"collection":[{"href":"https:\/\/miradordeatarfe.es\/index.php?rest_route=\/wp\/v2\/posts"}],"about":[{"href":"https:\/\/miradordeatarfe.es\/index.php?rest_route=\/wp\/v2\/types\/post"}],"author":[{"embeddable":true,"href":"https:\/\/miradordeatarfe.es\/index.php?rest_route=\/wp\/v2\/users\/1"}],"replies":[{"embeddable":true,"href":"https:\/\/miradordeatarfe.es\/index.php?rest_route=%2Fwp%2Fv2%2Fcomments&post=69780"}],"version-history":[{"count":3,"href":"https:\/\/miradordeatarfe.es\/index.php?rest_route=\/wp\/v2\/posts\/69780\/revisions"}],"predecessor-version":[{"id":69829,"href":"https:\/\/miradordeatarfe.es\/index.php?rest_route=\/wp\/v2\/posts\/69780\/revisions\/69829"}],"wp:featuredmedia":[{"embeddable":true,"href":"https:\/\/miradordeatarfe.es\/index.php?rest_route=\/wp\/v2\/media\/69781"}],"wp:attachment":[{"href":"https:\/\/miradordeatarfe.es\/index.php?rest_route=%2Fwp%2Fv2%2Fmedia&parent=69780"}],"wp:term":[{"taxonomy":"category","embeddable":true,"href":"https:\/\/miradordeatarfe.es\/index.php?rest_route=%2Fwp%2Fv2%2Fcategories&post=69780"},{"taxonomy":"post_tag","embeddable":true,"href":"https:\/\/miradordeatarfe.es\/index.php?rest_route=%2Fwp%2Fv2%2Ftags&post=69780"}],"curies":[{"name":"wp","href":"https:\/\/api.w.org\/{rel}","templated":true}]}}