{"id":69797,"date":"2024-06-09T11:38:28","date_gmt":"2024-06-09T09:38:28","guid":{"rendered":"https:\/\/miradordeatarfe.es\/?p=69797"},"modified":"2024-06-08T10:32:05","modified_gmt":"2024-06-08T08:32:05","slug":"atarfe-y-el-reto-solidario-medula-sky-challenge-2024","status":"publish","type":"post","link":"https:\/\/miradordeatarfe.es\/?p=69797","title":{"rendered":"ATARFE Y EL RETO SOLIDARIO M\u00c9DULA SKY CHALLENGE 2024"},"content":{"rendered":"<h3>La principal finalidad de este reto solidario es la concienciaci\u00f3n de la importancia de la donaci\u00f3n de sangre y de m\u00e9dula \u00f3sea. No es una carrera por monta\u00f1a organizada sino un RETO SOLIDARIO realizado por unos pocos corredores.<\/h3>\n<p>Estos, son miembros del Club de Atletismo y Monta\u00f1a de Atarfe con experiencia en este tipo de distancias, todos federados en monta\u00f1a. Dada la dificultad del reto y que para poder completarlo en su totalidad hace falta unos servicios de apoyo a los corredores, no se admitir\u00e1 a ning\u00fan corredor para realizar la totalidad de recorrido.<\/p>\n<p>Para visualizar esta causa, se permitir\u00e1 que aquellos corredores federados en monta\u00f1a que lo deseen puedan acompa\u00f1ar en alg\u00fan tramo a los participantes en este reto. Estos lo har\u00e1n en r\u00e9gimen de autosuficiencia (la organizaci\u00f3n del reto solo avituallar\u00e1 a los corredores que realizan la totalidad del recorrido, no cobramos ninguna inscripci\u00f3n ni tenemos medios para ello. Cada acompa\u00f1ante ser\u00e1 responsable de sus actos y asumir\u00e1 los da\u00f1os que pudiera sufrir. No es una actividad ni carrera organizada y no hay equipos m\u00e9dicos. Se exige que sean corredores federados en monta\u00f1a para que cuenten con seguro m\u00e9dico. La organizaci\u00f3n del reto no asumir\u00e1 los da\u00f1os que los acompa\u00f1antes puedan causar o sufrir.<\/p>\n<p><strong>El seguimiento en vivo, como en las ediciones anteriores, podr\u00e1n realizarlo a trav\u00e9s de Dorsalchip<\/strong>. A modo indicativo, teniendo en cuenta los horarios de paso del a\u00f1o pasado, esta es la hora estimada de paso:<\/p>\n<p>\n\u2022 SALIDA PLAYA CANINA MOTRIL 21:00h<br \/>\n\u2022 V\u00e9lez Benaudalla km 16 23:00h<br \/>\n\u2022 \u00d3rgiva km 35 01:30h<br \/>\n\u2022 Soportujar km 40 02:30h<br \/>\n\u2022 Pampaneira km 47 04:20h<br \/>\n\u2022 Capileira km 51 05:30h<br \/>\n\u2022 Refugio Poqueira km 63 09:00h<br \/>\n\u2022 Refugio Caldera km 66 11:00h<br \/>\n\u2022 Mulhac\u00e9n km 68 12:00h<br \/>\n\u2022 Hoya de la Mora km 82 14:30h<br \/>\n\u2022 Purche km 96 16:30h<br \/>\n\u2022 Hu\u00e9tor Vega km 106 18:30h<br \/>\n\u2022 Granada km 117 19:30h<br \/>\n\u2022 Albolote km 124 20:30h<br \/>\n\u2022 LLEGADA ATARFE km 128 21:00h<\/p>\n<p>Hay que tener en cuenta que los corredores ir\u00e1n parando para comer y beber, ser recibidos por autoridades y hacerse las fotos pertinentes. La finalidad es la difusi\u00f3n de la donaci\u00f3n de sangre y m\u00e9dula \u00f3sea. En tantos kil\u00f3metros, las dificultades y problemas por las que pasan los corredores son m\u00faltiples y es impredecible conocer las horas de paso.<\/p>\n<p>Si te apetece acompa\u00f1arnos, puedes informarnos de tu punto elegido en un formulario que pasaremos pr\u00f3ximamente por redes sociales.<\/p>\n<p>En el formulario puedes reservar tu CAMISETA NARANJA y acompa\u00f1arnos en la MAREA NARANJA.<\/p>\n<p>DONA SANGRE<br \/>\nHAZTE DONANTE DE M\u00c9DULA<br \/>\nDONA VIDA<\/p>\n","protected":false},"excerpt":{"rendered":"<p>La principal finalidad de este reto solidario es la concienciaci\u00f3n de la importancia de la&#8230;<\/p>\n","protected":false},"author":1,"featured_media":69798,"comment_status":"closed","ping_status":"closed","sticky":false,"template":"","format":"standard","meta":{"_coblocks_attr":"","_coblocks_dimensions":"","_coblocks_responsive_height":"","_coblocks_accordion_ie_support":"","jetpack_post_was_ever_published":false,"_jetpack_newsletter_access":"","_jetpack_dont_email_post_to_subs":false,"_jetpack_newsletter_tier_id":0,"_jetpack_memberships_contains_paywalled_content":false,"_jetpack_memberships_contains_paid_content":false,"footnotes":"","jetpack_publicize_message":"","jetpack_publicize_feature_enabled":true,"jetpack_social_post_already_shared":true,"jetpack_social_options":{"image_generator_settings":{"template":"highway","default_image_id":0,"enabled":false},"version":2}},"categories":[1161,182,186,44],"tags":[],"class_list":["post-69797","post","type-post","status-publish","format-standard","has-post-thumbnail","hentry","category-ciudadania","category-deportes","category-instituciones","category-noticias-de-hoy"],"jetpack_publicize_connections":[],"jetpack_featured_media_url":"https:\/\/i0.wp.com\/miradordeatarfe.es\/wp-content\/uploads\/2024\/06\/Captura20240604121353.png?fit=604%2C375&ssl=1","jetpack_likes_enabled":true,"jetpack_sharing_enabled":true,"_links":{"self":[{"href":"https:\/\/miradordeatarfe.es\/index.php?rest_route=\/wp\/v2\/posts\/69797","targetHints":{"allow":["GET"]}}],"collection":[{"href":"https:\/\/miradordeatarfe.es\/index.php?rest_route=\/wp\/v2\/posts"}],"about":[{"href":"https:\/\/miradordeatarfe.es\/index.php?rest_route=\/wp\/v2\/types\/post"}],"author":[{"embeddable":true,"href":"https:\/\/miradordeatarfe.es\/index.php?rest_route=\/wp\/v2\/users\/1"}],"replies":[{"embeddable":true,"href":"https:\/\/miradordeatarfe.es\/index.php?rest_route=%2Fwp%2Fv2%2Fcomments&post=69797"}],"version-history":[{"count":1,"href":"https:\/\/miradordeatarfe.es\/index.php?rest_route=\/wp\/v2\/posts\/69797\/revisions"}],"predecessor-version":[{"id":69799,"href":"https:\/\/miradordeatarfe.es\/index.php?rest_route=\/wp\/v2\/posts\/69797\/revisions\/69799"}],"wp:featuredmedia":[{"embeddable":true,"href":"https:\/\/miradordeatarfe.es\/index.php?rest_route=\/wp\/v2\/media\/69798"}],"wp:attachment":[{"href":"https:\/\/miradordeatarfe.es\/index.php?rest_route=%2Fwp%2Fv2%2Fmedia&parent=69797"}],"wp:term":[{"taxonomy":"category","embeddable":true,"href":"https:\/\/miradordeatarfe.es\/index.php?rest_route=%2Fwp%2Fv2%2Fcategories&post=69797"},{"taxonomy":"post_tag","embeddable":true,"href":"https:\/\/miradordeatarfe.es\/index.php?rest_route=%2Fwp%2Fv2%2Ftags&post=69797"}],"curies":[{"name":"wp","href":"https:\/\/api.w.org\/{rel}","templated":true}]}}