{"id":69813,"date":"2024-06-09T11:32:04","date_gmt":"2024-06-09T09:32:04","guid":{"rendered":"https:\/\/miradordeatarfe.es\/?p=69813"},"modified":"2024-06-05T12:20:50","modified_gmt":"2024-06-05T10:20:50","slug":"el-patrimonio-historico-de-atarfe-y-el-proyecto-municipal-medina-elvira-por-angel-rodriguez","status":"publish","type":"post","link":"https:\/\/miradordeatarfe.es\/?p=69813","title":{"rendered":"\u00abEl patrimonio hist\u00f3rico de Atarfe y el proyecto municipal MEDINA ELVIRA\u00bb por \u00c1ngel Rodr\u00edguez"},"content":{"rendered":"<h3 style=\"text-align: justify;\">De todos es conocido que en las faldas de Sierra Elvira, muy cerca de la poblaci\u00f3n de Atarfe, y dentro de su t\u00e9rmino municipal, se encuentra uno de los principales yacimientos arqueol\u00f3gicos isl\u00e1micos de Espa\u00f1a, Medina Elvira.<\/h3>\n<p style=\"text-align: justify;\">La ciudad de Elvira, que aparece profusamente citada en las fuentes \u00e1rabes y en la historiograf\u00eda, es mejor conocida gracias a los trabajos que Manuel G\u00f3mez Moreno desarroll\u00f3 a finales del siglo XIX y a dos recientes excavaciones arqueol\u00f3gicas, una de 1998, en las faldas del Cerro de los Cigarrones, patrocinada por el Ayuntamiento de Atarfe, otra del a\u00f1o 2000, en el Cerro del Sombrerete, financiada por la Delegaci\u00f3n Provincial de Cultura de Granada.<\/p>\n<p style=\"text-align: justify;\">Ambas han permitido definir con mayor precisi\u00f3n la importancia del yacimiento, su estratigraf\u00eda y la necesidad de proceder a su protecci\u00f3n y de hecho, gracias a sus resultados, podemos conocer con mayor detalle algunas de las caracter\u00edsticas de Elvira. A pesar de todo se trata s\u00f3lo de una raya en el agua. La riqueza del patrimonio arqueol\u00f3gico es tal que se ha hecho necesario abordar su investigaci\u00f3n y puesta en valor. <\/p>\n<p style=\"text-align: justify;\">Para conseguir este objetivo, el Ayuntamiento ha emprendido un ambicioso proyecto que pretende no s\u00f3lo recuperar Medina Elvira sino tambi\u00e9n revitalizar todo el patrimonio hist\u00f3rico, etnol\u00f3gico, natural y cultural de Sierra Elvira como elemento de desarrollo.<\/p>\n<p style=\"text-align: justify;\">Evidentemente, el buque insignia es la ciudad que permanece enterrada en el llano que se extiende desde el Sombrerete hasta los Cigarrones, pasando por los lugares en donde tradicionalmente han aparecido restos arqueol\u00f3gicos como el \u201cLlano de la Mezquita\u201d, el pago \u201cde los Tejoletos\u201d o el \u201cCortijo de las Monjas\u201d, pero existen otra serie de elementos de car\u00e1cter arqueol\u00f3gico que aparecen inevitablemente relacionados con la historia de la ciudad, con sus antecedentes y con su devenir posterior al abandono en pro de la vecina Granada.<\/p>\n<p style=\"text-align: justify;\">En las proximidades del Cortijo de Marug\u00e1n, a lo largo de todo el siglo XIX fueron apareciendo una serie de sepulturas que por las caracter\u00edsticas de los enterramientos, debieron pertenecer a una necr\u00f3polis Tardo-romana que debi\u00f3 estar relacionada con un asentamiento de mayores dimensiones perteneciente a este periodo. De hecho, seg\u00fan la toponimia, parece probable que el origen de la ciudad isl\u00e1mica fuera un castellum, del que derivar\u00eda posteriormente, el nombre de Castilia. Este lugar todav\u00eda es reconocible hoy d\u00eda, ubic\u00e1ndose en lo que se conoce como el \u201cLlano de las Sepulturas\u201d, formado por una ligera loma. Muy pr\u00f3ximo a este lugar todav\u00eda se pueden observar restos de ese primer asentamiento, atestiguado por importantes restos: parte de una canalizaci\u00f3n que captaba el agua desde una fuente y en sus proximidades el trazado de un muro defensivo de grandes dimensiones y esparcidos por toda su superficie algunos tambores de columnas de piedra caliza con m\u00e1s de 1 metro de di\u00e1metro.<\/p>\n<p style=\"text-align: justify;\">Junto a este importante yacimiento, que como decimos se ubica m\u00e1s hacia el interior de la sierra, debieron existir otra serie de n\u00facleos de poblaci\u00f3n y que en conjunto conformar\u00edan los\u00a0 antecedentes m\u00e1s inmediatos de Medina Elvira.<\/p>\n<p style=\"text-align: justify;\">La fundaci\u00f3n de Elvira se produjo a los pocos a\u00f1os de la entrada de las tropas \u00e1rabo-ber\u00e9beres, probablemente propiciada por esa concentraci\u00f3n de la poblaci\u00f3n en las faldas de Sierra Elvira frente al estado ruinosos en el que se encontraba la antigua Iliberis.<\/p>\n<p style=\"text-align: justify;\">Tras la conquista isl\u00e1mica del 711 es probable que un asentamiento \u00e1rabe en el entorno del Cerro del Sombrerete, con unos posibles antecedentes tambi\u00e9n preisl\u00e1micos, fueran el origen de la imponente ciudad de Elvira. De hecho en el cerro hoy d\u00eda todav\u00eda podemos observar los restos de un recinto fortificado \u2013una alcazaba- y un recinto amurallado que se desarrolla en la falda este y que est\u00e1 ocupado por numerosos restos de antiguas viviendas y trazados de calles. Esta primera\u00a0 muralla de Elvira se encontraba jalonada por al menos 2 \u00f3 3 torreones de planta cuadrada y ten\u00eda una anchura cercana a los 2 metros.<\/p>\n<p style=\"text-align: justify;\"><a href=\"https:\/\/i0.wp.com\/miradordeatarfe.es\/wp-content\/uploads\/2024\/06\/restos-de-medina-elvira.png?ssl=1\"><img data-recalc-dims=\"1\" loading=\"lazy\" decoding=\"async\" class=\"size-medium wp-image-69814 alignleft\" src=\"https:\/\/i0.wp.com\/miradordeatarfe.es\/wp-content\/uploads\/2024\/06\/restos-de-medina-elvira-300x217.png?resize=300%2C217&#038;ssl=1\" alt=\"\" width=\"300\" height=\"217\" srcset=\"https:\/\/i0.wp.com\/miradordeatarfe.es\/wp-content\/uploads\/2024\/06\/restos-de-medina-elvira.png?resize=300%2C217&amp;ssl=1 300w, https:\/\/i0.wp.com\/miradordeatarfe.es\/wp-content\/uploads\/2024\/06\/restos-de-medina-elvira.png?w=309&amp;ssl=1 309w\" sizes=\"auto, (max-width: 300px) 100vw, 300px\" \/><\/a><\/p>\n<p style=\"text-align: justify;\">Dentro del recinto amurallado se aprecian numerosas viviendas, los restos de antiguas canteras y una calzada perfectamente pavimentada que llegaba hasta la parte m\u00e1s alta de la alcazaba. La muralla cerraba el antiguo asentamiento por la cara oeste del cerro pero los restos ya han sido destruidos por una cantera.<\/p>\n<p style=\"text-align: justify;\">En un corto periodo de tiempo la ocupaci\u00f3n humana desbord\u00f3 los l\u00edmites de este primer asentamiento y finalmente, en el momento de su destrucci\u00f3n en el siglo XI, ocupaba un vasto espacio que llegaba hasta el Cerro de los Cigarrones y del Almirez. Desconocemos de momento las pautas de este gran desarrollo urbano pero todo parece indicar que debi\u00f3 ser muy r\u00e1pido, careciendo de las m\u00ednimas defensas que deb\u00edan tener las ciudades de la \u00e9poca.<\/p>\n<p style=\"text-align: justify;\">Uno de los principales elementos que articulaban la ciudad era la mezquita mayor. Seg\u00fan las fuentes \u00e1rabes fue fundada por Hanas ibn Abd Allah al-San\u2019ani a los pocos a\u00f1os de la conquista y finalmente la concluy\u00f3 el emir Muhammad I en el siglo IX. La mezquita de Elvira fue parcialmente excavada por G\u00f3mez Moreno en el siglo XIX y en ella aparecieron importantes restos arqueol\u00f3gicos, como parte de las l\u00e1mparas de bronce que daban luz en su interior, depositadas en el Museo Arqueol\u00f3gico de Granada y que han sido objeto de una exposici\u00f3n monogr\u00e1fica durante estos d\u00edas.<\/p>\n<p style=\"text-align: justify;\">En las proximidades de la mezquita, cuyo solar se encuentra bien delimitado y ubicado, aparecieron otros restos igualmente relevantes, sobretodo en las proximidades del Cortijo de las Monjas: en las casas excavadas se recuperaron z\u00f3calos con decoraci\u00f3n pintada, piezas de bronce, como portacandiles y candiles, y piezas de cer\u00e1mica de excepcional valor: el plato del caballo, el del halconero, la redoma de las liebres, etc., que en conjunto conforman el n\u00facleo central de la sala dedicada al mundo medieval del museo arqueol\u00f3gico provincial.<\/p>\n<p style=\"text-align: justify;\">Las excavaciones realizadas en 1998, muy cerca de la A-92, en el Cerro de los Cigarrones permitieron exhumar parte de al menos dos viviendas, excavando la cocina de una de ellas y el patio. La intervenci\u00f3n m\u00e1s reciente es la realizada en el a\u00f1o 2000 en el Cerro del Sombrerete, excavando un sector de la muralla y parte de las estructuras que ocupaban la parte m\u00e1s elevada y que debi\u00f3 jugar una funci\u00f3n de alcazaba.<\/p>\n<p style=\"text-align: justify;\">De esto, es poco lo que queda hoy d\u00eda ya que todo fue de nuevo enterrado para poner en cultivo toda la zona, pero a\u00fan as\u00ed todav\u00eda se pueden ver algunos restos de gran inter\u00e9s, sobretodo en el cerro del Sombrerete, en donde se distingue f\u00e1cilmente los restos de Castiliya y de la primera medina Elvira, o en el Pago de los Pozos, donde se aprecia con claridad los respiraderos de un qanat o sistema de captaci\u00f3n de agua subterr\u00e1nea.<\/p>\n<p style=\"text-align: justify;\">Pero la riqueza del patrimonio de Atarfe va m\u00e1s all\u00e1 de Medina Elvira ya que en el mismo entorno podemos encontrar otros elementos singulares: en el emplazamiento de la actual ermita de los Tres Juanes existi\u00f3 un prestigioso morabito desde el siglo XI hasta la conquista cristiana, y por encima del actual cortijo de la Moleona se pueden ver los restos de un recinto fortificado de \u00e9poca nazar\u00ed, formado por unos lienzos de mamposter\u00eda que delimitan un espacio rectangular, con una torre circular en uno de sus extremos y un aljibe de tapial en su interior.<\/p>\n<p style=\"text-align: justify;\">Junto a estos elementos tambi\u00e9n existen varios albercones isl\u00e1micos, como el que se encuentra en las proximidades del cortijo de Marug\u00e1n, o el acueducto que ya vio en su d\u00eda G\u00f3mez Moreno y que conduc\u00eda el agua desde las inmediaciones de este \u00faltimo cortijo hasta un punto a\u00fan no determinado.<\/p>\n<p style=\"text-align: justify;\"><a href=\"https:\/\/i0.wp.com\/miradordeatarfe.es\/wp-content\/uploads\/2024\/06\/columna-y-albercon-de-medina-elvira.png?ssl=1\"><img data-recalc-dims=\"1\" loading=\"lazy\" decoding=\"async\" class=\"alignnone wp-image-69815 \" src=\"https:\/\/i0.wp.com\/miradordeatarfe.es\/wp-content\/uploads\/2024\/06\/columna-y-albercon-de-medina-elvira.png?resize=640%2C238&#038;ssl=1\" alt=\"\" width=\"640\" height=\"238\" srcset=\"https:\/\/i0.wp.com\/miradordeatarfe.es\/wp-content\/uploads\/2024\/06\/columna-y-albercon-de-medina-elvira.png?w=656&amp;ssl=1 656w, https:\/\/i0.wp.com\/miradordeatarfe.es\/wp-content\/uploads\/2024\/06\/columna-y-albercon-de-medina-elvira.png?resize=300%2C112&amp;ssl=1 300w\" sizes=\"auto, (max-width: 640px) 100vw, 640px\" \/><\/a><\/p>\n<p style=\"text-align: justify;\">Para tener una visi\u00f3n m\u00e1s completa no podemos pasar inadvertidos los restos de una antigua explotaci\u00f3n minera en Los Calerones de la que de momento desconocemos su cronolog\u00eda, o la misma Raja Santa y el Tajo Colorado, en donde todav\u00eda se pueden observar las trazas de otro yacimiento arqueol\u00f3gico, adem\u00e1s de la estructura de la antigua cantera que muestra unas formas del trabajo y de la explotaci\u00f3n de la piedra que nada tienen que ver con las t\u00e9cnicas empleadas actualmente.<\/p>\n<p style=\"text-align: justify;\">Todo este riqu\u00edsimo conjunto patrimonial, en donde confluyen valores hist\u00f3ricos, arqueol\u00f3gicos, etnol\u00f3gicos y naturales ser\u00e1 puesto en valor por el Ayuntamiento de Atarfe por medio de un ambicioso proyecto que recoger\u00e1 todas estas facetas bajo el nombre de proyecto Medina Elvira. Pero para que esto sea finalmente una realidad, en primer lugar, es imprescindible que se produzca un cambio en las conciencias de los vecinos partiendo de un amplio apoyo social que se fundamente en la base de una mayor concienciaci\u00f3n y respeto hacia los restos de nuestra historia.<\/p>\n<p style=\"text-align: justify;\">Por tanto, es muy importante transmitir con claridad esta necesidad y para conseguirlo es necesario que exista una amplia participaci\u00f3n ciudadana que debe materializarse en dos direcciones: en un sentido, con un constante flujo de informaci\u00f3n hacia la ciudadan\u00eda del desarrollo de los trabajos; en otro en una participaci\u00f3n activa implicando a todos los colectivos de Atarfe.<\/p>\n<p style=\"text-align: justify;\">La informaci\u00f3n es la mejor forma de incrementar la\u00a0 cultura de una colectividad para tomar conciencia de que ciertos restos que siempre han estado en el paisaje y que han pasado inadvertidos, son ciertamente de gran importancia y que el patrimonio arqueol\u00f3gico atarfe\u00f1o es uno de los m\u00e1s ricos de toda la provincia. Todo en conjunto generar\u00e1 un desarrollo cualitativamente distinto al experimentado hoy d\u00eda, contemplando no s\u00f3lo la generaci\u00f3n de mayor riqueza sostenible que parta del respeto al patrimonio sino tambi\u00e9n mayor riqueza cultural y social que no se puede cuantificar como valor econ\u00f3mico.<\/p>\n","protected":false},"excerpt":{"rendered":"<p>De todos es conocido que en las faldas de Sierra Elvira, muy cerca de la&#8230;<\/p>\n","protected":false},"author":1,"featured_media":69816,"comment_status":"closed","ping_status":"closed","sticky":false,"template":"","format":"standard","meta":{"_coblocks_attr":"","_coblocks_dimensions":"","_coblocks_responsive_height":"","_coblocks_accordion_ie_support":"","jetpack_post_was_ever_published":false,"_jetpack_newsletter_access":"","_jetpack_dont_email_post_to_subs":false,"_jetpack_newsletter_tier_id":0,"_jetpack_memberships_contains_paywalled_content":false,"_jetpack_memberships_contains_paid_content":false,"footnotes":"","jetpack_publicize_message":"","jetpack_publicize_feature_enabled":true,"jetpack_social_post_already_shared":true,"jetpack_social_options":{"image_generator_settings":{"template":"highway","default_image_id":0,"enabled":false},"version":2}},"categories":[1225,186,10431,44],"tags":[],"class_list":["post-69813","post","type-post","status-publish","format-standard","has-post-thumbnail","hentry","category-ha-de-atarfe","category-instituciones","category-medina-elvira-2","category-noticias-de-hoy"],"jetpack_publicize_connections":[],"jetpack_featured_media_url":"https:\/\/i0.wp.com\/miradordeatarfe.es\/wp-content\/uploads\/2024\/06\/CANDIL-1.png?fit=218%2C172&ssl=1","jetpack_likes_enabled":true,"jetpack_sharing_enabled":true,"_links":{"self":[{"href":"https:\/\/miradordeatarfe.es\/index.php?rest_route=\/wp\/v2\/posts\/69813","targetHints":{"allow":["GET"]}}],"collection":[{"href":"https:\/\/miradordeatarfe.es\/index.php?rest_route=\/wp\/v2\/posts"}],"about":[{"href":"https:\/\/miradordeatarfe.es\/index.php?rest_route=\/wp\/v2\/types\/post"}],"author":[{"embeddable":true,"href":"https:\/\/miradordeatarfe.es\/index.php?rest_route=\/wp\/v2\/users\/1"}],"replies":[{"embeddable":true,"href":"https:\/\/miradordeatarfe.es\/index.php?rest_route=%2Fwp%2Fv2%2Fcomments&post=69813"}],"version-history":[{"count":3,"href":"https:\/\/miradordeatarfe.es\/index.php?rest_route=\/wp\/v2\/posts\/69813\/revisions"}],"predecessor-version":[{"id":69828,"href":"https:\/\/miradordeatarfe.es\/index.php?rest_route=\/wp\/v2\/posts\/69813\/revisions\/69828"}],"wp:featuredmedia":[{"embeddable":true,"href":"https:\/\/miradordeatarfe.es\/index.php?rest_route=\/wp\/v2\/media\/69816"}],"wp:attachment":[{"href":"https:\/\/miradordeatarfe.es\/index.php?rest_route=%2Fwp%2Fv2%2Fmedia&parent=69813"}],"wp:term":[{"taxonomy":"category","embeddable":true,"href":"https:\/\/miradordeatarfe.es\/index.php?rest_route=%2Fwp%2Fv2%2Fcategories&post=69813"},{"taxonomy":"post_tag","embeddable":true,"href":"https:\/\/miradordeatarfe.es\/index.php?rest_route=%2Fwp%2Fv2%2Ftags&post=69813"}],"curies":[{"name":"wp","href":"https:\/\/api.w.org\/{rel}","templated":true}]}}