{"id":69842,"date":"2024-06-07T11:01:43","date_gmt":"2024-06-07T09:01:43","guid":{"rendered":"https:\/\/miradordeatarfe.es\/?p=69842"},"modified":"2024-06-07T09:56:50","modified_gmt":"2024-06-07T07:56:50","slug":"atarfe-acogio-el-primer-encuentro-de-teatro-de-los-centros-de-educacion-permanente","status":"publish","type":"post","link":"https:\/\/miradordeatarfe.es\/?p=69842","title":{"rendered":"ATARFE ACOGI\u00d3 EL PRIMER ENCUENTRO DE TEATRO DE LOS CENTROS DE EDUCACI\u00d3N PERMANENTE"},"content":{"rendered":"<h3 style=\"text-align: justify;\">EL PASADO 4 DE JUNIO ENTRE LOS MUCHOS ACTOS QUE HAB\u00cdA EN ATARFE, UNO MUY DESTACADO FUE EL I ENCUENTRO DE TEATRO CEPERs EN EL CENTRO CULTURAL MEDINA ELVIRA DE ATARFE QUE REUNIU\u00d3 A MAS DE 450 PERSONAS.<\/h3>\n<p style=\"text-align: justify;\">Ante un grupo muy entregado de los diferentes centros de Educaci\u00f3n Permanente el Centro Cultural Medina Elvira se llen\u00f3 de\u00a0 personas que no pararon de reir\u00a0 en el primer encuentro que esperemos no sea el \u00faltimo. Una tarde maravillosa. Fue un encuentro que comenz\u00f3 siendo una actividad nada mas que de grupos de teatro y al final se convirti\u00f3 en un gran encuentro de los diferentes centros. Empez\u00f3 a las 17,30 con una merienda\/convivencia de todos los asistentes que dio paso a las 18,30 de la realizaci\u00f3n teatral de cada grupo escolar . Muy interesante y llamativo para los asistentes fue el <i><b>flashmob de baile espontaneo\u00a0 con la Chica ye-ye<\/b><\/i>,( que es una acci\u00f3n organizada en la que un gran grupo de personas\u00a0 en un lugar p\u00fablico, realiza algo inusual ) y que gust\u00f3 a todos y todas las asistentes.<\/p>\n<h2 style=\"text-align: justify;\">LOS CENTROS QUE PARTICIPARON FUERON LOS SIGUIENTES:<\/h2>\n<h2 style=\"text-align: justify;\">CEPER DE ILLORA<\/h2>\n<p style=\"text-align: justify;\"><a href=\"https:\/\/i0.wp.com\/miradordeatarfe.es\/wp-content\/uploads\/2024\/06\/Captura20240606180601.png?ssl=1\"><img data-recalc-dims=\"1\" loading=\"lazy\" decoding=\"async\" class=\"alignleft wp-image-69843\" src=\"https:\/\/i0.wp.com\/miradordeatarfe.es\/wp-content\/uploads\/2024\/06\/Captura20240606180601.png?resize=231%2C259&#038;ssl=1\" alt=\"\" width=\"231\" height=\"259\" srcset=\"https:\/\/i0.wp.com\/miradordeatarfe.es\/wp-content\/uploads\/2024\/06\/Captura20240606180601.png?w=385&amp;ssl=1 385w, https:\/\/i0.wp.com\/miradordeatarfe.es\/wp-content\/uploads\/2024\/06\/Captura20240606180601.png?resize=267%2C300&amp;ssl=1 267w\" sizes=\"auto, (max-width: 231px) 100vw, 231px\" \/><\/a>El grupo de Ob\u00e9ilar ha realizado varios teatros en otros cursos, como \u201cEl Doctor Vinagreta\u201d, \u201cEl Parque de San Antonio\u201d, \u201cEl Martinico\u201d, \u201cLas Cadenetas\u201d, \u201cVivan los Novios\u201d o \u201cPolic\u00eda Policarpo\u201d.<\/p>\n<p style=\"text-align: justify;\">Este a\u00f1o han representado la obra \u201cEl L\u00edo Que Le L\u00edan A P\u00edo\u201d, una obra de comedia de Jos\u00e9 Cedena.<\/p>\n<p style=\"text-align: justify;\">La trama es la siguiente: Un matrimonio del salvaje pueblo de Valdemulas decide ir a un restaurante tres tenedores. La risa est\u00e1 servida para todos excepto para P\u00edo, el pobre camarero, que sufrir\u00e1 sangre, sudor y l\u00e1grimas para atender a tan distinguidos comensales. La obra de teatro que representan son alumnas del Ceper el Castillo localidad Obeilar y los dirige su maestro Manuel \u00c1ngel Berrio Guti\u00e9rrez<\/p>\n<p style=\"text-align: justify;\">\u00a0<\/p>\n<p style=\"text-align: justify;\">\u00a0<\/p>\n<h2 style=\"text-align: justify;\">CEPER DE MONTEFRIO<\/h2>\n<p style=\"text-align: justify;\"><a href=\"https:\/\/i0.wp.com\/miradordeatarfe.es\/wp-content\/uploads\/2024\/06\/Captura20240606180640.png?ssl=1\"><img data-recalc-dims=\"1\" loading=\"lazy\" decoding=\"async\" class=\"wp-image-69844 size-full alignright\" src=\"https:\/\/i0.wp.com\/miradordeatarfe.es\/wp-content\/uploads\/2024\/06\/Captura20240606180640.png?resize=418%2C323&#038;ssl=1\" alt=\"\" width=\"418\" height=\"323\" srcset=\"https:\/\/i0.wp.com\/miradordeatarfe.es\/wp-content\/uploads\/2024\/06\/Captura20240606180640.png?w=418&amp;ssl=1 418w, https:\/\/i0.wp.com\/miradordeatarfe.es\/wp-content\/uploads\/2024\/06\/Captura20240606180640.png?resize=300%2C232&amp;ssl=1 300w\" sizes=\"auto, (max-width: 418px) 100vw, 418px\" \/><\/a>La \u00abpantasma\u00bb era una forma graciosa montefrie\u00f1a de decir \u00abfantasma\u00bb y generalmente no se refer\u00eda a un ser de ultratumba. Todo eso lo vais a entender cuando ve\u00e1is esta peque\u00f1a adaptaci\u00f3n a teatro, transmitida en el pueblo de generaci\u00f3n tras generaci\u00f3n, de abuelos a nietos.<\/p>\n<p style=\"text-align: justify;\">La duraci\u00f3n fue de 15 minutos con 8 mujeres y 3 hombre y una narradora,. La Obra adaptada por: Marisol Vilches y Loli Pimentel fue dirigida por: Mari Carmen Torres Berm\u00fadez<\/p>\n<p style=\"text-align: justify;\">El taller de teatro del CEPER Ventura Rodr\u00edguez cuenta ya con m\u00e1s de 20 a\u00f1os y durante su trayectoria han pasado por \u00e9l cerca de medio centenar de alumnas\/os y un gran n\u00famero de maestras\/os. Siempre conseguimos que el grupo se renueve gracias a la ilusi\u00f3n del nuevo alumnado y el esfuerzo del profesorado.<\/p>\n<p style=\"text-align: justify;\">Entre las tantas obras representadas destacamos \u201cEl Juez de los Divorcios\u201d, \u201cLa Fierecilla Domada\u201d, \u201cEscenas de Matrimonio\u201d, \u201cEl Patinillo\u201d o \u201cLa Verdadera Navidad nunca est\u00e1 en Crisis\u201d.<\/p>\n<p style=\"text-align: justify;\">\u00a0<\/p>\n<h2 style=\"text-align: justify;\">CEPER SANTAFE \/ SEP CIJUELA<\/h2>\n<p style=\"text-align: justify;\"><a href=\"https:\/\/i0.wp.com\/miradordeatarfe.es\/wp-content\/uploads\/2024\/06\/Captura20240606180746.png?ssl=1\"><img data-recalc-dims=\"1\" loading=\"lazy\" decoding=\"async\" class=\"wp-image-69845 size-full alignleft\" src=\"https:\/\/i0.wp.com\/miradordeatarfe.es\/wp-content\/uploads\/2024\/06\/Captura20240606180746.png?resize=378%2C318&#038;ssl=1\" alt=\"\" width=\"378\" height=\"318\" srcset=\"https:\/\/i0.wp.com\/miradordeatarfe.es\/wp-content\/uploads\/2024\/06\/Captura20240606180746.png?w=378&amp;ssl=1 378w, https:\/\/i0.wp.com\/miradordeatarfe.es\/wp-content\/uploads\/2024\/06\/Captura20240606180746.png?resize=300%2C252&amp;ssl=1 300w\" sizes=\"auto, (max-width: 378px) 100vw, 378px\" \/><\/a>El marqu\u00e9s de Culoestrecho es asesinado. El inspector Policarpo Garc\u00eda, m\u00e1s conocido por Poli-cia, se encarga de la investigaci\u00f3n. Solo dispone de una pista clara: el asesino anda&#8230; suelto.<\/p>\n<p style=\"text-align: justify;\">El grupo de teatro comenz\u00f3 en el a\u00f1o 2017 estando de docente Juani Punzano con la obra \u201cLas cosas de G\u00f3mez\u201d y siendo siempre la directora Lola Rodr\u00edguez. Ya no est\u00e1n todas las alumnas que comenzaron a\u00fan as\u00ed, se han incorporado al grupo m\u00e1s alumnado.<\/p>\n<p style=\"text-align: justify;\">Han representado 4 o 5 obras entre las que se encuentran: \u201cLo juro por t\u00f3 mis muertos\u201d \u201cTengo un loco en mi casa\u201d \u201cEl asesino anda suelto\u201d<\/p>\n<p style=\"text-align: justify;\">G\u00e9nero: Sainete<\/p>\n<p style=\"text-align: justify;\">A\u00f1o: 2008<\/p>\n<p style=\"text-align: justify;\">Personajes: 3 hombres y 7 mujeres<\/p>\n<p style=\"text-align: justify;\">Duraci\u00f3n aproximada: 40 minutos<\/p>\n<p style=\"text-align: justify;\">Libro: \u00abCedena + Sainetes = Risa\u00bb\u00a0 Direcci\u00f3n: Lola Rodr\u00edguez<\/p>\n<p style=\"text-align: justify;\">\u00a0<\/p>\n<h2 style=\"text-align: justify;\">CEPER PINOS PUENTE\/SEP ATARFE<\/h2>\n<p style=\"text-align: justify;\"><a href=\"https:\/\/i0.wp.com\/miradordeatarfe.es\/wp-content\/uploads\/2024\/06\/adultos-atarfe-1.jpg?ssl=1\"><img data-recalc-dims=\"1\" loading=\"lazy\" decoding=\"async\" class=\" wp-image-69858 alignright\" src=\"https:\/\/i0.wp.com\/miradordeatarfe.es\/wp-content\/uploads\/2024\/06\/adultos-atarfe-1.jpg?resize=369%2C208&#038;ssl=1\" alt=\"\" width=\"369\" height=\"208\" srcset=\"https:\/\/i0.wp.com\/miradordeatarfe.es\/wp-content\/uploads\/2024\/06\/adultos-atarfe-1.jpg?resize=300%2C169&amp;ssl=1 300w, https:\/\/i0.wp.com\/miradordeatarfe.es\/wp-content\/uploads\/2024\/06\/adultos-atarfe-1.jpg?resize=768%2C432&amp;ssl=1 768w, https:\/\/i0.wp.com\/miradordeatarfe.es\/wp-content\/uploads\/2024\/06\/adultos-atarfe-1.jpg?w=1024&amp;ssl=1 1024w\" sizes=\"auto, (max-width: 369px) 100vw, 369px\" \/><\/a>\u00abLa consulta de la doctora Anacleta\u00bb, una divertida y conmovedora obra que estamos seguros les arrancar\u00e1 m\u00e1s de una sonrisa.<\/p>\n<p style=\"text-align: justify;\">Este sainete nos lleva a la peculiar consulta de la doctora Anacleta, una m\u00e9dica cuya particular manera de atender a sus pacientes nos har\u00e1 reflexionar sobre la humanidad y el humor que podemos encontrar en situaciones cotidianas.<\/p>\n<p style=\"text-align: justify;\">\u00a1Viviremos momentos inolvidables! Agradecemos su presencia y apoyo, y les invitamos a relajarse y disfrutar de esta maravillosa puesta en escena.<\/p>\n<p style=\"text-align: justify;\">\u00a0<\/p>\n<p>&nbsp;<\/p>\n<p><a href=\"https:\/\/i0.wp.com\/miradordeatarfe.es\/wp-content\/uploads\/2024\/06\/Imagen-de-WhatsApp-2024-06-06-a-las-19.40.21_31be88be.jpg?ssl=1\"><img data-recalc-dims=\"1\" loading=\"lazy\" decoding=\"async\" class=\"alignnone wp-image-69859 size-full\" src=\"https:\/\/i0.wp.com\/miradordeatarfe.es\/wp-content\/uploads\/2024\/06\/Imagen-de-WhatsApp-2024-06-06-a-las-19.40.21_31be88be.jpg?resize=640%2C480&#038;ssl=1\" alt=\"\" width=\"640\" height=\"480\" srcset=\"https:\/\/i0.wp.com\/miradordeatarfe.es\/wp-content\/uploads\/2024\/06\/Imagen-de-WhatsApp-2024-06-06-a-las-19.40.21_31be88be.jpg?w=2048&amp;ssl=1 2048w, https:\/\/i0.wp.com\/miradordeatarfe.es\/wp-content\/uploads\/2024\/06\/Imagen-de-WhatsApp-2024-06-06-a-las-19.40.21_31be88be.jpg?resize=300%2C225&amp;ssl=1 300w, https:\/\/i0.wp.com\/miradordeatarfe.es\/wp-content\/uploads\/2024\/06\/Imagen-de-WhatsApp-2024-06-06-a-las-19.40.21_31be88be.jpg?resize=1024%2C768&amp;ssl=1 1024w, https:\/\/i0.wp.com\/miradordeatarfe.es\/wp-content\/uploads\/2024\/06\/Imagen-de-WhatsApp-2024-06-06-a-las-19.40.21_31be88be.jpg?resize=768%2C576&amp;ssl=1 768w, https:\/\/i0.wp.com\/miradordeatarfe.es\/wp-content\/uploads\/2024\/06\/Imagen-de-WhatsApp-2024-06-06-a-las-19.40.21_31be88be.jpg?resize=1536%2C1152&amp;ssl=1 1536w, https:\/\/i0.wp.com\/miradordeatarfe.es\/wp-content\/uploads\/2024\/06\/Imagen-de-WhatsApp-2024-06-06-a-las-19.40.21_31be88be.jpg?resize=1320%2C990&amp;ssl=1 1320w, https:\/\/i0.wp.com\/miradordeatarfe.es\/wp-content\/uploads\/2024\/06\/Imagen-de-WhatsApp-2024-06-06-a-las-19.40.21_31be88be.jpg?w=1920&amp;ssl=1 1920w\" sizes=\"auto, (max-width: 640px) 100vw, 640px\" \/><\/a><\/p>\n<p>&nbsp;<\/p>\n<p><a href=\"https:\/\/i0.wp.com\/miradordeatarfe.es\/wp-content\/uploads\/2024\/06\/Captura20240606180843.png?ssl=1\"><img data-recalc-dims=\"1\" loading=\"lazy\" decoding=\"async\" class=\"wp-image-69846  aligncenter\" src=\"https:\/\/i0.wp.com\/miradordeatarfe.es\/wp-content\/uploads\/2024\/06\/Captura20240606180843.png?resize=640%2C1007&#038;ssl=1\" alt=\"\" width=\"640\" height=\"1007\" srcset=\"https:\/\/i0.wp.com\/miradordeatarfe.es\/wp-content\/uploads\/2024\/06\/Captura20240606180843.png?w=342&amp;ssl=1 342w, https:\/\/i0.wp.com\/miradordeatarfe.es\/wp-content\/uploads\/2024\/06\/Captura20240606180843.png?resize=191%2C300&amp;ssl=1 191w\" sizes=\"auto, (max-width: 640px) 100vw, 640px\" \/><\/a><\/p>\n","protected":false},"excerpt":{"rendered":"<p>EL PASADO 4 DE JUNIO ENTRE LOS MUCHOS ACTOS QUE HAB\u00cdA EN ATARFE, UNO MUY&#8230;<\/p>\n","protected":false},"author":1,"featured_media":69847,"comment_status":"closed","ping_status":"closed","sticky":false,"template":"","format":"standard","meta":{"_coblocks_attr":"","_coblocks_dimensions":"","_coblocks_responsive_height":"","_coblocks_accordion_ie_support":"","jetpack_post_was_ever_published":false,"_jetpack_newsletter_access":"","_jetpack_dont_email_post_to_subs":false,"_jetpack_newsletter_tier_id":0,"_jetpack_memberships_contains_paywalled_content":false,"_jetpack_memberships_contains_paid_content":false,"footnotes":"","jetpack_publicize_message":"","jetpack_publicize_feature_enabled":true,"jetpack_social_post_already_shared":true,"jetpack_social_options":{"image_generator_settings":{"template":"highway","default_image_id":0,"enabled":false},"version":2}},"categories":[187,44,6937],"tags":[],"class_list":["post-69842","post","type-post","status-publish","format-standard","has-post-thumbnail","hentry","category-centros-educativos","category-noticias-de-hoy","category-sociedad"],"jetpack_publicize_connections":[],"jetpack_featured_media_url":"https:\/\/i0.wp.com\/miradordeatarfe.es\/wp-content\/uploads\/2024\/06\/1.png?fit=387%2C251&ssl=1","jetpack_likes_enabled":true,"jetpack_sharing_enabled":true,"_links":{"self":[{"href":"https:\/\/miradordeatarfe.es\/index.php?rest_route=\/wp\/v2\/posts\/69842","targetHints":{"allow":["GET"]}}],"collection":[{"href":"https:\/\/miradordeatarfe.es\/index.php?rest_route=\/wp\/v2\/posts"}],"about":[{"href":"https:\/\/miradordeatarfe.es\/index.php?rest_route=\/wp\/v2\/types\/post"}],"author":[{"embeddable":true,"href":"https:\/\/miradordeatarfe.es\/index.php?rest_route=\/wp\/v2\/users\/1"}],"replies":[{"embeddable":true,"href":"https:\/\/miradordeatarfe.es\/index.php?rest_route=%2Fwp%2Fv2%2Fcomments&post=69842"}],"version-history":[{"count":4,"href":"https:\/\/miradordeatarfe.es\/index.php?rest_route=\/wp\/v2\/posts\/69842\/revisions"}],"predecessor-version":[{"id":69860,"href":"https:\/\/miradordeatarfe.es\/index.php?rest_route=\/wp\/v2\/posts\/69842\/revisions\/69860"}],"wp:featuredmedia":[{"embeddable":true,"href":"https:\/\/miradordeatarfe.es\/index.php?rest_route=\/wp\/v2\/media\/69847"}],"wp:attachment":[{"href":"https:\/\/miradordeatarfe.es\/index.php?rest_route=%2Fwp%2Fv2%2Fmedia&parent=69842"}],"wp:term":[{"taxonomy":"category","embeddable":true,"href":"https:\/\/miradordeatarfe.es\/index.php?rest_route=%2Fwp%2Fv2%2Fcategories&post=69842"},{"taxonomy":"post_tag","embeddable":true,"href":"https:\/\/miradordeatarfe.es\/index.php?rest_route=%2Fwp%2Fv2%2Ftags&post=69842"}],"curies":[{"name":"wp","href":"https:\/\/api.w.org\/{rel}","templated":true}]}}