{"id":69851,"date":"2024-06-07T10:32:54","date_gmt":"2024-06-07T08:32:54","guid":{"rendered":"https:\/\/miradordeatarfe.es\/?p=69851"},"modified":"2024-06-07T11:31:43","modified_gmt":"2024-06-07T09:31:43","slug":"atarfe-gala-del-deporte-2024","status":"publish","type":"post","link":"https:\/\/miradordeatarfe.es\/?p=69851","title":{"rendered":"ATARFE: HOY GALA DEL DEPORTE 2024"},"content":{"rendered":"<h3>LA CONCEJAL\u00edA DE DEPORTES DEL AYUNTAMIENTO DE ATARFE\u00a0 recupera la Fiesta del Deporte\u00a0\u00a0 No puedes perderte esta gran celebraci\u00f3n.<\/h3>\n<h3><strong>Fecha: Viernes 7 de Junio<\/strong><br \/>\n<strong>Hora: 20:00<\/strong><br \/>\n<strong>\u00a0Lugar: Campo de F\u00fatbol<\/strong><\/h3>\n<p>En esta celebraci\u00f3n habr\u00e1:<\/p>\n<p><strong>Actuaciones musicales<\/strong><br \/>\n<strong>Desfile de todos los deportistas de Atarfe<\/strong><br \/>\n<strong>Reconocimiento y galardones a los deportistas y clubes por sus m\u00e9ritos 2023-2024<\/strong><\/p>\n<p>Hinchables y talleres para los m\u00e1s peque\u00f1os Fiesta y estar\u00e1 abierta la barra del campo de f\u00fatbol<\/p>\n<p>Ven a apoyar a nuestros deportistas y disfruta de una noche inolvidable. \u00a1No puedes faltar! \u00a1Nos lo vamos a pasar genial!<\/p>\n<p><a href=\"https:\/\/i0.wp.com\/miradordeatarfe.es\/wp-content\/uploads\/2024\/06\/IMG202406061906251-scaled.jpg?ssl=1\"><img data-recalc-dims=\"1\" loading=\"lazy\" decoding=\"async\" class=\"alignnone wp-image-69852 size-full\" src=\"https:\/\/i0.wp.com\/miradordeatarfe.es\/wp-content\/uploads\/2024\/06\/IMG202406061906251-scaled.jpg?resize=640%2C850&#038;ssl=1\" alt=\"\" width=\"640\" height=\"850\" srcset=\"https:\/\/i0.wp.com\/miradordeatarfe.es\/wp-content\/uploads\/2024\/06\/IMG202406061906251-scaled.jpg?w=1928&amp;ssl=1 1928w, https:\/\/i0.wp.com\/miradordeatarfe.es\/wp-content\/uploads\/2024\/06\/IMG202406061906251-scaled.jpg?resize=226%2C300&amp;ssl=1 226w, https:\/\/i0.wp.com\/miradordeatarfe.es\/wp-content\/uploads\/2024\/06\/IMG202406061906251-scaled.jpg?resize=771%2C1024&amp;ssl=1 771w, https:\/\/i0.wp.com\/miradordeatarfe.es\/wp-content\/uploads\/2024\/06\/IMG202406061906251-scaled.jpg?resize=768%2C1020&amp;ssl=1 768w, https:\/\/i0.wp.com\/miradordeatarfe.es\/wp-content\/uploads\/2024\/06\/IMG202406061906251-scaled.jpg?resize=1157%2C1536&amp;ssl=1 1157w, https:\/\/i0.wp.com\/miradordeatarfe.es\/wp-content\/uploads\/2024\/06\/IMG202406061906251-scaled.jpg?resize=1542%2C2048&amp;ssl=1 1542w, https:\/\/i0.wp.com\/miradordeatarfe.es\/wp-content\/uploads\/2024\/06\/IMG202406061906251-scaled.jpg?resize=1024%2C1360&amp;ssl=1 1024w, https:\/\/i0.wp.com\/miradordeatarfe.es\/wp-content\/uploads\/2024\/06\/IMG202406061906251-scaled.jpg?resize=1320%2C1753&amp;ssl=1 1320w\" sizes=\"auto, (max-width: 640px) 100vw, 640px\" \/><\/a><\/p>\n","protected":false},"excerpt":{"rendered":"<p>LA CONCEJAL\u00edA DE DEPORTES DEL AYUNTAMIENTO DE ATARFE\u00a0 recupera la Fiesta del Deporte\u00a0\u00a0 No puedes&#8230;<\/p>\n","protected":false},"author":1,"featured_media":69853,"comment_status":"closed","ping_status":"closed","sticky":false,"template":"","format":"standard","meta":{"_coblocks_attr":"","_coblocks_dimensions":"","_coblocks_responsive_height":"","_coblocks_accordion_ie_support":"","jetpack_post_was_ever_published":false,"_jetpack_newsletter_access":"","_jetpack_dont_email_post_to_subs":false,"_jetpack_newsletter_tier_id":0,"_jetpack_memberships_contains_paywalled_content":false,"_jetpack_memberships_contains_paid_content":false,"footnotes":"","jetpack_publicize_message":"","jetpack_publicize_feature_enabled":true,"jetpack_social_post_already_shared":true,"jetpack_social_options":{"image_generator_settings":{"template":"highway","default_image_id":0,"enabled":false},"version":2}},"categories":[6916,186,44],"tags":[],"class_list":["post-69851","post","type-post","status-publish","format-standard","has-post-thumbnail","hentry","category-ayuntamiento-de-atarfe","category-instituciones","category-noticias-de-hoy"],"jetpack_publicize_connections":[],"jetpack_featured_media_url":"https:\/\/i0.wp.com\/miradordeatarfe.es\/wp-content\/uploads\/2024\/06\/IMG202406061906252-scaled.jpg?fit=2560%2C844&ssl=1","jetpack_likes_enabled":true,"jetpack_sharing_enabled":true,"_links":{"self":[{"href":"https:\/\/miradordeatarfe.es\/index.php?rest_route=\/wp\/v2\/posts\/69851","targetHints":{"allow":["GET"]}}],"collection":[{"href":"https:\/\/miradordeatarfe.es\/index.php?rest_route=\/wp\/v2\/posts"}],"about":[{"href":"https:\/\/miradordeatarfe.es\/index.php?rest_route=\/wp\/v2\/types\/post"}],"author":[{"embeddable":true,"href":"https:\/\/miradordeatarfe.es\/index.php?rest_route=\/wp\/v2\/users\/1"}],"replies":[{"embeddable":true,"href":"https:\/\/miradordeatarfe.es\/index.php?rest_route=%2Fwp%2Fv2%2Fcomments&post=69851"}],"version-history":[{"count":3,"href":"https:\/\/miradordeatarfe.es\/index.php?rest_route=\/wp\/v2\/posts\/69851\/revisions"}],"predecessor-version":[{"id":69865,"href":"https:\/\/miradordeatarfe.es\/index.php?rest_route=\/wp\/v2\/posts\/69851\/revisions\/69865"}],"wp:featuredmedia":[{"embeddable":true,"href":"https:\/\/miradordeatarfe.es\/index.php?rest_route=\/wp\/v2\/media\/69853"}],"wp:attachment":[{"href":"https:\/\/miradordeatarfe.es\/index.php?rest_route=%2Fwp%2Fv2%2Fmedia&parent=69851"}],"wp:term":[{"taxonomy":"category","embeddable":true,"href":"https:\/\/miradordeatarfe.es\/index.php?rest_route=%2Fwp%2Fv2%2Fcategories&post=69851"},{"taxonomy":"post_tag","embeddable":true,"href":"https:\/\/miradordeatarfe.es\/index.php?rest_route=%2Fwp%2Fv2%2Ftags&post=69851"}],"curies":[{"name":"wp","href":"https:\/\/api.w.org\/{rel}","templated":true}]}}