{"id":69867,"date":"2024-06-07T13:25:49","date_gmt":"2024-06-07T11:25:49","guid":{"rendered":"https:\/\/miradordeatarfe.es\/?p=69867"},"modified":"2024-06-07T13:27:23","modified_gmt":"2024-06-07T11:27:23","slug":"69867","status":"publish","type":"post","link":"https:\/\/miradordeatarfe.es\/?p=69867","title":{"rendered":"ATARFE: NOCHE DE LAS ESTRELLAS por la Feria de la Ciencia"},"content":{"rendered":"<h3>Desde la Coordinaci\u00f3n de la Feria de la Ciencia de Atarfe, nos complace invitarles a nuestra actividad de cierre es XV edici\u00f3n. LA NOCHE DE LAS ESTRELLAS, este a\u00f1o podremos disfrutar de una tarde\/noche m\u00e1gica en la que podemos participar en talleres, visitar exposiciones, mirar el sol e incluso crear un cohete impulsado por agua.<\/h3>\n<p>NO TE PIERDAS ESTA OPORTUNIDAD. Vente a disfrutar una velada diferente y cient\u00edfica, en la que te divertir\u00e1s y aprender\u00e1s sobre nuestra casa, el Sistema Solar.<br \/>\nADEM\u00c1S TRAETE ALGO PARA PICAR Y REFRESCARTE<\/p>\n<h3>NOCHE DE LAS ESTRELLAS<br \/>\nLUGAR: CEIP Fernando de los R\u00edos<br \/>\nFECHA: Viernes 7 de Junio a partir de las 19:00 horas<\/h3>\n<p>Vente con nosotros a disfrutar de una noche diferente, una noche cient\u00edfica llena de talleres e informaci\u00f3n sobre nuestro Sistema Solar. Podr\u00e1s encontrar talleres distintos y din\u00e1micos, en los que aprender\u00e1s mucho.<\/p>\n<h2>Horario:<\/h2>\n<p><strong>19:00 horas<\/strong>: Recepci\u00f3n y creaci\u00f3n de grupos para talleres<\/p>\n<p><strong>19:30-20:30:<\/strong> cada grupo podr\u00e1 visitar de forma organizada los siguientes talleres con una duraci\u00f3n de cada uno de 30 minutos en el orden asignado<br \/>\n\u2022 Lanzamiento de cohetes: aprenderemos a lanzar cohetes con agua<br \/>\n\u2022 Planetario: Nos adentraremos en la v\u00eda L\u00e1ctea <br \/>\n\u2022 Observaci\u00f3n Solar<br \/>\n\u2022 Exposici\u00f3n de GALOPLANETAS: podremos disfrutar de una exposici\u00f3n de nuestro Sistema Solar tejido<\/p>\n<p><strong>20:30-22:30<\/strong>: cada grupo podr\u00e1 visitar de forma organizada los siguientes talleres con una duraci\u00f3n de cada uno de 30 minutos en el orden asignado<br \/>\n\u2022 Lanzamiento de cohetes: aprenderemos a lanzar cohetes con agua<br \/>\n\u2022 Planetario: Nos adentraremos en la v\u00eda L\u00e1ctea <br \/>\n\u2022 Taller de Meteoritos<br \/>\n\u2022 Exposici\u00f3n de GALOPLANETAS: podremos disfrutar de una exposici\u00f3n de nuestro Sistema Solar tejido<\/p>\n<p><strong>22:30-23:30:<\/strong> cada grupo podr\u00e1 visitar de forma organizada los siguientes talleres con una duraci\u00f3n de cada uno de 30 minutos en el orden asignado<br \/>\n\u2022 Lanzamiento de cohetes: aprenderemos a lanzar cohetes con agua<br \/>\n\u2022 Planetario: Nos adentraremos en la v\u00eda L\u00e1ctea <br \/>\n\u2022 Observaci\u00f3n de estrellas<br \/>\n\u2022 Exposici\u00f3n de GALOPLANETAS: podremos disfrutar de una exposici\u00f3n de nuestro Sistema Solar tejido<\/p>\n<h3>Adem\u00e1s, contaremos con actividades interactivas como kahhots y seguimiento de planetas con la app SkyMap. AS\u00ed que trae tu dispositivo m\u00f3vil.<\/h3>\n<p><a href=\"https:\/\/i0.wp.com\/miradordeatarfe.es\/wp-content\/uploads\/2024\/06\/Imagen-de-WhatsApp-2024-06-07-a-las-00.12.56_a614e33c.jpg?ssl=1\"><img data-recalc-dims=\"1\" loading=\"lazy\" decoding=\"async\" class=\"alignnone wp-image-69868 \" src=\"https:\/\/i0.wp.com\/miradordeatarfe.es\/wp-content\/uploads\/2024\/06\/Imagen-de-WhatsApp-2024-06-07-a-las-00.12.56_a614e33c.jpg?resize=640%2C891&#038;ssl=1\" alt=\"\" width=\"640\" height=\"891\" srcset=\"https:\/\/i0.wp.com\/miradordeatarfe.es\/wp-content\/uploads\/2024\/06\/Imagen-de-WhatsApp-2024-06-07-a-las-00.12.56_a614e33c.jpg?w=661&amp;ssl=1 661w, https:\/\/i0.wp.com\/miradordeatarfe.es\/wp-content\/uploads\/2024\/06\/Imagen-de-WhatsApp-2024-06-07-a-las-00.12.56_a614e33c.jpg?resize=216%2C300&amp;ssl=1 216w\" sizes=\"auto, (max-width: 640px) 100vw, 640px\" \/><\/a><\/p>\n","protected":false},"excerpt":{"rendered":"<p>Desde la Coordinaci\u00f3n de la Feria de la Ciencia de Atarfe, nos complace invitarles a&#8230;<\/p>\n","protected":false},"author":1,"featured_media":69869,"comment_status":"closed","ping_status":"closed","sticky":false,"template":"","format":"standard","meta":{"_coblocks_attr":"","_coblocks_dimensions":"","_coblocks_responsive_height":"","_coblocks_accordion_ie_support":"","jetpack_post_was_ever_published":false,"_jetpack_newsletter_access":"","_jetpack_dont_email_post_to_subs":false,"_jetpack_newsletter_tier_id":0,"_jetpack_memberships_contains_paywalled_content":false,"_jetpack_memberships_contains_paid_content":false,"footnotes":"","jetpack_publicize_message":"","jetpack_publicize_feature_enabled":true,"jetpack_social_post_already_shared":true,"jetpack_social_options":{"image_generator_settings":{"template":"highway","default_image_id":0,"enabled":false},"version":2}},"categories":[10778,186,44],"tags":[],"class_list":["post-69867","post","type-post","status-publish","format-standard","has-post-thumbnail","hentry","category-feria-de-la-ciencia-atarfe","category-instituciones","category-noticias-de-hoy"],"jetpack_publicize_connections":[],"jetpack_featured_media_url":"https:\/\/i0.wp.com\/miradordeatarfe.es\/wp-content\/uploads\/2024\/06\/Imagen-de-WhatsApp-2024-06-07-a-las-00.12.56_8254d048-2.jpg?fit=661%2C441&ssl=1","jetpack_likes_enabled":true,"jetpack_sharing_enabled":true,"_links":{"self":[{"href":"https:\/\/miradordeatarfe.es\/index.php?rest_route=\/wp\/v2\/posts\/69867","targetHints":{"allow":["GET"]}}],"collection":[{"href":"https:\/\/miradordeatarfe.es\/index.php?rest_route=\/wp\/v2\/posts"}],"about":[{"href":"https:\/\/miradordeatarfe.es\/index.php?rest_route=\/wp\/v2\/types\/post"}],"author":[{"embeddable":true,"href":"https:\/\/miradordeatarfe.es\/index.php?rest_route=\/wp\/v2\/users\/1"}],"replies":[{"embeddable":true,"href":"https:\/\/miradordeatarfe.es\/index.php?rest_route=%2Fwp%2Fv2%2Fcomments&post=69867"}],"version-history":[{"count":3,"href":"https:\/\/miradordeatarfe.es\/index.php?rest_route=\/wp\/v2\/posts\/69867\/revisions"}],"predecessor-version":[{"id":69872,"href":"https:\/\/miradordeatarfe.es\/index.php?rest_route=\/wp\/v2\/posts\/69867\/revisions\/69872"}],"wp:featuredmedia":[{"embeddable":true,"href":"https:\/\/miradordeatarfe.es\/index.php?rest_route=\/wp\/v2\/media\/69869"}],"wp:attachment":[{"href":"https:\/\/miradordeatarfe.es\/index.php?rest_route=%2Fwp%2Fv2%2Fmedia&parent=69867"}],"wp:term":[{"taxonomy":"category","embeddable":true,"href":"https:\/\/miradordeatarfe.es\/index.php?rest_route=%2Fwp%2Fv2%2Fcategories&post=69867"},{"taxonomy":"post_tag","embeddable":true,"href":"https:\/\/miradordeatarfe.es\/index.php?rest_route=%2Fwp%2Fv2%2Ftags&post=69867"}],"curies":[{"name":"wp","href":"https:\/\/api.w.org\/{rel}","templated":true}]}}