{"id":69984,"date":"2024-06-14T10:23:04","date_gmt":"2024-06-14T08:23:04","guid":{"rendered":"https:\/\/miradordeatarfe.es\/?p=69984"},"modified":"2024-06-14T12:17:50","modified_gmt":"2024-06-14T10:17:50","slug":"salvemos-la-vega-ahora-de-las-fotovoltaicas-por-agustin-martinez","status":"publish","type":"post","link":"https:\/\/miradordeatarfe.es\/?p=69984","title":{"rendered":"\u00abSalvemos la Vega, ahora de las fotovoltaicas\u00bb por Agust\u00edn Mart\u00ednez"},"content":{"rendered":"<div class=\"entry-body\">\n<h3 style=\"text-align: justify;\">Hace tres a\u00f1os, por primera vez en la historia de esta ciudad, m\u00e1s de 50 asociaciones y colectivos, agrupados en la plataforma \u00abVega Sur te Quiero Verde\u00bb, se sumaban a la petici\u00f3n de detener el proyecto de la VAU09, la Autov\u00eda de la Vega que se proyectaba para conectar los municipios de la zona sur y que, para muchos supon\u00eda asestar una nueva pu\u00f1alada, la en\u00e9sima, a este lugar donde muchas personas han descubierto el valor de caminar, correr, o montar en bicicleta, lejos del asfalto que nos asfixia y nos enferma.<\/h3>\n<p style=\"text-align: justify;\">La Vega de Granada, o lo que queda de ella, es un ecosistema verde que rodea a nuestra ciudad y se intercala entre los municipios del \u00e1rea metropolitana con huertos, caminos, acequias y cultivos, que amortiguan los nocivos efectos sobre la salud que provoca nuestro principal medio de transporte y nuestra forma de vida.<\/p>\n<p style=\"text-align: justify;\">Durante mucho tiempo la principal amenaza que se ha cernido sobre la Vega, ha sido la de la especulaci\u00f3n urban\u00edstica, con cada ayuntamiento \u201cmordiendo\u201d su trozo de Vega en favor del ladrillo, porque como todos hemos aprendido, primero se proyecta una carretera y poco despu\u00e9s florecen en sus m\u00e1rgenes, urbanizaciones, y construcciones de todo tipo, a mayor gloria de los especuladores de toda la vida.<\/p>\n<p style=\"text-align: justify;\">Ahora se da la paradoja de que la nueva amenaza para el futuro de nuestra Vega, viene de la mano de las plantas fotovoltaicas generadoras de una supuesta energ\u00eda limpia, a las que en principio cualquiera con una m\u00ednima conciencia medioambiental apoyar\u00edamos, pero que en el caso de la Vega sobrepasa todo lo admisible y puede suponer la puntilla para buena parte de lo que nos resta de este maravilloso espacio.<\/p>\n<p style=\"text-align: justify;\">Las instalaciones generadoras de energ\u00edas renovables est\u00e1n cambiando nuestros paisajes de forma acelerada. Al proceso que se inici\u00f3 lentamente con la aparici\u00f3n de los molinos de viento en las crestas de nuestra geograf\u00eda, se suman las placas fotovoltaicas que arrastran nuevos tendidos el\u00e9ctricos de alta capacidad, en su mayor\u00eda a\u00e9reos, y grandes torres met\u00e1licas. Todo ello a una enorme velocidad.<\/p>\n<p style=\"text-align: justify;\">Como bien dicen Pedro Salmer\u00f3n y Francisco Cord\u00f3n: \u201cel desarrollo incontrolado y devastador de estos megaproyectos est\u00e1n convirtiendo el territorio en un vertedero, en un espacio de sacrificio para el negocio de grandes grupos empresariales y de inversi\u00f3n. La falta de control est\u00e1 permitiendo que se fragmenten las actuaciones de forma impune para eludir tr\u00e1mites y est\u00e1 siendo habitual que unos promotores aleguen contra otros porque sus proyectos o l\u00edneas de conexi\u00f3n interfieren.\u201d<\/p>\n<p style=\"text-align: justify;\">En el coraz\u00f3n de la provincia, la nueva subestaci\u00f3n de 400 kilovoltios \u201cPromotores Caparacena\u201d, al lado de la existente en Caparacena ya saturada, y la subestaci\u00f3n de 220 kilovoltios \u201cSeccionamiento Productores Atarfe\u201d, al este de Sierra Elvira y por encima de la A-92, colocan el acceso energ\u00e9tico a las puertas de la Vega de Granada. En esta transformaci\u00f3n primero van las l\u00edneas de transporte de energ\u00eda, que traen la capacidad a la conexi\u00f3n, y a rengl\u00f3n seguido los desarrollos de placas sin orden ni concierto, con sus l\u00edneas de evacuaci\u00f3n y subestaciones de transporte.<\/p>\n<p style=\"text-align: justify;\">Con este asunto nos estamos jugando nuestra salud, la de nuestros hijos e hijas y la calidad de vida de un entorno que ha vivido siempre en una maravillosa conexi\u00f3n con la naturaleza que la rodea, hasta que hemos llegado nosotros y primero con carreteras, despu\u00e9s con edificios y ahora con placas solares, nos la estamos cargando.<\/p>\n<p style=\"text-align: justify;\">Las enormes plantas fotovoltaicas de la Vega colisionan frontalmente con los objetivos de transici\u00f3n ecol\u00f3gica que deben marcar la recuperaci\u00f3n econ\u00f3mica. Suponen adem\u00e1s un grav\u00edsimo atentado contra el patrimonio agrario y etnol\u00f3gico de la Vega, como parte integrante de la memoria territorial y paisaj\u00edstica de la ciudadan\u00eda granadina y atentan contra del Pacto por la Vega suscrito por todos los partidos pol\u00edticos en febrero de 2015, que en su punto primero insta a que las consejer\u00edas con competencia en la materia, realicen los cambios normativos necesarios para proteger los suelos agrarios de la Vega de Granada, frente a cualquier otro uso no compatible con dicha actividad, as\u00ed como iniciar los procesos para recuperar los espacios degradados de la misma.<\/p>\n<p style=\"text-align: justify;\">La construcci\u00f3n de estas nuevas plantas y las \u201cautopistas el\u00e9ctricas\u201d que deben trasladar la energ\u00eda producida, fragmentar\u00eda a\u00fan m\u00e1s lo que queda de la Vega y har\u00eda m\u00e1s inviable si cabe la actividad agraria que le da sentido. Se destruir\u00edan muchas hect\u00e1reas de cultivo y acequias de riego, lo que supondr\u00eda un grave perjuicio para las familias que se dedican a la agricultura, as\u00ed como la liquidaci\u00f3n del medio natural que ha proporcionado hist\u00f3ricamente alimentos y sustento econ\u00f3mico a Granada, con la consecuente degradaci\u00f3n irreversible del paisaje y de los usos ciudadanos asociados a la trama de peque\u00f1as explotaciones agr\u00edcolas conectadas por senderos, espacios para uso social y comunitario, deportivo, ocio saludable y desplazamientos alternativos.<\/p>\n<p style=\"text-align: justify;\">La Vega es adem\u00e1s una reserva natural de agua gracias a sus acu\u00edferos, patrimonio colectivo que hay que proteger como garant\u00eda de reserva de abastecimiento. En resumen, nuestras tierras f\u00e9rtiles son una garant\u00eda de suministro local de productos de primera necesidad que es imperativo proteger.<\/p>\n<p style=\"text-align: justify;\">Pero es que adem\u00e1s, la construcci\u00f3n de estas nuevas plantas, supondr\u00eda un derroche econ\u00f3mico inaceptable, con una eficiencia y rentabilidad econ\u00f3mica, social y ambiental seriamente cuestionada, ya que estamos hablando de un equipamiento cuya generaci\u00f3n energ\u00e9tica superar\u00eda con mucho nuestras necesidades y se dedicar\u00eda a cubrir la de los pa\u00edses europeos, convirtiendo a nuestra Vega en una especie de \u201cbater\u00eda\u201d de Europa y lo que es peor, que tecnol\u00f3gicamente puede quedar obsoleto en muy pocos a\u00f1os, convirti\u00e9ndola en un aut\u00e9ntico vertedero de chatarra.<\/p>\n<p style=\"text-align: justify;\">Unas plantas que si bien a d\u00eda de hoy pueden suponer suculentos ingresos a los ayuntamientos en cuyos t\u00e9rminos municipales se instalen, apenas si generan empleo m\u00e1s all\u00e1 de su construcci\u00f3n y acaban con la actividad econ\u00f3mica agr\u00edcola que ahora se desarrolla en esos terrenos. Es lo que solemos conocer con el dicho de \u201cpan para hoy y hambre para ma\u00f1ana\u201d. No lo consintamos.<\/p>\n<p><a class=\"entry-author hcard fn\" href=\"https:\/\/www.lavozdegranada.info\/author\/agustin-martinez\/\" target=\"_blank\" rel=\"noopener\"><strong>Agust\u00edn Mart\u00ednez<\/strong><\/a><\/p>\n<p>https:\/\/www.lavozdegranada.info\/salvemos-la-vega-ahora-de-las-fotovoltaicas\/<\/p>\n<p>FOTO: https:\/\/curiosoando.com\/como-funciona-un-panel-solar<\/p>\n<\/div>\n","protected":false},"excerpt":{"rendered":"<p>Hace tres a\u00f1os, por primera vez en la historia de esta ciudad, m\u00e1s de 50&#8230;<\/p>\n","protected":false},"author":1,"featured_media":69985,"comment_status":"closed","ping_status":"closed","sticky":false,"template":"","format":"standard","meta":{"_coblocks_attr":"","_coblocks_dimensions":"","_coblocks_responsive_height":"","_coblocks_accordion_ie_support":"","jetpack_post_was_ever_published":false,"_jetpack_newsletter_access":"","_jetpack_dont_email_post_to_subs":false,"_jetpack_newsletter_tier_id":0,"_jetpack_memberships_contains_paywalled_content":false,"_jetpack_memberships_contains_paid_content":false,"footnotes":"","jetpack_publicize_message":"","jetpack_publicize_feature_enabled":true,"jetpack_social_post_already_shared":true,"jetpack_social_options":{"image_generator_settings":{"template":"highway","default_image_id":0,"enabled":false},"version":2}},"categories":[2,7725,186,9,44],"tags":[],"class_list":["post-69984","post","type-post","status-publish","format-standard","has-post-thumbnail","hentry","category-atarfe","category-atarfe-sostenible","category-instituciones","category-medio-ambiente","category-noticias-de-hoy"],"jetpack_publicize_connections":[],"jetpack_featured_media_url":"https:\/\/i0.wp.com\/miradordeatarfe.es\/wp-content\/uploads\/2024\/06\/planta_fotovoltaica-800x535-1.jpg?fit=800%2C535&ssl=1","jetpack_likes_enabled":true,"jetpack_sharing_enabled":true,"_links":{"self":[{"href":"https:\/\/miradordeatarfe.es\/index.php?rest_route=\/wp\/v2\/posts\/69984","targetHints":{"allow":["GET"]}}],"collection":[{"href":"https:\/\/miradordeatarfe.es\/index.php?rest_route=\/wp\/v2\/posts"}],"about":[{"href":"https:\/\/miradordeatarfe.es\/index.php?rest_route=\/wp\/v2\/types\/post"}],"author":[{"embeddable":true,"href":"https:\/\/miradordeatarfe.es\/index.php?rest_route=\/wp\/v2\/users\/1"}],"replies":[{"embeddable":true,"href":"https:\/\/miradordeatarfe.es\/index.php?rest_route=%2Fwp%2Fv2%2Fcomments&post=69984"}],"version-history":[{"count":1,"href":"https:\/\/miradordeatarfe.es\/index.php?rest_route=\/wp\/v2\/posts\/69984\/revisions"}],"predecessor-version":[{"id":69986,"href":"https:\/\/miradordeatarfe.es\/index.php?rest_route=\/wp\/v2\/posts\/69984\/revisions\/69986"}],"wp:featuredmedia":[{"embeddable":true,"href":"https:\/\/miradordeatarfe.es\/index.php?rest_route=\/wp\/v2\/media\/69985"}],"wp:attachment":[{"href":"https:\/\/miradordeatarfe.es\/index.php?rest_route=%2Fwp%2Fv2%2Fmedia&parent=69984"}],"wp:term":[{"taxonomy":"category","embeddable":true,"href":"https:\/\/miradordeatarfe.es\/index.php?rest_route=%2Fwp%2Fv2%2Fcategories&post=69984"},{"taxonomy":"post_tag","embeddable":true,"href":"https:\/\/miradordeatarfe.es\/index.php?rest_route=%2Fwp%2Fv2%2Ftags&post=69984"}],"curies":[{"name":"wp","href":"https:\/\/api.w.org\/{rel}","templated":true}]}}