{"id":69998,"date":"2024-06-16T11:00:54","date_gmt":"2024-06-16T09:00:54","guid":{"rendered":"https:\/\/miradordeatarfe.es\/?p=69998"},"modified":"2024-06-16T09:42:38","modified_gmt":"2024-06-16T07:42:38","slug":"atarfe-los-representantes-del-consejo-infantil-realizan-un-pleno","status":"publish","type":"post","link":"https:\/\/miradordeatarfe.es\/?p=69998","title":{"rendered":"ATARFE: LOS REPRESENTANTES DEL CONSEJO INFANTIL REALIZAN UN PLENO"},"content":{"rendered":"<div class=\"xdj266r x11i5rnm xat24cr x1mh8g0r x1vvkbs x126k92a\">\n<h3 dir=\"auto\" style=\"text-align: justify;\">Nuestros futuros l\u00edderes (alumnado de nuestros centros educativos)\u00a0 han sido los protagonistas de un Pleno Infantil<\/h3>\n<\/div>\n<div class=\"x11i5rnm xat24cr x1mh8g0r x1vvkbs xtlvy1s x126k92a\" style=\"text-align: justify;\">\n<div dir=\"auto\" style=\"text-align: justify;\">El pasado Jueves 13 de Junio a las 12:00, los m\u00e1s peque\u00f1os del municipio, protagonizaron un compromiso con la vida municipal con la celebraci\u00f3n de un <strong>Pleno Infantil.<\/strong><\/div>\n<div dir=\"auto\">\u00a0<\/div>\n<div dir=\"auto\"><strong>Propone escuchar a los ni\u00f1os, pedirles su perspectiva, o\u00edr sus denuncias y propuestas y permitir que la pol\u00edtica p\u00fablica se impregne de la singularidad y potencia del pensamiento de los ni\u00f1os, <\/strong>. el mismo que lamentablemente los adultos ya no recordamos.<\/div>\n<\/div>\n<div dir=\"auto\" style=\"text-align: justify;\">\n<p>Una ciudad buena para los ni\u00f1os es una ciudad buena para todos, es una de las frases m\u00e1s conocidas y recurrentes que nos propone Francesco Tonucci desde hace muchos a\u00f1os. Esta frase contiene un concepto importante que concierne a la pol\u00edtica y la planificaci\u00f3n urbana de las ciudades, <strong>en favor de la mejor convivencia y calidad de vida de las personas. <\/strong><\/p>\n<p>Una pol\u00edtica que toma nota de la los derechos de los ni\u00f1os, escucha a los ni\u00f1os y los involucra en las decisiones gubernamentales, obteniendo un resultado mucho m\u00e1s amplio e incluso global: el de transformar el espacio urbano, <strong>haci\u00e9ndolo apto para todos los ciudadanos..<\/strong>.<\/p>\n<\/div>\n<div class=\"x11i5rnm xat24cr x1mh8g0r x1vvkbs xtlvy1s x126k92a\" style=\"text-align: justify;\">\n<div dir=\"auto\">Nuestro agradecimiento y enhorabuena a todos los ni\u00f1os y ni\u00f1as que vais a hacer realidad estos momentos tan especiales. Nos sentimos orgullosos de vuestro trabajo para construir el futuro de nuestro pueblo.Est\u00e1is sembrado la semilla de lo que ser\u00e1n las personas que liderar\u00e1n nuestra sociedad dentro de unos a\u00f1os, construyendo un Mundo y un Atarfe a\u00fan mejor.<\/div>\n<\/div>\n<div class=\"x11i5rnm xat24cr x1mh8g0r x1vvkbs xtlvy1s x126k92a\" style=\"text-align: justify;\">\n<div dir=\"auto\" style=\"text-align: justify;\">Puedes seguirlo en directo a trav\u00e9s de Internet:<\/div>\n<\/div>\n<div class=\"x11i5rnm xat24cr x1mh8g0r x1vvkbs xtlvy1s x126k92a\">\n<h3 dir=\"auto\" style=\"text-align: justify;\">\u00a0<\/h3>\n<p><iframe loading=\"lazy\" title=\"PLENO INFANTIL - 13 JUNIO 2024\" width=\"640\" height=\"360\" src=\"https:\/\/www.youtube.com\/embed\/z44aAX2IZAU?feature=oembed\" frameborder=\"0\" allow=\"accelerometer; autoplay; clipboard-write; encrypted-media; gyroscope; picture-in-picture; web-share\" referrerpolicy=\"strict-origin-when-cross-origin\" allowfullscreen><\/iframe><\/p>\n<\/div>\n","protected":false},"excerpt":{"rendered":"<p>Nuestros futuros l\u00edderes (alumnado de nuestros centros educativos)\u00a0 han sido los protagonistas de un Pleno&#8230;<\/p>\n","protected":false},"author":1,"featured_media":69999,"comment_status":"closed","ping_status":"closed","sticky":false,"template":"","format":"standard","meta":{"_coblocks_attr":"","_coblocks_dimensions":"","_coblocks_responsive_height":"","_coblocks_accordion_ie_support":"","jetpack_post_was_ever_published":false,"_jetpack_newsletter_access":"","_jetpack_dont_email_post_to_subs":false,"_jetpack_newsletter_tier_id":0,"_jetpack_memberships_contains_paywalled_content":false,"_jetpack_memberships_contains_paid_content":false,"footnotes":"","jetpack_publicize_message":"","jetpack_publicize_feature_enabled":true,"jetpack_social_post_already_shared":true,"jetpack_social_options":{"image_generator_settings":{"template":"highway","default_image_id":0,"enabled":false},"version":2}},"categories":[1225,186,44],"tags":[],"class_list":["post-69998","post","type-post","status-publish","format-standard","has-post-thumbnail","hentry","category-ha-de-atarfe","category-instituciones","category-noticias-de-hoy"],"jetpack_publicize_connections":[],"jetpack_featured_media_url":"https:\/\/i0.wp.com\/miradordeatarfe.es\/wp-content\/uploads\/2024\/06\/via-dal-cortile_aps_es-qlzv7stgt84bsw5w3fapmpo34zfxv812pedya80ebs.jpg?fit=1140%2C500&ssl=1","jetpack_likes_enabled":true,"jetpack_sharing_enabled":true,"_links":{"self":[{"href":"https:\/\/miradordeatarfe.es\/index.php?rest_route=\/wp\/v2\/posts\/69998","targetHints":{"allow":["GET"]}}],"collection":[{"href":"https:\/\/miradordeatarfe.es\/index.php?rest_route=\/wp\/v2\/posts"}],"about":[{"href":"https:\/\/miradordeatarfe.es\/index.php?rest_route=\/wp\/v2\/types\/post"}],"author":[{"embeddable":true,"href":"https:\/\/miradordeatarfe.es\/index.php?rest_route=\/wp\/v2\/users\/1"}],"replies":[{"embeddable":true,"href":"https:\/\/miradordeatarfe.es\/index.php?rest_route=%2Fwp%2Fv2%2Fcomments&post=69998"}],"version-history":[{"count":1,"href":"https:\/\/miradordeatarfe.es\/index.php?rest_route=\/wp\/v2\/posts\/69998\/revisions"}],"predecessor-version":[{"id":70000,"href":"https:\/\/miradordeatarfe.es\/index.php?rest_route=\/wp\/v2\/posts\/69998\/revisions\/70000"}],"wp:featuredmedia":[{"embeddable":true,"href":"https:\/\/miradordeatarfe.es\/index.php?rest_route=\/wp\/v2\/media\/69999"}],"wp:attachment":[{"href":"https:\/\/miradordeatarfe.es\/index.php?rest_route=%2Fwp%2Fv2%2Fmedia&parent=69998"}],"wp:term":[{"taxonomy":"category","embeddable":true,"href":"https:\/\/miradordeatarfe.es\/index.php?rest_route=%2Fwp%2Fv2%2Fcategories&post=69998"},{"taxonomy":"post_tag","embeddable":true,"href":"https:\/\/miradordeatarfe.es\/index.php?rest_route=%2Fwp%2Fv2%2Ftags&post=69998"}],"curies":[{"name":"wp","href":"https:\/\/api.w.org\/{rel}","templated":true}]}}