{"id":70001,"date":"2024-06-17T08:42:28","date_gmt":"2024-06-17T06:42:28","guid":{"rendered":"https:\/\/miradordeatarfe.es\/?p=70001"},"modified":"2024-06-17T12:03:33","modified_gmt":"2024-06-17T10:03:33","slug":"un-salto-formidable","status":"publish","type":"post","link":"https:\/\/miradordeatarfe.es\/?p=70001","title":{"rendered":"Un salto formidable"},"content":{"rendered":"<h3>El estallido de j\u00f3venes universitarios que se produjo en este pa\u00eds en los a\u00f1os 80 y 90, procedentes de todas las clases sociales, fue una aut\u00e9ntica maravilla, la constataci\u00f3n de que Espa\u00f1a comenzaba a parecerse al resto de los grandes pa\u00edses de Europa<\/h3>\n<p>En 1960 hab\u00eda en toda Espa\u00f1a 14.000 alumnos matriculados en Medicina, 13.000 en Derecho y 6.000 en Econom\u00eda. Veinte a\u00f1os despu\u00e9s, ya en democracia, eran 83.000 en medicina, 70.000 Derecho y 68.000 en Econom\u00eda. Y en el curso 2022-2023 hay matriculados en todo el sistema universitarios 1.700.000 j\u00f3venes.<\/p>\n<p>Los expertos dicen que existe ahora una sobre cualificaci\u00f3n, es decir, que hay casi demasiados j\u00f3venes integrados en el sistema universitario. Seguramente es verdad, y hay que prestar m\u00e1s atenci\u00f3n a otro tipo de ense\u00f1anzas, como la formaci\u00f3n profesional, pero para la generaci\u00f3n que conoci\u00f3 una Espa\u00f1a en la que a la universidad solo llegaba una peque\u00f1a \u00e9lite, procedente de familias acomodadas, el estallido de j\u00f3venes universitarios que se produjo en este pa\u00eds en los a\u00f1os 80y 90, procedentes de todas las clases sociales, fue una aut\u00e9ntica maravilla, la constataci\u00f3n de que Espa\u00f1a comenzaba a parecerse al resto de los grandes pa\u00edses de Europa.<\/p>\n<p>La alegr\u00eda es todav\u00eda mayor cuando se constata que hoy d\u00eda m\u00e1s del 50% de esos estudiantes son mujeres. Es verdad que la universidad tiene ahora otros problemas, que necesita mejorar su calidad, tanto en la p\u00fablica, como, sobre todo, en la privada, y aumentar su financiaci\u00f3n. Todo eso es cierto, pero sigue calentando el coraz\u00f3n recordar aquel formidable salto.<\/p>\n<p>&nbsp;<\/p>\n<p><strong>Soledad Gallego-D\u00edaz<\/strong><\/p>\n","protected":false},"excerpt":{"rendered":"<p>El estallido de j\u00f3venes universitarios que se produjo en este pa\u00eds en los a\u00f1os 80&#8230;<\/p>\n","protected":false},"author":1,"featured_media":70002,"comment_status":"closed","ping_status":"closed","sticky":false,"template":"","format":"standard","meta":{"_coblocks_attr":"","_coblocks_dimensions":"","_coblocks_responsive_height":"","_coblocks_accordion_ie_support":"","jetpack_post_was_ever_published":false,"_jetpack_newsletter_access":"","_jetpack_dont_email_post_to_subs":false,"_jetpack_newsletter_tier_id":0,"_jetpack_memberships_contains_paywalled_content":false,"_jetpack_memberships_contains_paid_content":false,"footnotes":"","jetpack_publicize_message":"","jetpack_publicize_feature_enabled":true,"jetpack_social_post_already_shared":false,"jetpack_social_options":{"image_generator_settings":{"template":"highway","default_image_id":0,"enabled":false},"version":2}},"categories":[187,1161,44],"tags":[],"class_list":["post-70001","post","type-post","status-publish","format-standard","has-post-thumbnail","hentry","category-centros-educativos","category-ciudadania","category-noticias-de-hoy"],"jetpack_publicize_connections":[],"jetpack_featured_media_url":"https:\/\/i0.wp.com\/miradordeatarfe.es\/wp-content\/uploads\/2024\/06\/Screenshot-2024-06-14-at-18-42-59-Un-salto-formidable-Opinion-Cadena-SER.png?fit=340%2C255&ssl=1","jetpack_likes_enabled":true,"jetpack_sharing_enabled":true,"_links":{"self":[{"href":"https:\/\/miradordeatarfe.es\/index.php?rest_route=\/wp\/v2\/posts\/70001","targetHints":{"allow":["GET"]}}],"collection":[{"href":"https:\/\/miradordeatarfe.es\/index.php?rest_route=\/wp\/v2\/posts"}],"about":[{"href":"https:\/\/miradordeatarfe.es\/index.php?rest_route=\/wp\/v2\/types\/post"}],"author":[{"embeddable":true,"href":"https:\/\/miradordeatarfe.es\/index.php?rest_route=\/wp\/v2\/users\/1"}],"replies":[{"embeddable":true,"href":"https:\/\/miradordeatarfe.es\/index.php?rest_route=%2Fwp%2Fv2%2Fcomments&post=70001"}],"version-history":[{"count":1,"href":"https:\/\/miradordeatarfe.es\/index.php?rest_route=\/wp\/v2\/posts\/70001\/revisions"}],"predecessor-version":[{"id":70003,"href":"https:\/\/miradordeatarfe.es\/index.php?rest_route=\/wp\/v2\/posts\/70001\/revisions\/70003"}],"wp:featuredmedia":[{"embeddable":true,"href":"https:\/\/miradordeatarfe.es\/index.php?rest_route=\/wp\/v2\/media\/70002"}],"wp:attachment":[{"href":"https:\/\/miradordeatarfe.es\/index.php?rest_route=%2Fwp%2Fv2%2Fmedia&parent=70001"}],"wp:term":[{"taxonomy":"category","embeddable":true,"href":"https:\/\/miradordeatarfe.es\/index.php?rest_route=%2Fwp%2Fv2%2Fcategories&post=70001"},{"taxonomy":"post_tag","embeddable":true,"href":"https:\/\/miradordeatarfe.es\/index.php?rest_route=%2Fwp%2Fv2%2Ftags&post=70001"}],"curies":[{"name":"wp","href":"https:\/\/api.w.org\/{rel}","templated":true}]}}