{"id":70019,"date":"2024-06-16T10:44:05","date_gmt":"2024-06-16T08:44:05","guid":{"rendered":"https:\/\/miradordeatarfe.es\/?p=70019"},"modified":"2024-06-16T09:42:27","modified_gmt":"2024-06-16T07:42:27","slug":"el-ies-iliberis-de-atarfe-estrena-cubierta-en-su-salon-de-actos","status":"publish","type":"post","link":"https:\/\/miradordeatarfe.es\/?p=70019","title":{"rendered":"El IES Il\u00edberis de Atarfe estrena cubierta en su sal\u00f3n de actos"},"content":{"rendered":"<h3 style=\"text-align: justify;\">El centro ha destacado por integrar programas innovadores y proyectos educativos que abarcan desde la Formaci\u00f3n Profesional B\u00e1sica hasta los Ciclos de Grado Medio y Superior<\/h3>\n<p style=\"text-align: justify;\">El <strong>Instituto Il\u00edberis de Atarfe <\/strong>ha celebrado la reforma de su sal\u00f3n de actos, que ahora cuenta con una nueva cubierta, que no solo moderniza las instalaciones, sino que tambi\u00e9n simboliza el compromiso del IES con la mejora continua y la adaptaci\u00f3n a las nuevas demandas educativas.<\/p>\n<p style=\"text-align: justify;\">As\u00ed lo ha puesto de manifiesto la delegada de Desarrollo Educativo y Formaci\u00f3n Profesional de la Junta en <strong>Granada<\/strong>, Mar\u00eda Jos\u00e9 Mart\u00edn; quien ha estado acompa\u00f1ada por el presidente del Consejo Escolar de Andaluc\u00eda, Manuel P\u00e9rez Garc\u00eda; el diputado provincial Antonio D\u00edaz, la alcaldesa de Atarfe, Yolanda Fern\u00e1ndez; el presidente de la Fundaci\u00f3n Sierra Elvira, Cecilio Mart\u00edn; la decana de la Facultad de Filosof\u00eda y Letras, Ana Mar\u00eda Gallego, y la comunidad educativa.<\/p>\n<p style=\"text-align: justify;\">En su intervenci\u00f3n, la delegada ha expresado su agradecimiento al director, Antonio Mar\u00eda L\u00f3pez Oca\u00f1a, por su invitaci\u00f3n y ha felicitado a todos los implicados en la culminaci\u00f3n de este significativo proyecto. \u00abDesde su inauguraci\u00f3n en 1968, este sal\u00f3n de actos ha sido testigo de innumerables eventos, celebraciones y momentos que han dejado una huella imborrable en la comunidad educativa\u00bb, ha afirmado.<\/p>\n<p style=\"text-align: justify;\">El <strong>IES Il\u00edberis de Atarfe <\/strong>se ha destacado por integrar programas innovadores y proyectos educativos que abarcan desde la Formaci\u00f3n Profesional B\u00e1sica hasta los Ciclos de Grado Medio y Superior, pasando por los distintos Bachilleratos. Programas como Erasmus+, el Plan de Igualdad de G\u00e9nero en Educaci\u00f3n, y el de Prevenci\u00f3n de la Violencia de G\u00e9nero son \u00abejemplos claros del enfoque integral y moderno que caracteriza a este centro\u00bb.<\/p>\n<p style=\"text-align: justify;\">Adem\u00e1s, el instituto participa activamente en programas de innovaci\u00f3n educativa propuestos por la Junta de Andaluc\u00eda, los cuales \u00abno solo enriquecen la oferta educativa, sino que tambi\u00e9n fomentan el desarrollo de competencias clave y valores fundamentales en los alumnos\u00bb, seg\u00fan han informado desde Desarrollo Educativo en una nota.<\/p>\n<p style=\"text-align: justify;\">Mart\u00edn ha detallado que la reforma del sal\u00f3n de actos es \u00abuna inversi\u00f3n en el futuro, se trata de un espacio renovado que seguir\u00e1 siendo un lugar de encuentro, aprendizaje y celebraci\u00f3n para toda la comunidad educativa. Un lugar donde se fomentar\u00e1n el di\u00e1logo, la creatividad y el crecimiento personal y acad\u00e9mico\u00bb.<\/p>\n<p style=\"text-align: justify;\">AHORAGRANADA<\/p>\n<p>FOTO:La inauguraci\u00f3n de la nueva infraestructura se ha celebrado con un acto institucional. Foto: Junta<\/p>\n<blockquote class=\"wp-embedded-content\" data-secret=\"EniWoJBjpp\"><p><a href=\"https:\/\/www.ahoragranada.com\/noticias\/el-ies-iliberis-de-atarfe-estrena-cubierta-en-su-salon-de-actos\/\">El IES Il\u00edberis de Atarfe estrena cubierta en su sal\u00f3n de actos<\/a><\/p><\/blockquote>\n<p><iframe loading=\"lazy\" class=\"wp-embedded-content\" sandbox=\"allow-scripts\" security=\"restricted\" style=\"position: absolute; visibility: hidden;\" title=\"\u00abEl IES Il\u00edberis de Atarfe estrena cubierta en su sal\u00f3n de actos\u00bb \u2014 Ahora Granada\" src=\"https:\/\/www.ahoragranada.com\/noticias\/el-ies-iliberis-de-atarfe-estrena-cubierta-en-su-salon-de-actos\/embed\/#?secret=90Y9J8I6ar#?secret=EniWoJBjpp\" data-secret=\"EniWoJBjpp\" width=\"600\" height=\"338\" frameborder=\"0\" marginwidth=\"0\" marginheight=\"0\" scrolling=\"no\"><\/iframe><\/p>\n","protected":false},"excerpt":{"rendered":"<p>El centro ha destacado por integrar programas innovadores y proyectos educativos que abarcan desde la&#8230;<\/p>\n","protected":false},"author":1,"featured_media":70020,"comment_status":"closed","ping_status":"closed","sticky":false,"template":"","format":"standard","meta":{"_coblocks_attr":"","_coblocks_dimensions":"","_coblocks_responsive_height":"","_coblocks_accordion_ie_support":"","jetpack_post_was_ever_published":false,"_jetpack_newsletter_access":"","_jetpack_dont_email_post_to_subs":false,"_jetpack_newsletter_tier_id":0,"_jetpack_memberships_contains_paywalled_content":false,"_jetpack_memberships_contains_paid_content":false,"footnotes":"","jetpack_publicize_message":"","jetpack_publicize_feature_enabled":true,"jetpack_social_post_already_shared":true,"jetpack_social_options":{"image_generator_settings":{"template":"highway","default_image_id":0,"enabled":false},"version":2}},"categories":[187,186,44],"tags":[],"class_list":["post-70019","post","type-post","status-publish","format-standard","has-post-thumbnail","hentry","category-centros-educativos","category-instituciones","category-noticias-de-hoy"],"jetpack_publicize_connections":[],"jetpack_featured_media_url":"https:\/\/i0.wp.com\/miradordeatarfe.es\/wp-content\/uploads\/2024\/06\/IES-ILiberis-Cubierta-Salon-de-Actos-746x419-1.jpg?fit=746%2C419&ssl=1","jetpack_likes_enabled":true,"jetpack_sharing_enabled":true,"_links":{"self":[{"href":"https:\/\/miradordeatarfe.es\/index.php?rest_route=\/wp\/v2\/posts\/70019","targetHints":{"allow":["GET"]}}],"collection":[{"href":"https:\/\/miradordeatarfe.es\/index.php?rest_route=\/wp\/v2\/posts"}],"about":[{"href":"https:\/\/miradordeatarfe.es\/index.php?rest_route=\/wp\/v2\/types\/post"}],"author":[{"embeddable":true,"href":"https:\/\/miradordeatarfe.es\/index.php?rest_route=\/wp\/v2\/users\/1"}],"replies":[{"embeddable":true,"href":"https:\/\/miradordeatarfe.es\/index.php?rest_route=%2Fwp%2Fv2%2Fcomments&post=70019"}],"version-history":[{"count":1,"href":"https:\/\/miradordeatarfe.es\/index.php?rest_route=\/wp\/v2\/posts\/70019\/revisions"}],"predecessor-version":[{"id":70021,"href":"https:\/\/miradordeatarfe.es\/index.php?rest_route=\/wp\/v2\/posts\/70019\/revisions\/70021"}],"wp:featuredmedia":[{"embeddable":true,"href":"https:\/\/miradordeatarfe.es\/index.php?rest_route=\/wp\/v2\/media\/70020"}],"wp:attachment":[{"href":"https:\/\/miradordeatarfe.es\/index.php?rest_route=%2Fwp%2Fv2%2Fmedia&parent=70019"}],"wp:term":[{"taxonomy":"category","embeddable":true,"href":"https:\/\/miradordeatarfe.es\/index.php?rest_route=%2Fwp%2Fv2%2Fcategories&post=70019"},{"taxonomy":"post_tag","embeddable":true,"href":"https:\/\/miradordeatarfe.es\/index.php?rest_route=%2Fwp%2Fv2%2Ftags&post=70019"}],"curies":[{"name":"wp","href":"https:\/\/api.w.org\/{rel}","templated":true}]}}