{"id":70022,"date":"2024-06-18T11:00:09","date_gmt":"2024-06-18T09:00:09","guid":{"rendered":"https:\/\/miradordeatarfe.es\/?p=70022"},"modified":"2024-06-15T11:23:17","modified_gmt":"2024-06-15T09:23:17","slug":"duras-sanciones-para-el-loja-tras-los-incidentes-ante-el-atarfe","status":"publish","type":"post","link":"https:\/\/miradordeatarfe.es\/?p=70022","title":{"rendered":"Duras sanciones para el Loja tras los incidentes ante el Atarfe"},"content":{"rendered":"<h3 style=\"text-align: justify;\">Han clausurado el &#8216;Medina Lauxa&#8217;, sancionan a dos jugadores con seis partidos, cuatro jugadores con cuatro encuentros y le restan tres puntos en la tabla<\/h3>\n<p style=\"text-align: justify;\">M\u00e1s de un mes despu\u00e9s que se jugase el partido entre Loja y Atarfe y que acab\u00f3 como una batalla campal, el Comit\u00e9 de Competici\u00f3n de la RFAF ha emitido la resoluci\u00f3n y en la cual el Loja CD ha salido m\u00e1s perjudicado al perder a varios jugadores para las primeras jornadas de la pr\u00f3xima temporada.<\/p>\n<p style=\"text-align: justify;\">Competici\u00f3n ha clausurado el municipal \u2018Medina Lauxa\u2019 por un partido, por lo que la escuadra loje\u00f1a el primer partido de la pr\u00f3xima temporada no lo podr\u00e1 jugar en su terreno de juego.<\/p>\n<p style=\"text-align: justify;\">En lo que respecta a sanciones individuales dos jugadores del Loja CD como\u00a0\u00c1lvaro Jim\u00e9nez y \u00c1lex Romero\u00a0han sido castigado con seis partidos.<\/p>\n<p style=\"text-align: justify;\">Otros cuatro jugadores de la escuadra loje\u00f1a han sido sancionados con cuatro partidos. Estos jugadores son Rub\u00e9n Osuna, \u00d3scar Cano, Javi Del Moral y \u00c1lex Yepes.<\/p>\n<p style=\"text-align: justify;\">Esta acumulaci\u00f3n de sanciones hace que se le resten tres puntos en la clasificaci\u00f3n al conjunto loje\u00f1o.<\/p>\n<p style=\"text-align: justify;\">Por su parte el jugador del Atarfe, \u00d3scar Franco ha sido sancionado con seis partidos de sanci\u00f3n tras los incidentes.<br \/>\nClaudio y Desting han sido castigados con dos partidos y tambi\u00e9n tiene dos partidos de sanci\u00f3n el preparador f\u00edsico del Atarfe, Jonathan Robles \u2018Tibu\u2019.\u00a0<\/p>\n<p style=\"text-align: justify;\"><strong>David Contreras \u00a0|<\/strong> <br \/>\n<i class=\"fa-twitter\"><\/i> <a href=\"https:\/\/twitter.com\/@DavidContreras4\" target=\"_blank\" rel=\"noopener\">@DavidContreras4<\/a>\u00a0|\u00a0\u00a0<i class=\"fa-envelope\"><\/i> <a href=\"mailto:dcontreras@granadaenjuego.com\">dcontreras@granadaenjuego.com<\/a><\/p>\n<p class=\"mb\" style=\"text-align: justify;\"><i>FOTO: Partido Loja &#8211; Atarfe (PACO CASTILLO)<\/i><\/p>\n<p>https:\/\/www.granadaenjuego.com\/atarfe-industrial-\/duras-sanciones-para-el-loja-tras-los-incidentes-ante-el-atarfe<\/p>\n<p>&nbsp;<\/p>\n","protected":false},"excerpt":{"rendered":"<p>Han clausurado el &#8216;Medina Lauxa&#8217;, sancionan a dos jugadores con seis partidos, cuatro jugadores con&#8230;<\/p>\n","protected":false},"author":1,"featured_media":70023,"comment_status":"closed","ping_status":"closed","sticky":false,"template":"","format":"standard","meta":{"_coblocks_attr":"","_coblocks_dimensions":"","_coblocks_responsive_height":"","_coblocks_accordion_ie_support":"","jetpack_post_was_ever_published":false,"_jetpack_newsletter_access":"","_jetpack_dont_email_post_to_subs":false,"_jetpack_newsletter_tier_id":0,"_jetpack_memberships_contains_paywalled_content":false,"_jetpack_memberships_contains_paid_content":false,"footnotes":"","jetpack_publicize_message":"","jetpack_publicize_feature_enabled":true,"jetpack_social_post_already_shared":true,"jetpack_social_options":{"image_generator_settings":{"template":"highway","default_image_id":0,"enabled":false},"version":2}},"categories":[182,186,44],"tags":[],"class_list":["post-70022","post","type-post","status-publish","format-standard","has-post-thumbnail","hentry","category-deportes","category-instituciones","category-noticias-de-hoy"],"jetpack_publicize_connections":[],"jetpack_featured_media_url":"https:\/\/i0.wp.com\/miradordeatarfe.es\/wp-content\/uploads\/2024\/06\/imagen56520_0_original.jpg?fit=1100%2C733&ssl=1","jetpack_likes_enabled":true,"jetpack_sharing_enabled":true,"_links":{"self":[{"href":"https:\/\/miradordeatarfe.es\/index.php?rest_route=\/wp\/v2\/posts\/70022","targetHints":{"allow":["GET"]}}],"collection":[{"href":"https:\/\/miradordeatarfe.es\/index.php?rest_route=\/wp\/v2\/posts"}],"about":[{"href":"https:\/\/miradordeatarfe.es\/index.php?rest_route=\/wp\/v2\/types\/post"}],"author":[{"embeddable":true,"href":"https:\/\/miradordeatarfe.es\/index.php?rest_route=\/wp\/v2\/users\/1"}],"replies":[{"embeddable":true,"href":"https:\/\/miradordeatarfe.es\/index.php?rest_route=%2Fwp%2Fv2%2Fcomments&post=70022"}],"version-history":[{"count":1,"href":"https:\/\/miradordeatarfe.es\/index.php?rest_route=\/wp\/v2\/posts\/70022\/revisions"}],"predecessor-version":[{"id":70024,"href":"https:\/\/miradordeatarfe.es\/index.php?rest_route=\/wp\/v2\/posts\/70022\/revisions\/70024"}],"wp:featuredmedia":[{"embeddable":true,"href":"https:\/\/miradordeatarfe.es\/index.php?rest_route=\/wp\/v2\/media\/70023"}],"wp:attachment":[{"href":"https:\/\/miradordeatarfe.es\/index.php?rest_route=%2Fwp%2Fv2%2Fmedia&parent=70022"}],"wp:term":[{"taxonomy":"category","embeddable":true,"href":"https:\/\/miradordeatarfe.es\/index.php?rest_route=%2Fwp%2Fv2%2Fcategories&post=70022"},{"taxonomy":"post_tag","embeddable":true,"href":"https:\/\/miradordeatarfe.es\/index.php?rest_route=%2Fwp%2Fv2%2Ftags&post=70022"}],"curies":[{"name":"wp","href":"https:\/\/api.w.org\/{rel}","templated":true}]}}