{"id":70025,"date":"2024-06-19T08:20:09","date_gmt":"2024-06-19T06:20:09","guid":{"rendered":"https:\/\/miradordeatarfe.es\/?p=70025"},"modified":"2024-06-15T13:23:06","modified_gmt":"2024-06-15T11:23:06","slug":"espana-se-situa-por-encima-de-la-media-europea-de-jovenes-ninis-en-2023","status":"publish","type":"post","link":"https:\/\/miradordeatarfe.es\/?p=70025","title":{"rendered":"Espa\u00f1a se sit\u00faa por encima de la media europea de j\u00f3venes &#8216;ninis&#8217; en 2023"},"content":{"rendered":"<h3 class=\"v-a-sub-t\">Un 12,3% de j\u00f3venes espa\u00f1oles ni estudiaba ni trabajaba el a\u00f1o pasado, un porcentaje que se reduce al 11,2% en la Uni\u00f3n Europea<\/h3>\n<p class=\"v-p\">La entrada al mercado laboral no siempre es f\u00e1cil y muchos j\u00f3venes quedan atrapados en el limbo que se forma entre su etapa formativa y su vida laboral. En 2023, m\u00e1s de uno de cada diez j\u00f3venes europeos entre 15 y 29 a\u00f1os (un 11,2%) era un &#8216;nini&#8217;, alguien que ni estudia ni trabaja. El dato publicado este jueves por la Oficina Europea de Estad\u00edstica (Eurostat) supone, eso s\u00ed, una leve mejora respecto a 2022, cuando la tasa fue un 0,5% mayor. En Espa\u00f1a, uno de los pa\u00edses europeos con una mayor tasa de desempleo, el porcentaje es superior a la media de la Uni\u00f3n Europea (UE), situ\u00e1ndose en el 12,3%<\/p>\n<div class=\"paywall container-wall-exclusive\" data-mrf-recirculation=\"Link art\u00edculos\">\n<p class=\"v-p\">Este fen\u00f3meno ha ido evolucionando a lo largo de una d\u00e9cada: en 2013 el porcentaje de &#8216;ninis&#8217; en Europa lleg\u00f3 al 16,1% y desde entonces ha ido cayendo de forma continua. Salvo una excepci\u00f3n. En 2020, el golpe econ\u00f3mico provocado por la pandemia del covid-19 supuso un aumento de los &#8216;ninis&#8217; en Europa, elevando el porcentaje de j\u00f3venes que ni estudiaban ni trabajaban del 12,6% registrado en 2019 al 13,8% en 2020.<\/p>\n<\/div>\n<div class=\"paywall container-wall-exclusive\" data-mrf-recirculation=\"Link art\u00edculos\">\n<div class=\"v-adv  v-adv--ly\">\n<div class=\"v-adv__item \">\n<div id=\"layer_inpage-id\" data-voc-vam=\"\" data-voc-vam-position=\"layer_inpage\" data-google-query-id=\"CMaev9m-3YYDFaFSpAQdEhoB7A\" data-voc-vam-displayed=\"true\">\n<div id=\"google_ads_iframe_\/4900\/vocento.ideal\/economia_4__container__\">\u00a0<\/div>\n<\/div>\n<\/div>\n<\/div>\n<div class=\"v-c-cmp \">\n<div><iframe id=\"datawrapper-chart-GUE2Q\" title=\"J\u00f3venes que ni trabajan ni estudian ni reciben formaci\u00f3n\" src=\"https:\/\/datawrapper.dwcdn.net\/GUE2Q\/\" height=\"433\" frameborder=\"0\" scrolling=\"no\" aria-label=\"Interactive line chart\" data-external=\"1\" data-mce-fragment=\"1\"><\/iframe><\/div>\n<\/div>\n<p class=\"v-p\">Las diferencias por pa\u00edses tambi\u00e9n son notorias. En los 27 Estados miembros el porcentaje de j\u00f3venes en esta situaci\u00f3n abarca una amplia horquilla que va desde el 4,8% registrado en Pa\u00edses Bajos, al 19,3% de Ruman\u00eda. Entre los principales pa\u00edses de la UE, preocupa la alta tasa que se ve en pa\u00edses como Italia y Grecia, ambos con un 16% de j\u00f3venes entre 15 y 29 a\u00f1os que ni estudian ni trabajan. En Alemania el porcentaje se sit\u00faa por debajo de la media europea, con un 8,8%, y Francia registra una tasa del 12,3%, al igual que Espa\u00f1a.<\/p>\n<div class=\"v-c-cmp \">\n<div><iframe id=\"datawrapper-chart-BZpHi\" title=\"Diferencias por pa\u00edses\" src=\"https:\/\/datawrapper.dwcdn.net\/BZpHi\/\" height=\"510\" frameborder=\"0\" scrolling=\"no\" aria-label=\"Tabla\" data-external=\"1\" data-mce-fragment=\"1\"><\/iframe><\/div>\n<\/div>\n<p class=\"v-p\">Los datos de Eurostat permiten ir m\u00e1s all\u00e1 y comprobar las diferencias por g\u00e9nero. En 2023, un 12,5% de las mujeres j\u00f3venes eran &#8216;ninis&#8217;, frente a un 10,1% de los hombres de su misma edad. Una brecha de g\u00e9nero que solo se cierra en cuatro Estados miembros: Portugal, Espa\u00f1a, Finlandia y Suecia, donde la tasa de hombres y mujeres en esta situaci\u00f3n fue la misma en 2023. La tasa m\u00e1s alta de hombres &#8216;ninis&#8217; se document\u00f3 en Grecia (14,8%) y el de las mujeres en Ruman\u00eda (24,8%).<\/p>\n<\/div>\n<p><a href=\"https:\/\/www.ideal.es\/autor\/olatz-hernandez-2344.html\" data-mrf-link=\"https:\/\/www.ideal.es\/autor\/olatz-hernandez-2344.html\"><strong>Olatz Hern\u00e1ndez<\/strong><\/a><\/p>\n<p>&nbsp;<\/p>\n<p>&nbsp;<\/p>\n","protected":false},"excerpt":{"rendered":"<p>Un 12,3% de j\u00f3venes espa\u00f1oles ni estudiaba ni trabajaba el a\u00f1o pasado, un porcentaje que&#8230;<\/p>\n","protected":false},"author":1,"featured_media":70026,"comment_status":"closed","ping_status":"closed","sticky":false,"template":"","format":"standard","meta":{"_coblocks_attr":"","_coblocks_dimensions":"","_coblocks_responsive_height":"","_coblocks_accordion_ie_support":"","jetpack_post_was_ever_published":false,"_jetpack_newsletter_access":"","_jetpack_dont_email_post_to_subs":false,"_jetpack_newsletter_tier_id":0,"_jetpack_memberships_contains_paywalled_content":false,"_jetpack_memberships_contains_paid_content":false,"footnotes":"","jetpack_publicize_message":"","jetpack_publicize_feature_enabled":true,"jetpack_social_post_already_shared":true,"jetpack_social_options":{"image_generator_settings":{"template":"highway","default_image_id":0,"enabled":false},"version":2}},"categories":[187,44,6937],"tags":[],"class_list":["post-70025","post","type-post","status-publish","format-standard","has-post-thumbnail","hentry","category-centros-educativos","category-noticias-de-hoy","category-sociedad"],"jetpack_publicize_connections":[],"jetpack_featured_media_url":"https:\/\/i0.wp.com\/miradordeatarfe.es\/wp-content\/uploads\/2024\/06\/ninis-1200x840-2.webp?fit=1200%2C840&ssl=1","jetpack_likes_enabled":true,"jetpack_sharing_enabled":true,"_links":{"self":[{"href":"https:\/\/miradordeatarfe.es\/index.php?rest_route=\/wp\/v2\/posts\/70025","targetHints":{"allow":["GET"]}}],"collection":[{"href":"https:\/\/miradordeatarfe.es\/index.php?rest_route=\/wp\/v2\/posts"}],"about":[{"href":"https:\/\/miradordeatarfe.es\/index.php?rest_route=\/wp\/v2\/types\/post"}],"author":[{"embeddable":true,"href":"https:\/\/miradordeatarfe.es\/index.php?rest_route=\/wp\/v2\/users\/1"}],"replies":[{"embeddable":true,"href":"https:\/\/miradordeatarfe.es\/index.php?rest_route=%2Fwp%2Fv2%2Fcomments&post=70025"}],"version-history":[{"count":1,"href":"https:\/\/miradordeatarfe.es\/index.php?rest_route=\/wp\/v2\/posts\/70025\/revisions"}],"predecessor-version":[{"id":70027,"href":"https:\/\/miradordeatarfe.es\/index.php?rest_route=\/wp\/v2\/posts\/70025\/revisions\/70027"}],"wp:featuredmedia":[{"embeddable":true,"href":"https:\/\/miradordeatarfe.es\/index.php?rest_route=\/wp\/v2\/media\/70026"}],"wp:attachment":[{"href":"https:\/\/miradordeatarfe.es\/index.php?rest_route=%2Fwp%2Fv2%2Fmedia&parent=70025"}],"wp:term":[{"taxonomy":"category","embeddable":true,"href":"https:\/\/miradordeatarfe.es\/index.php?rest_route=%2Fwp%2Fv2%2Fcategories&post=70025"},{"taxonomy":"post_tag","embeddable":true,"href":"https:\/\/miradordeatarfe.es\/index.php?rest_route=%2Fwp%2Fv2%2Ftags&post=70025"}],"curies":[{"name":"wp","href":"https:\/\/api.w.org\/{rel}","templated":true}]}}