{"id":70052,"date":"2024-06-18T11:51:38","date_gmt":"2024-06-18T09:51:38","guid":{"rendered":"https:\/\/miradordeatarfe.es\/?p=70052"},"modified":"2024-06-17T13:07:24","modified_gmt":"2024-06-17T11:07:24","slug":"la-atarfena-daniela-castillo-avila-consigue-una-nota-excepcional-en-la-ebau","status":"publish","type":"post","link":"https:\/\/miradordeatarfe.es\/?p=70052","title":{"rendered":"LA ATARFE\u00d1A DANIELA CASTILLO \u00c1VILA CONSIGUE UNA NOTA EXCEPCIONAL EN LA EBAU"},"content":{"rendered":"<h3 style=\"text-align: justify;\">Con 14 a\u00f1os, tuvo\u00a0 la oportunidad de participar durante 7 d\u00edas en \u00abSer\u00e9 Ingeniera\u00bb\u00a0 y asegur\u00f3 que el campus le ha ayudado a darse cuenta de que le gustar\u00eda estudiar algo relacionado con lo que ha tratado en el programa formativo.<\/h3>\n<p style=\"text-align: justify;\">\u201cHe llegado a la conclusi\u00f3n de que llegar a ser ingeniera no es f\u00e1cil pero tampoco imposible y que las mujeres son iguales de capaces que los hombres para hacer una ingenier\u00eda\u201d, confiesa Daniela.<br \/>\nEste tipo de pensamientos son b\u00e1sicos y muy importantes para nuestras j\u00f3venes. Las nuevas generaciones son las que formar\u00e1n el nuevo futuro y de nada sirve lamentarse del pasado si no intentamos cambiar el presente. Las chicas deben saber que son igual de validas que sus compa\u00f1eros para ser ingenieras, matem\u00e1ticas o lo que quieran ser. La ciencia nunca ha tendido ni tendr\u00e1 g\u00e9nero.<\/p>\n<p style=\"text-align: justify;\">Daniela nos cuenta que a pesar de que siempre se ha pensado que este tipo de carreras es para hombres, no ve dif\u00edcil el acceso de las mujeres a este \u00e1mbito. Y lo cierto es que no lo es, al menos en cierta medida. Las universidades cada vez brindan mas oportunidades que apuestan por la diversidad y la innovaci\u00f3n. Sin embargo, el acceso no es el \u00fanico problema. Saliendo del \u00e1mbito cient\u00edfico y generalizando al resto de campos profesionales, la exigencia siempre ha sido mayor para una mujer as\u00ed como el trato (brecha salarial, despidos\u2026) y la visibilidad.<\/p>\n<p style=\"text-align: justify;\">Por ello y todo lo que ya sabemos de antemano, es necesaria una educaci\u00f3n feminista que sea capaz de cambiar las ideas tradicionales que limitan constantemente las ambiciones de las m\u00e1s j\u00f3venes (y no tan j\u00f3venes). Hacer saber a nuestras hijas, hermanas, amigas, madres y abuelas que somos igual de capaces que esos hombres que\u00a0 alguna vez estudiamos en el colegio y que, quiz\u00e1s, nunca nos sentimos identificadas por creer que era un mundo de hombres<\/p>\n<p style=\"text-align: justify;\">El Ayuntamiento de Atarfe, en nombre de todos los Atarfe\u00f1os y Atarfe\u00f1as, hahecho llegar la m\u00e1s emotiva de las felicitaciones a Daniela Castillo \u00c1vila por haber obtenido una nota excepcional en las pruebas de la EBAU. \u00a1Qu\u00e9 logro tan impresionante!<\/p>\n<p style=\"text-align: justify;\">Daniela, estudiante del C.E.I.P. Atalaya y del I.E.S. Il\u00edberis, ha destacado desde muy peque\u00f1a por su inquietud y deseo de aprender. Adem\u00e1s de brillar en los estudios, siempre sobresali\u00f3 en las actividades extraescolares y paralelamente ha culminado sus estudios profesionales de m\u00fasica. Tambi\u00e9n es una deportista destacada, compitiendo en el CDU Atarfe Voleibol. <\/p>\n<p style=\"text-align: justify;\">Con una nota media de 10 en 2\u00ba de bachiller, en la EBAU ha obtenido 10 en todas las pruebas, excepto un 9,75 en Lengua y Literatura, obteniendo una calificaci\u00f3n final de 13.95, lo que le va a permitir cumplir su sue\u00f1o de estudiar Medicina.<\/p>\n<p style=\"text-align: justify;\">Daniela, es un orgullo para Atarfe y un ejemplo de superaci\u00f3n y referencia para todos los j\u00f3venes de nuestro pueblo.<\/p>\n","protected":false},"excerpt":{"rendered":"<p>Con 14 a\u00f1os, tuvo\u00a0 la oportunidad de participar durante 7 d\u00edas en \u00abSer\u00e9 Ingeniera\u00bb\u00a0 y&#8230;<\/p>\n","protected":false},"author":1,"featured_media":70053,"comment_status":"closed","ping_status":"closed","sticky":false,"template":"","format":"standard","meta":{"_coblocks_attr":"","_coblocks_dimensions":"","_coblocks_responsive_height":"","_coblocks_accordion_ie_support":"","jetpack_post_was_ever_published":false,"_jetpack_newsletter_access":"","_jetpack_dont_email_post_to_subs":false,"_jetpack_newsletter_tier_id":0,"_jetpack_memberships_contains_paywalled_content":false,"_jetpack_memberships_contains_paid_content":false,"footnotes":"","jetpack_publicize_message":"","jetpack_publicize_feature_enabled":true,"jetpack_social_post_already_shared":true,"jetpack_social_options":{"image_generator_settings":{"template":"highway","default_image_id":0,"enabled":false},"version":2}},"categories":[187,186,44],"tags":[],"class_list":["post-70052","post","type-post","status-publish","format-standard","has-post-thumbnail","hentry","category-centros-educativos","category-instituciones","category-noticias-de-hoy"],"jetpack_publicize_connections":[],"jetpack_featured_media_url":"https:\/\/i0.wp.com\/miradordeatarfe.es\/wp-content\/uploads\/2024\/06\/448360416_837961955047988_7694261185377534197_n.jpg?fit=2000%2C2000&ssl=1","jetpack_likes_enabled":true,"jetpack_sharing_enabled":true,"_links":{"self":[{"href":"https:\/\/miradordeatarfe.es\/index.php?rest_route=\/wp\/v2\/posts\/70052","targetHints":{"allow":["GET"]}}],"collection":[{"href":"https:\/\/miradordeatarfe.es\/index.php?rest_route=\/wp\/v2\/posts"}],"about":[{"href":"https:\/\/miradordeatarfe.es\/index.php?rest_route=\/wp\/v2\/types\/post"}],"author":[{"embeddable":true,"href":"https:\/\/miradordeatarfe.es\/index.php?rest_route=\/wp\/v2\/users\/1"}],"replies":[{"embeddable":true,"href":"https:\/\/miradordeatarfe.es\/index.php?rest_route=%2Fwp%2Fv2%2Fcomments&post=70052"}],"version-history":[{"count":1,"href":"https:\/\/miradordeatarfe.es\/index.php?rest_route=\/wp\/v2\/posts\/70052\/revisions"}],"predecessor-version":[{"id":70054,"href":"https:\/\/miradordeatarfe.es\/index.php?rest_route=\/wp\/v2\/posts\/70052\/revisions\/70054"}],"wp:featuredmedia":[{"embeddable":true,"href":"https:\/\/miradordeatarfe.es\/index.php?rest_route=\/wp\/v2\/media\/70053"}],"wp:attachment":[{"href":"https:\/\/miradordeatarfe.es\/index.php?rest_route=%2Fwp%2Fv2%2Fmedia&parent=70052"}],"wp:term":[{"taxonomy":"category","embeddable":true,"href":"https:\/\/miradordeatarfe.es\/index.php?rest_route=%2Fwp%2Fv2%2Fcategories&post=70052"},{"taxonomy":"post_tag","embeddable":true,"href":"https:\/\/miradordeatarfe.es\/index.php?rest_route=%2Fwp%2Fv2%2Ftags&post=70052"}],"curies":[{"name":"wp","href":"https:\/\/api.w.org\/{rel}","templated":true}]}}