{"id":70085,"date":"2024-06-19T11:25:13","date_gmt":"2024-06-19T09:25:13","guid":{"rendered":"https:\/\/miradordeatarfe.es\/?p=70085"},"modified":"2024-06-19T12:14:16","modified_gmt":"2024-06-19T10:14:16","slug":"vecineando-y-comuniones-por-fabiola-g-montijano","status":"publish","type":"post","link":"https:\/\/miradordeatarfe.es\/?p=70085","title":{"rendered":"\u00abVECINEANDO Y COMUNIONES\u00bb por Fabiola G. Montijano"},"content":{"rendered":"<h3 style=\"text-align: justify;\"><strong>\u201cHoy es un d\u00eda especial para ti,<\/strong><strong>hoy es un d\u00eda especial para \u00c9l, <\/strong><strong>vas a recibir tu primera comuni\u00f3n\u201d<\/strong><\/h3>\n<p style=\"text-align: justify;\">Con este estribillo comienzo mi relato queridos lectores del Mirador de Atarfe.<\/p>\n<p style=\"text-align: justify;\">\u201cTu Primera Comuni\u00f3n\u201d es una canci\u00f3n que compuse el 21 de mayo de 1983 y que a d\u00eda de \u00a0hoy el coro de la parroquia de la Encarnaci\u00f3n de Atarfe canta durante todo el mes de mayo, mes por excelencia dedicado a celebrar las \u201c<strong>Comuniones<\/strong>\u201d.<\/p>\n<p style=\"text-align: justify;\">Nuestra primera comuni\u00f3n es una fecha que a casi todos los que la hicimos nos gusta recordar con alegr\u00eda porque adem\u00e1s del significado y compromiso religioso (acto de fe), es una celebraci\u00f3n muy familiar en donde desde la abuela hasta las vecinas y vecinos, todos nos ataviamos con nuestras mejores galas para acompa\u00f1ar al ni\u00f1o o a la ni\u00f1a que tras comulgar por primera vez se une a Jesucristo al tomar el pan y el vino (cuerpo y sangre de Cristo).<\/p>\n<p style=\"text-align: justify;\">En la actualidad los ni\u00f1os y ni\u00f1as que deciden hacer la primera comuni\u00f3n se apuntan en la parroquia y tras un proceso de formaci\u00f3n coordinado por el cura p\u00e1rroco e impartido por catequistas con los que se establece un fuerte v\u00ednculo de respeto y cari\u00f1o, los postulantes en mayo, reciben la sagrada forma.<\/p>\n<p style=\"text-align: justify;\">En mi infancia era diferente puesto que la formaci\u00f3n se recib\u00eda en tu colegio. Yo estudi\u00e9 EGB en el colegio Nuestra Se\u00f1ora del Rosario, conocido como el colegio de las monjas (Hermanas de la Caridad de San Vicente de Paul), el actual SAFA. All\u00ed las hermanas de la Caridad nos preparaban para ese gran d\u00eda. Recuerdo que simul\u00e1bamos el acto de confesi\u00f3n: Ave Mar\u00eda Pur\u00edsima, dec\u00edamos. Sin pecado concebida, contestaba sor Ana Mar\u00eda \u00a0que representaba el papel del sacerdote despu\u00e9s, muchas nos qued\u00e1bamos calladas pues no sab\u00edamos qu\u00e9 decir porque s\u00f3lo ten\u00edamos escasos siete a\u00f1os y la palabra \u201cpecado\u201d se nos hac\u00eda extra\u00f1a y muy grande.<\/p>\n<p style=\"text-align: justify;\">\u00bfQui\u00e9n de ni\u00f1a, si ten\u00eda hermanos, no peleaba con ellos?, \u00bfqui\u00e9n no refunfu\u00f1aba cuando tocaba comer lentejas? o \u00bfqui\u00e9n no dec\u00eda alguna mentirijilla?<\/p>\n<p style=\"text-align: justify;\">Otro momento importante era el de la preparaci\u00f3n para entrar en el templo y como si de una coreograf\u00eda de baile se tratara, sor Isabel, sor Carmen y sor \u00a0Ana Mar\u00eda \u00a0nos preparaban. En el patio justo delante de la puerta de la capilla del colegio, en fila de dos en dos \u00edbamos entrando y nos coloc\u00e1bamos en el sitio asignado, coreograf\u00eda que repetir\u00edamos sin dudar en la iglesia parroquial.<\/p>\n<p style=\"text-align: justify;\"><a href=\"https:\/\/i0.wp.com\/miradordeatarfe.es\/wp-content\/uploads\/2024\/06\/Imagen-de-WhatsApp-2024-06-14-a-las-20.25.16_bb9559c1-2.jpg?ssl=1\"><img data-recalc-dims=\"1\" loading=\"lazy\" decoding=\"async\" class=\"wp-image-70087 size-large alignleft\" src=\"https:\/\/i0.wp.com\/miradordeatarfe.es\/wp-content\/uploads\/2024\/06\/Imagen-de-WhatsApp-2024-06-14-a-las-20.25.16_bb9559c1-2.jpg?resize=640%2C473&#038;ssl=1\" alt=\"\" width=\"640\" height=\"473\" srcset=\"https:\/\/i0.wp.com\/miradordeatarfe.es\/wp-content\/uploads\/2024\/06\/Imagen-de-WhatsApp-2024-06-14-a-las-20.25.16_bb9559c1-2.jpg?resize=1024%2C757&amp;ssl=1 1024w, https:\/\/i0.wp.com\/miradordeatarfe.es\/wp-content\/uploads\/2024\/06\/Imagen-de-WhatsApp-2024-06-14-a-las-20.25.16_bb9559c1-2.jpg?resize=300%2C222&amp;ssl=1 300w, https:\/\/i0.wp.com\/miradordeatarfe.es\/wp-content\/uploads\/2024\/06\/Imagen-de-WhatsApp-2024-06-14-a-las-20.25.16_bb9559c1-2.jpg?resize=768%2C568&amp;ssl=1 768w, https:\/\/i0.wp.com\/miradordeatarfe.es\/wp-content\/uploads\/2024\/06\/Imagen-de-WhatsApp-2024-06-14-a-las-20.25.16_bb9559c1-2.jpg?resize=1320%2C975&amp;ssl=1 1320w, https:\/\/i0.wp.com\/miradordeatarfe.es\/wp-content\/uploads\/2024\/06\/Imagen-de-WhatsApp-2024-06-14-a-las-20.25.16_bb9559c1-2.jpg?w=1536&amp;ssl=1 1536w\" sizes=\"auto, (max-width: 640px) 100vw, 640px\" \/><\/a>El 31 de mayo de 1969 a las 12 del mediod\u00eda recib\u00ed mi primera comuni\u00f3n, dos horas antes fuimos convocadas en el patio de la casa de los Fern\u00e1ndez ubicada en la calle Real justo en donde ahora est\u00e1 la Caixa. En el zagu\u00e1n esper\u00e1bamos hasta que el port\u00f3n color gris perla se abr\u00eda para desfilar cantando \u201cVenid y vamos todos con flores a Mar\u00eda\u201d en direcci\u00f3n hacia el \u00a0templo y entrar por la puerta principal.<\/p>\n<p style=\"text-align: justify;\">\u00a1Qu\u00e9 bonita est\u00e1 decorada toda la iglesia! .\u00a1Qu\u00e9 sonido m\u00e1s hermoso y arm\u00f3nico la envuelve!. \u00a1Qu\u00e9 bien suenan aqu\u00ed los c\u00e1nticos!<\/p>\n<p style=\"text-align: justify;\">Llega el momento de recibir la hostia consagrada y aunque a m\u00e1s de una se nos peg\u00f3 en el paladar, sin embargo coincidimos algunas en que esa forma sagrada estaba m\u00e1s buena que la que nos daban en los ensayos.<\/p>\n<p style=\"text-align: justify;\">Tras la ceremonia llega el momento del festejo y aqu\u00ed s\u00ed noto m\u00e1s diferencia entre mi \u00e9poca y la actual, ahora incluso se sacan pr\u00e9stamos para celebrarla y se hacen regalos \u201ccaros\u201d. M\u00ed comuni\u00f3n se celebr\u00f3 en el patio de mi casa y apenas si tuve regalos pues la costumbre era visitar a los vecinos y estos te daban dinerillo con el que se llenaba la bolsa que a modo de complemento del vestido llevaban las ni\u00f1as. Un besico, unas monedas e incluso alg\u00fan billetico y a cambio una estampa como recordatorio de un d\u00eda tan especial.<\/p>\n<p style=\"text-align: justify;\">Para terminar, lo que yo hubiera dado por tener un m\u00f3vil para hacer m\u00e1s fotos, en aquellos a\u00f1os la costumbre era \u00a0hacerse la foto de familia unos d\u00edas antes o unos d\u00edas despu\u00e9s de la ceremonia. En mi caso fueron unos d\u00edas despu\u00e9s , cosa que agradec\u00ed \u00a0much\u00edsimo puesto que tras recorrer con la bolsita acompa\u00f1ada por mis amigas la calle del Barquillo y el Paseo de Santa Ana, mi madre me quit\u00f3 el vestido para no mancharlo y estren\u00e9 un bonito vestido de manga corta que me hizo Angelitas M\u00e1rquez modista.<\/p>\n<p style=\"text-align: justify;\"><strong>Un coraz\u00f3n de guitarra quisiera para cantar lo que siento.<\/strong><\/p>\n<p style=\"text-align: justify;\"><strong>(Alberto Cortez) <\/strong><\/p>\n<p><strong>FabiolaGMontijano (Creativa)<\/strong><\/p>\n<p>&nbsp;<\/p>\n","protected":false},"excerpt":{"rendered":"<p>\u201cHoy es un d\u00eda especial para ti,hoy es un d\u00eda especial para \u00c9l, vas a&#8230;<\/p>\n","protected":false},"author":1,"featured_media":70086,"comment_status":"closed","ping_status":"closed","sticky":false,"template":"","format":"standard","meta":{"_coblocks_attr":"","_coblocks_dimensions":"","_coblocks_responsive_height":"","_coblocks_accordion_ie_support":"","jetpack_post_was_ever_published":false,"_jetpack_newsletter_access":"","_jetpack_dont_email_post_to_subs":false,"_jetpack_newsletter_tier_id":0,"_jetpack_memberships_contains_paywalled_content":false,"_jetpack_memberships_contains_paid_content":false,"footnotes":"","jetpack_publicize_message":"","jetpack_publicize_feature_enabled":true,"jetpack_social_post_already_shared":false,"jetpack_social_options":{"image_generator_settings":{"template":"highway","default_image_id":0,"enabled":false},"version":2}},"categories":[10796,1225,186,44],"tags":[],"class_list":["post-70085","post","type-post","status-publish","format-standard","has-post-thumbnail","hentry","category-fabiola-ga-montijano","category-ha-de-atarfe","category-instituciones","category-noticias-de-hoy"],"jetpack_publicize_connections":[],"jetpack_featured_media_url":"https:\/\/i0.wp.com\/miradordeatarfe.es\/wp-content\/uploads\/2024\/06\/Imagen-de-WhatsApp-2024-06-14-a-las-20.26.47_aefe47d4-2.jpg?fit=1528%2C1073&ssl=1","jetpack_likes_enabled":true,"jetpack_sharing_enabled":true,"_links":{"self":[{"href":"https:\/\/miradordeatarfe.es\/index.php?rest_route=\/wp\/v2\/posts\/70085","targetHints":{"allow":["GET"]}}],"collection":[{"href":"https:\/\/miradordeatarfe.es\/index.php?rest_route=\/wp\/v2\/posts"}],"about":[{"href":"https:\/\/miradordeatarfe.es\/index.php?rest_route=\/wp\/v2\/types\/post"}],"author":[{"embeddable":true,"href":"https:\/\/miradordeatarfe.es\/index.php?rest_route=\/wp\/v2\/users\/1"}],"replies":[{"embeddable":true,"href":"https:\/\/miradordeatarfe.es\/index.php?rest_route=%2Fwp%2Fv2%2Fcomments&post=70085"}],"version-history":[{"count":2,"href":"https:\/\/miradordeatarfe.es\/index.php?rest_route=\/wp\/v2\/posts\/70085\/revisions"}],"predecessor-version":[{"id":70089,"href":"https:\/\/miradordeatarfe.es\/index.php?rest_route=\/wp\/v2\/posts\/70085\/revisions\/70089"}],"wp:featuredmedia":[{"embeddable":true,"href":"https:\/\/miradordeatarfe.es\/index.php?rest_route=\/wp\/v2\/media\/70086"}],"wp:attachment":[{"href":"https:\/\/miradordeatarfe.es\/index.php?rest_route=%2Fwp%2Fv2%2Fmedia&parent=70085"}],"wp:term":[{"taxonomy":"category","embeddable":true,"href":"https:\/\/miradordeatarfe.es\/index.php?rest_route=%2Fwp%2Fv2%2Fcategories&post=70085"},{"taxonomy":"post_tag","embeddable":true,"href":"https:\/\/miradordeatarfe.es\/index.php?rest_route=%2Fwp%2Fv2%2Ftags&post=70085"}],"curies":[{"name":"wp","href":"https:\/\/api.w.org\/{rel}","templated":true}]}}