{"id":70093,"date":"2024-06-30T11:00:25","date_gmt":"2024-06-30T09:00:25","guid":{"rendered":"https:\/\/miradordeatarfe.es\/?p=70093"},"modified":"2024-06-30T11:20:26","modified_gmt":"2024-06-30T09:20:26","slug":"la-musica-de-los-salvajes-que-triunfa-en-la-ermita-de-los-tres-juanes","status":"publish","type":"post","link":"https:\/\/miradordeatarfe.es\/?p=70093","title":{"rendered":"ATARFE: La &#8216;m\u00fasica de los salvajes&#8217; que triunfa en la Ermita de Los Tres Juanes"},"content":{"rendered":"<h3 class=\"v-p\" style=\"text-align: justify;\">Hasta que la Dixieland Jazz Band public\u00f3 este primer \u00e1lbum el 7 de marzo de 1917, esta m\u00fasica era marginal y estaba perseguida en EE.UU.<\/h3>\n<h3 class=\"v-p\" style=\"text-align: justify;\">Tuvieron que pasar 70 a\u00f1os, desde que el jazz dej\u00f3 los burdeles de Storyville, para que en 1987 el Congreso de los Estados Unidos lo declarara \u00abdestacado modelo de expresi\u00f3n\u00bb y \u00abexcepcional tesoro nacional\u00bb. La XXIII Edici\u00f3n del ya cl\u00e1sico Festival Jazz en el Lago, en esta ocasi\u00f3n, se celebrar\u00e1 un \u00fanico d\u00eda y doble cartel excitante para el 5 de julio a las 20h en el Lago<\/h3>\n<p class=\"v-p\" style=\"text-align: justify;\">El paraje natural de la Ermita de Los Tres Juanes se llenar\u00e1 con los sonidos del mejor Jazz. Por un lado, Paquito D&#8217;Rivera Tr\u00edo junto a \u00c1ngela Cervantes. Hijo del saxofonista y director de orquesta cubano Tito D&#8217;Rivera, empez\u00f3 a estudiar m\u00fasica con cinco a\u00f1os y a los siete ya era un ni\u00f1o prodigio que actuaba en p\u00fablico. Exiliado en Estados Unidos desde los a\u00f1os 80, dirige orquestas y compone sus discos desde Nueva Jersey y dirige el festival uruguayo Jazz de El Tambo. Por primera vez, llega a Oferplan Granada de IDEAL esta cita que no te puedes perder. Te dejamos enlace para que puedas vivir una noche de ensue\u00f1o <a title=\"oferplan.ideal.es\" href=\"https:\/\/oferplan.ideal.es\/ofertas-descuentos\/entrada-xxii-festival-internacional-jazz-lago-20456.html\" target=\"_blank\" rel=\"noopener\" data-voc-vtm-id=\"in-text-traffic\" data-mrf-link=\"https:\/\/oferplan.ideal.es\/ofertas-descuentos\/entrada-xxii-festival-internacional-jazz-lago-20456.html\">a un precio muy especial para nuestros lectore<\/a>s.<\/p>\n<p class=\"v-p\" style=\"text-align: justify;\">Por otro lado, y la misma noche, como viene siendo un cl\u00e1sico cada a\u00f1o, la Big Band de Atarfe llenar\u00e1 el lago de melod\u00edas jazz y swing con ejecuciones impolutas, junto al talentoso pianista granadino de jazz y profesor en Cincinnati Sergio Pamies. La Big Band de Atarfe, nacida en 2007 en la propia Escuela de M\u00fasica Ciudad de Atarfe y dirigida por Roberto Nieto, est\u00e1 considerada una de las mejores orquestas jazz de Andaluc\u00eda. La expresi\u00f3n en ingl\u00e9s big band hace referencia a un grupo amplio de m\u00fasicos de jazz que tocan conjuntamente; puede ser traducida libremente como orquesta de jazz. Las big bands aparecen como tales a finales de los a\u00f1os 1920, aunque su etapa de oro es el periodo comprendido entre 1935 y 1950.<\/p>\n<p class=\"v-p\" style=\"text-align: justify;\"><strong>Un lugar muy singular<\/strong><\/p>\n<p class=\"v-p\" style=\"text-align: justify;\">La Ermita de los Tres Juanes de Atarfe, se erige sobre el denominado Cerro del Castillejo, una elevaci\u00f3n monta\u00f1osa de 864 m que forma parte del \u00abmacizo\u00bb de Sierra Elvira, que se extiende por los t\u00e9rminos municipales de Pinos Puente, Albolote y Atarfe. Si bien mantiene el nombre de ermita, nunca lleg\u00f3 a ser lugar de culto, pero tiene un gran valor y significado para los atarfe\u00f1os puesto que forma parte de su escudo. La construcci\u00f3n del edificio que iba a servir de culto permanente a San Juan Bautista (parece ser que su fundador, un vecino de Atarfe, hall\u00f3 una imagen del santo o se le apareci\u00f3 en unas circunstancias algo especiales) se iniciaron en 1942 quedando inacabadas pocos meses despu\u00e9s debido a la falta de aportaciones econ\u00f3micas.<\/p>\n<p>https:\/\/www.ideal.es\/culturas\/musica-salvajes-triunfa-ermita-tres-juanes-20240611164356-nt.html<\/p>\n","protected":false},"excerpt":{"rendered":"<p>Hasta que la Dixieland Jazz Band public\u00f3 este primer \u00e1lbum el 7 de marzo de&#8230;<\/p>\n","protected":false},"author":1,"featured_media":70094,"comment_status":"closed","ping_status":"closed","sticky":false,"template":"","format":"standard","meta":{"_coblocks_attr":"","_coblocks_dimensions":"","_coblocks_responsive_height":"","_coblocks_accordion_ie_support":"","jetpack_post_was_ever_published":false,"_jetpack_newsletter_access":"","_jetpack_dont_email_post_to_subs":false,"_jetpack_newsletter_tier_id":0,"_jetpack_memberships_contains_paywalled_content":false,"_jetpack_memberships_contains_paid_content":false,"footnotes":"","jetpack_publicize_message":"","jetpack_publicize_feature_enabled":true,"jetpack_social_post_already_shared":false,"jetpack_social_options":{"image_generator_settings":{"template":"highway","default_image_id":0,"enabled":false},"version":2}},"categories":[12,186,44],"tags":[],"class_list":["post-70093","post","type-post","status-publish","format-standard","has-post-thumbnail","hentry","category-cultura","category-instituciones","category-noticias-de-hoy"],"jetpack_publicize_connections":[],"jetpack_featured_media_url":"https:\/\/i0.wp.com\/miradordeatarfe.es\/wp-content\/uploads\/2024\/06\/curvi1-kkGE-U220414485310O5G-1200x840%40Ideal.jpg?fit=1200%2C840&ssl=1","jetpack_likes_enabled":true,"jetpack_sharing_enabled":true,"_links":{"self":[{"href":"https:\/\/miradordeatarfe.es\/index.php?rest_route=\/wp\/v2\/posts\/70093","targetHints":{"allow":["GET"]}}],"collection":[{"href":"https:\/\/miradordeatarfe.es\/index.php?rest_route=\/wp\/v2\/posts"}],"about":[{"href":"https:\/\/miradordeatarfe.es\/index.php?rest_route=\/wp\/v2\/types\/post"}],"author":[{"embeddable":true,"href":"https:\/\/miradordeatarfe.es\/index.php?rest_route=\/wp\/v2\/users\/1"}],"replies":[{"embeddable":true,"href":"https:\/\/miradordeatarfe.es\/index.php?rest_route=%2Fwp%2Fv2%2Fcomments&post=70093"}],"version-history":[{"count":4,"href":"https:\/\/miradordeatarfe.es\/index.php?rest_route=\/wp\/v2\/posts\/70093\/revisions"}],"predecessor-version":[{"id":70344,"href":"https:\/\/miradordeatarfe.es\/index.php?rest_route=\/wp\/v2\/posts\/70093\/revisions\/70344"}],"wp:featuredmedia":[{"embeddable":true,"href":"https:\/\/miradordeatarfe.es\/index.php?rest_route=\/wp\/v2\/media\/70094"}],"wp:attachment":[{"href":"https:\/\/miradordeatarfe.es\/index.php?rest_route=%2Fwp%2Fv2%2Fmedia&parent=70093"}],"wp:term":[{"taxonomy":"category","embeddable":true,"href":"https:\/\/miradordeatarfe.es\/index.php?rest_route=%2Fwp%2Fv2%2Fcategories&post=70093"},{"taxonomy":"post_tag","embeddable":true,"href":"https:\/\/miradordeatarfe.es\/index.php?rest_route=%2Fwp%2Fv2%2Ftags&post=70093"}],"curies":[{"name":"wp","href":"https:\/\/api.w.org\/{rel}","templated":true}]}}